{"id":14231,"date":"2024-08-12T18:04:23","date_gmt":"2024-08-12T18:04:23","guid":{"rendered":"https:\/\/fmamiga909.com.ar\/?p=14231"},"modified":"2024-08-12T18:04:23","modified_gmt":"2024-08-12T18:04:23","slug":"paris-2024-entre-el-euforia-de-macron-y-el-legado-para-el-futuro","status":"publish","type":"post","link":"https:\/\/fmamiga909.com.ar\/?p=14231","title":{"rendered":"Par\u00eds 2024, entre el euforia de Macron y el legado para el futuro"},"content":{"rendered":"<div>\n<p>Conseguir que perduren<b> los grandes legados de los Juegos Ol\u00edmpicos de Par\u00eds es el reto que se plantea el presidente franc\u00e9s, Emmanuel Macron<\/b>, m\u00e1s all\u00e1 de los elogios que lanz\u00f3 a los dem\u00e1s y a \u00e9l mismo por \u00abel \u00e9xito de la organizaci\u00f3n\u00bb.<\/p>\n<p> Macron se esforz\u00f3 este lunes en cubrir de agradecimientos a las decenas de miles de personas que, desde su trabajo o como voluntarias, estuvieron implicadas en unos Juegos que no dud\u00f3 en calificar de<b> \u00abun \u00e9xito de organizaci\u00f3n, de seguridad, un \u00e9xito deportivo y popular\u00bb.<\/b><\/p>\n<p><b>\u00abLos Juegos demostraron el verdadero rostro de Francia\u00bb, <\/b>asegur\u00f3 el mandatario franc\u00e9s en un discurso en los jardines de\u00a0<em>Champs<\/em>&#8211;<em>\u00c9lys\u00e9es<\/em>, en el que insisti\u00f3 en que esa din\u00e1mica \u00abdebe continuar\u00bb y <b>en el que se colg\u00f3 tambi\u00e9n medallas de ese \u00e9xito,<\/b> pese a varios incidentes que opacaron el comienzo de la actividad, aunque con el correr de los d\u00edas los problemas se fueron solucionando.<\/p>\n<p><b>\u00abDurante a\u00f1os y a\u00f1os mucha gente nos dijo que no era posible\u00bb<\/b>, record\u00f3 Macron antes de insistir en que detr\u00e1s del \u00ab\u00e9xito\u00bb que vio todo el mundo hubo a\u00f1os de trabajo, de preparaci\u00f3n. Sobre todo, el presidente subray\u00f3 que aunque la Ceremonia de Clausura tuvo lugar el domingo por la noche,<b> \u00abhabr\u00e1 una herencia\u00bb para los pr\u00f3ximos organizadores de Juegos Ol\u00edmpicos<\/b> -que tendr\u00e1n que tener en cuenta que en Par\u00eds fueron \u00absostenibles\u00bb y con \u00abparidad de g\u00e9nero\u00bb-, pero sobre todo para Francia.<\/p>\n<h2>Un legado especial que puede ampliarse<\/h2>\n<p>A partir de la Asamblea de Buenos Aires 2013,<b> el objetivo del Comit\u00e9 Ol\u00edmpico Internacional (COI) es que cada una de las ciudades sede y, sobre todo, los Juegos dejen un importante legado<\/b> que recuerde el evento.<\/p>\n<p>En el caso de Par\u00eds, <b>el m\u00e1s simb\u00f3lico es la recuperaci\u00f3n del r\u00edo Sena y su afluente, el Marne, para el ba\u00f1o<\/b>, que debe ser posible con car\u00e1cter general el a\u00f1o pr\u00f3ximo tras una inversi\u00f3n de unos 1.400 millones de euros a cargo de varias administraciones en distintas infraestructuras de saneamiento y descontaminaci\u00f3n.<\/p>\n<p>Por el momento,<b> las pruebas disputadas en los Juegos de Par\u00eds dejaron dudas entre los nadadores durante el triatl\u00f3n y las competencias en aguas abiertas<\/b>, en particular porque los entrenamientos tuvieron que ser anulados varias veces porque <b>el agua no estaba en condiciones. <\/b>Incluso, hubo deportistas que denunciaron diferentes malestares despu\u00e9s de competir en las aguas del r\u00edo.<\/p>\n<p>Pero la limpieza del Sena solo es una parte del objetivo de sostenibilidad que caracteriz\u00f3 a estos Juegos,<b> con un 95 % de recintos ya existentes o de car\u00e1cter ef\u00edmero y un importante trabajo de creaci\u00f3n de zonas verdes e instalaciones.<\/b><\/p>\n<p>Los \u00fanicos escenarios deportivos que se construyeron de forma expresa para los Juegos son <b>la Arena de la Porte de la Chapelle<\/b>, donde se disputaron por ejemplo las competiciones de gimnasia r\u00edtmica, <b>y el flamante Centro Acu\u00e1tico levantado junto al Stade de France<\/b>, en en el suburbio de Saint Denis.<\/p>\n<p>La Villa Ol\u00edmpica, entre Saint Denis y Saint Ouen, se transformar\u00e1 en un barrio residencial de 2.800 viviendas, muchas de ellas sociales,<b> y est\u00e1 llena de detalles ecol\u00f3gicos<\/b>, aunque all\u00ed tambi\u00e9n hubo fuertes cr\u00edticas de los deportistas, que <b>se quejaron de que el sistema de refrigeraci\u00f3n era insuficiente<\/b> y que era imposible dormir por el calor durante las noches.<\/p>\n<p>Los Juegos consiguieron tambi\u00e9n una vieja aspiraci\u00f3n de parisinos y turistas: el acceso en subte al aeropuerto de Orly con la extensi\u00f3n de la l\u00ednea 14, la primera que desde su inauguraci\u00f3n en 1998 es autom\u00e1tica. Adem\u00e1s, <b>las extensiones de varias l\u00edneas del metro y los trenes de cercan\u00edas RER van a mejorar la vida cotidiana <\/b>de los habitantes de la regi\u00f3n de Par\u00eds.<\/p>\n<p>El legado puede ampliarse a\u00fan si se cumple el deseo de la alcaldesa, Anne Hidalgo, para que <b>el pebetero instalado en las Tuller\u00edas, y que tanto \u00e9xito de p\u00fablico ha tenido, se quede de forma permanente para convertirse en otro de los m\u00faltiples atractivos<\/b> de Par\u00eds.<\/p>\n<p>Los Juegos Ol\u00edmpicos sirvieron tambi\u00e9n de excusa para tapar una realidad menos reluciente, que son<b> los miles de migrantes sin papeles que malviven en Par\u00eds<\/b> y en su \u00e1rea metropolitana, y cuyas <b>tiendas de campa\u00f1a se pueden ver por cientos debajo de los puentes<\/b>, sobre todo de la periferia, por ejemplo en el canal de Saint Denis que pasa junto al Stade de France.<\/p>\n<p>En una clara operaci\u00f3n de imagen,<b> 5.630 de ellos fueron enviados en las semanas anteriores a centros de acogida en otras regiones de Francia<\/b>, pero la ONG M\u00e9dicos del Mundo se quej\u00f3 de que no pusieron los medios necesarios para reubicarlos. La consecuencia es que<b> muchos de ellos terminaron en la calle y la ONG prev\u00e9 que estar\u00e1n de nuevo en unos d\u00edas en Par\u00eds<\/b>, que muy pronto volver\u00e1 a su ritmo habitual, a la espera de que los Juegos le sigan sirviendo en la vida cotidiana.<\/p>\n<\/div>\n<p><a href=\"https:\/\/www.pagina12.com.ar\/759655-paris-2024-entre-el-euforia-de-macron-y-el-legado-para-el-fu\">source<\/a><\/p>\n","protected":false},"excerpt":{"rendered":"<p>Conseguir que perduren los grandes legados de los Juegos Ol\u00edmpicos de Par\u00eds es el reto&#8230;<\/p>\n","protected":false},"author":3,"featured_media":14232,"comment_status":"closed","ping_status":"closed","sticky":false,"template":"","format":"standard","meta":{"footnotes":""},"categories":[21],"tags":[],"class_list":["post-14231","post","type-post","status-publish","format-standard","has-post-thumbnail","hentry","category-deportes"],"featured_image_urls":{"full":["https:\/\/fmamiga909.com.ar\/wp-content\/uploads\/2024\/08\/wp-header-logo-152.png",960,540,false],"thumbnail":["https:\/\/fmamiga909.com.ar\/wp-content\/uploads\/2024\/08\/wp-header-logo-152-150x150.png",150,150,true],"medium":["https:\/\/fmamiga909.com.ar\/wp-content\/uploads\/2024\/08\/wp-header-logo-152-300x169.png",300,169,true],"medium_large":["https:\/\/fmamiga909.com.ar\/wp-content\/uploads\/2024\/08\/wp-header-logo-152.png",960,540,false],"large":["https:\/\/fmamiga909.com.ar\/wp-content\/uploads\/2024\/08\/wp-header-logo-152.png",640,360,false],"1536x1536":["https:\/\/fmamiga909.com.ar\/wp-content\/uploads\/2024\/08\/wp-header-logo-152.png",960,540,false],"2048x2048":["https:\/\/fmamiga909.com.ar\/wp-content\/uploads\/2024\/08\/wp-header-logo-152.png",960,540,false],"newsium-slider-full":["https:\/\/fmamiga909.com.ar\/wp-content\/uploads\/2024\/08\/wp-header-logo-152.png",960,540,false],"newsium-featured":["https:\/\/fmamiga909.com.ar\/wp-content\/uploads\/2024\/08\/wp-header-logo-152.png",960,540,false],"newsium-medium":["https:\/\/fmamiga909.com.ar\/wp-content\/uploads\/2024\/08\/wp-header-logo-152-720x475.png",720,475,true]},"author_info":{"display_name":"Fredy Giuliano","author_link":"https:\/\/fmamiga909.com.ar\/?author=3"},"category_info":"<a href=\"https:\/\/fmamiga909.com.ar\/?cat=21\" rel=\"category\">Deportes<\/a>","tag_info":"Deportes","comment_count":"0","_links":{"self":[{"href":"https:\/\/fmamiga909.com.ar\/index.php?rest_route=\/wp\/v2\/posts\/14231","targetHints":{"allow":["GET"]}}],"collection":[{"href":"https:\/\/fmamiga909.com.ar\/index.php?rest_route=\/wp\/v2\/posts"}],"about":[{"href":"https:\/\/fmamiga909.com.ar\/index.php?rest_route=\/wp\/v2\/types\/post"}],"author":[{"embeddable":true,"href":"https:\/\/fmamiga909.com.ar\/index.php?rest_route=\/wp\/v2\/users\/3"}],"replies":[{"embeddable":true,"href":"https:\/\/fmamiga909.com.ar\/index.php?rest_route=%2Fwp%2Fv2%2Fcomments&post=14231"}],"version-history":[{"count":0,"href":"https:\/\/fmamiga909.com.ar\/index.php?rest_route=\/wp\/v2\/posts\/14231\/revisions"}],"wp:featuredmedia":[{"embeddable":true,"href":"https:\/\/fmamiga909.com.ar\/index.php?rest_route=\/wp\/v2\/media\/14232"}],"wp:attachment":[{"href":"https:\/\/fmamiga909.com.ar\/index.php?rest_route=%2Fwp%2Fv2%2Fmedia&parent=14231"}],"wp:term":[{"taxonomy":"category","embeddable":true,"href":"https:\/\/fmamiga909.com.ar\/index.php?rest_route=%2Fwp%2Fv2%2Fcategories&post=14231"},{"taxonomy":"post_tag","embeddable":true,"href":"https:\/\/fmamiga909.com.ar\/index.php?rest_route=%2Fwp%2Fv2%2Ftags&post=14231"}],"curies":[{"name":"wp","href":"https:\/\/api.w.org\/{rel}","templated":true}]}}