{"id":14251,"date":"2024-08-13T06:26:04","date_gmt":"2024-08-13T06:26:04","guid":{"rendered":"https:\/\/fmamiga909.com.ar\/?p=14251"},"modified":"2024-08-13T06:26:04","modified_gmt":"2024-08-13T06:26:04","slug":"lautaro-renovo-en-el-inter-hasta-2029","status":"publish","type":"post","link":"https:\/\/fmamiga909.com.ar\/?p=14251","title":{"rendered":"Lautaro renov\u00f3 en el Inter hasta 2029"},"content":{"rendered":"<div>\n<p>El delantero argentino y capit\u00e1n del Inter de Mil\u00e1n, Lautaro Mart\u00ednez, renov\u00f3 su contrato con el club italiano hasta julio de 2029, por lo que el bahiense extendi\u00f3 su v\u00ednculo por tres temporadas m\u00e1s en el \u2018Neroazzurri\u2019.<\/p>\n<p> Luego de lo que fue la conquista de la Copa Am\u00e9rica de Estados Unidos con un gol suyo en la final ante Colombia, el futbolista de 26 a\u00f1os retorn\u00f3 al equipo milan\u00e9s para prepararse de cara a la temporada 2024\/25 y extender su v\u00ednculo con el club italiano por tres a\u00f1os m\u00e1s que, de cumplirlos, superar\u00e1 una d\u00e9cada en el Inter.<\/p>\n<p> El jugador formado en Racing lleg\u00f3 en 2018 a Italia y, desde entonces construy\u00f3 un camino de \u00e9xitos con el Inter, en el que gan\u00f3 siete t\u00edtulos y disput\u00f3 una final de UEFA Champions League. Adem\u00e1s, se consolid\u00f3 como capit\u00e1n del primer equipo desde hace tiempo.<\/p>\n<p> En sus redes sociales, Mart\u00ednez expres\u00f3 su alegr\u00eda por renovar su v\u00ednculo: \u00abNuestros corazones seguir\u00e1n latiendo juntos. Estoy muy feliz de haber ampliado mi contrato con nuestro Inter y orgulloso de tener el privilegio de seguir llevando el brazalete de capit\u00e1n para defender nuestros colores como lo he hecho siempre desde el d\u00eda que llegu\u00e9 a Mil\u00e1n\u00bb.<\/p>\n<p> \u00abTenemos una larga temporada por delante y los necesitamos a todos. Muchas gracias por el apoyo, cari\u00f1o y amor que siempre me han demostrado. Nos veremos pronto\u00bb agreg\u00f3 qui\u00e9n lleva anotados 129 goles en 282 partidos con el Inter.<\/p>\n<\/div>\n<p><a href=\"https:\/\/www.pagina12.com.ar\/759699-lautaro-renovo-en-el-inter-hasta-2029\">source<\/a><\/p>\n","protected":false},"excerpt":{"rendered":"<p>El delantero argentino y capit\u00e1n del Inter de Mil\u00e1n, Lautaro Mart\u00ednez, renov\u00f3 su contrato con&#8230;<\/p>\n","protected":false},"author":3,"featured_media":14252,"comment_status":"closed","ping_status":"closed","sticky":false,"template":"","format":"standard","meta":{"footnotes":""},"categories":[21],"tags":[],"class_list":["post-14251","post","type-post","status-publish","format-standard","has-post-thumbnail","hentry","category-deportes"],"featured_image_urls":{"full":["https:\/\/fmamiga909.com.ar\/wp-content\/uploads\/2024\/08\/wp-header-logo-162.png",960,540,false],"thumbnail":["https:\/\/fmamiga909.com.ar\/wp-content\/uploads\/2024\/08\/wp-header-logo-162-150x150.png",150,150,true],"medium":["https:\/\/fmamiga909.com.ar\/wp-content\/uploads\/2024\/08\/wp-header-logo-162-300x169.png",300,169,true],"medium_large":["https:\/\/fmamiga909.com.ar\/wp-content\/uploads\/2024\/08\/wp-header-logo-162.png",960,540,false],"large":["https:\/\/fmamiga909.com.ar\/wp-content\/uploads\/2024\/08\/wp-header-logo-162.png",640,360,false],"1536x1536":["https:\/\/fmamiga909.com.ar\/wp-content\/uploads\/2024\/08\/wp-header-logo-162.png",960,540,false],"2048x2048":["https:\/\/fmamiga909.com.ar\/wp-content\/uploads\/2024\/08\/wp-header-logo-162.png",960,540,false],"newsium-slider-full":["https:\/\/fmamiga909.com.ar\/wp-content\/uploads\/2024\/08\/wp-header-logo-162.png",960,540,false],"newsium-featured":["https:\/\/fmamiga909.com.ar\/wp-content\/uploads\/2024\/08\/wp-header-logo-162.png",960,540,false],"newsium-medium":["https:\/\/fmamiga909.com.ar\/wp-content\/uploads\/2024\/08\/wp-header-logo-162-720x475.png",720,475,true]},"author_info":{"display_name":"Fredy Giuliano","author_link":"https:\/\/fmamiga909.com.ar\/?author=3"},"category_info":"<a href=\"https:\/\/fmamiga909.com.ar\/?cat=21\" rel=\"category\">Deportes<\/a>","tag_info":"Deportes","comment_count":"0","_links":{"self":[{"href":"https:\/\/fmamiga909.com.ar\/index.php?rest_route=\/wp\/v2\/posts\/14251","targetHints":{"allow":["GET"]}}],"collection":[{"href":"https:\/\/fmamiga909.com.ar\/index.php?rest_route=\/wp\/v2\/posts"}],"about":[{"href":"https:\/\/fmamiga909.com.ar\/index.php?rest_route=\/wp\/v2\/types\/post"}],"author":[{"embeddable":true,"href":"https:\/\/fmamiga909.com.ar\/index.php?rest_route=\/wp\/v2\/users\/3"}],"replies":[{"embeddable":true,"href":"https:\/\/fmamiga909.com.ar\/index.php?rest_route=%2Fwp%2Fv2%2Fcomments&post=14251"}],"version-history":[{"count":0,"href":"https:\/\/fmamiga909.com.ar\/index.php?rest_route=\/wp\/v2\/posts\/14251\/revisions"}],"wp:featuredmedia":[{"embeddable":true,"href":"https:\/\/fmamiga909.com.ar\/index.php?rest_route=\/wp\/v2\/media\/14252"}],"wp:attachment":[{"href":"https:\/\/fmamiga909.com.ar\/index.php?rest_route=%2Fwp%2Fv2%2Fmedia&parent=14251"}],"wp:term":[{"taxonomy":"category","embeddable":true,"href":"https:\/\/fmamiga909.com.ar\/index.php?rest_route=%2Fwp%2Fv2%2Fcategories&post=14251"},{"taxonomy":"post_tag","embeddable":true,"href":"https:\/\/fmamiga909.com.ar\/index.php?rest_route=%2Fwp%2Fv2%2Ftags&post=14251"}],"curies":[{"name":"wp","href":"https:\/\/api.w.org\/{rel}","templated":true}]}}