{"id":14253,"date":"2024-08-13T08:20:49","date_gmt":"2024-08-13T08:20:49","guid":{"rendered":"https:\/\/fmamiga909.com.ar\/?p=14253"},"modified":"2024-08-13T08:20:49","modified_gmt":"2024-08-13T08:20:49","slug":"el-aleman-zverev-jugara-el-argentina-open","status":"publish","type":"post","link":"https:\/\/fmamiga909.com.ar\/?p=14253","title":{"rendered":"El alem\u00e1n Zverev jugar\u00e1 el Argentina Open"},"content":{"rendered":"<div>\n<p>El alem\u00e1n Alexander Zverev, n\u00famero 4 del ranking mundial de la ATP, confirm\u00f3 que participar\u00e1 del Argentina Open que se disputar\u00e1 a partir del 8 de febrero del a\u00f1o que viene en el Lawn Tennis Club de Buenos Aires, lo que significar\u00e1 su primera vez participaci\u00f3n en el certamen nacional.<\/p>\n<p>Tras lo que fue la presencia estelar del espa\u00f1ol Carlos Alcaraz en las \u00faltimas dos ediciones, la organizaci\u00f3n del Abierto de Argentina se movi\u00f3 r\u00e1pido para suplir la baja del actual campe\u00f3n de Roland Garros y logr\u00f3 acordar la participaci\u00f3n del oro ol\u00edmpico en los Juegos Ol\u00edmpicos de Tokio 2020, el alem\u00e1n Zverev.<\/p>\n<p> La llegada del oriundo de Hamburgo a Latinoam\u00e9rica no solo incluye su presencia en el Argentina Open sino que tambi\u00e9n estar\u00e1 en el Abierto de R\u00edo de Janeiro. El tenista de 27 a\u00f1os competir\u00e1 en el continente americano tras su participaci\u00f3n en Australia a principios de 2025. Zverev particip\u00f3 en Buenos Aires de una exhibici\u00f3n junto a Roger Federer en noviembre de 2019, pero hasta ahora nunca hab\u00eda competido de manera oficial.<\/p>\n<p> En sus redes sociales, la cuenta oficial confirm\u00f3 la noticia: \u00abLa edici\u00f3n n\u00famero 25 del Argentina Open ya tiene su primera figura confirmada: el actual n\u00famero 4 del mundo jugar\u00e1 el certamen por primera vez \u00a1Estamos muy felices de tenerte en esta edici\u00f3n tan especial, Sasha!\u00bb.<\/p>\n<\/div>\n<p><a href=\"https:\/\/www.pagina12.com.ar\/759694-el-aleman-zverev-jugara-el-argentina-open\">source<\/a><\/p>\n","protected":false},"excerpt":{"rendered":"<p>El alem\u00e1n Alexander Zverev, n\u00famero 4 del ranking mundial de la ATP, confirm\u00f3 que participar\u00e1&#8230;<\/p>\n","protected":false},"author":3,"featured_media":14254,"comment_status":"closed","ping_status":"closed","sticky":false,"template":"","format":"standard","meta":{"footnotes":""},"categories":[21],"tags":[],"class_list":["post-14253","post","type-post","status-publish","format-standard","has-post-thumbnail","hentry","category-deportes"],"featured_image_urls":{"full":["https:\/\/fmamiga909.com.ar\/wp-content\/uploads\/2024\/08\/wp-header-logo-163.png",960,540,false],"thumbnail":["https:\/\/fmamiga909.com.ar\/wp-content\/uploads\/2024\/08\/wp-header-logo-163-150x150.png",150,150,true],"medium":["https:\/\/fmamiga909.com.ar\/wp-content\/uploads\/2024\/08\/wp-header-logo-163-300x169.png",300,169,true],"medium_large":["https:\/\/fmamiga909.com.ar\/wp-content\/uploads\/2024\/08\/wp-header-logo-163.png",960,540,false],"large":["https:\/\/fmamiga909.com.ar\/wp-content\/uploads\/2024\/08\/wp-header-logo-163.png",640,360,false],"1536x1536":["https:\/\/fmamiga909.com.ar\/wp-content\/uploads\/2024\/08\/wp-header-logo-163.png",960,540,false],"2048x2048":["https:\/\/fmamiga909.com.ar\/wp-content\/uploads\/2024\/08\/wp-header-logo-163.png",960,540,false],"newsium-slider-full":["https:\/\/fmamiga909.com.ar\/wp-content\/uploads\/2024\/08\/wp-header-logo-163.png",960,540,false],"newsium-featured":["https:\/\/fmamiga909.com.ar\/wp-content\/uploads\/2024\/08\/wp-header-logo-163.png",960,540,false],"newsium-medium":["https:\/\/fmamiga909.com.ar\/wp-content\/uploads\/2024\/08\/wp-header-logo-163-720x475.png",720,475,true]},"author_info":{"display_name":"Fredy Giuliano","author_link":"https:\/\/fmamiga909.com.ar\/?author=3"},"category_info":"<a href=\"https:\/\/fmamiga909.com.ar\/?cat=21\" rel=\"category\">Deportes<\/a>","tag_info":"Deportes","comment_count":"0","_links":{"self":[{"href":"https:\/\/fmamiga909.com.ar\/index.php?rest_route=\/wp\/v2\/posts\/14253","targetHints":{"allow":["GET"]}}],"collection":[{"href":"https:\/\/fmamiga909.com.ar\/index.php?rest_route=\/wp\/v2\/posts"}],"about":[{"href":"https:\/\/fmamiga909.com.ar\/index.php?rest_route=\/wp\/v2\/types\/post"}],"author":[{"embeddable":true,"href":"https:\/\/fmamiga909.com.ar\/index.php?rest_route=\/wp\/v2\/users\/3"}],"replies":[{"embeddable":true,"href":"https:\/\/fmamiga909.com.ar\/index.php?rest_route=%2Fwp%2Fv2%2Fcomments&post=14253"}],"version-history":[{"count":0,"href":"https:\/\/fmamiga909.com.ar\/index.php?rest_route=\/wp\/v2\/posts\/14253\/revisions"}],"wp:featuredmedia":[{"embeddable":true,"href":"https:\/\/fmamiga909.com.ar\/index.php?rest_route=\/wp\/v2\/media\/14254"}],"wp:attachment":[{"href":"https:\/\/fmamiga909.com.ar\/index.php?rest_route=%2Fwp%2Fv2%2Fmedia&parent=14253"}],"wp:term":[{"taxonomy":"category","embeddable":true,"href":"https:\/\/fmamiga909.com.ar\/index.php?rest_route=%2Fwp%2Fv2%2Fcategories&post=14253"},{"taxonomy":"post_tag","embeddable":true,"href":"https:\/\/fmamiga909.com.ar\/index.php?rest_route=%2Fwp%2Fv2%2Ftags&post=14253"}],"curies":[{"name":"wp","href":"https:\/\/api.w.org\/{rel}","templated":true}]}}