{"id":14257,"date":"2024-08-13T17:47:25","date_gmt":"2024-08-13T17:47:25","guid":{"rendered":"https:\/\/fmamiga909.com.ar\/?p=14257"},"modified":"2024-08-13T17:47:25","modified_gmt":"2024-08-13T17:47:25","slug":"copa-libertadores-un-san-lorenzo-en-crisis-recibe-hoy-a-atletico-mineiro","status":"publish","type":"post","link":"https:\/\/fmamiga909.com.ar\/?p=14257","title":{"rendered":"Copa Libertadores: un San Lorenzo en crisis recibe hoy a Atl\u00e9tico Mineiro"},"content":{"rendered":"<div>\n<p>En medio de <b>una crisis total que abarca lo deportivo y lo pol\u00edtico, San Lorenzo<\/b> abrir\u00e1 la participaci\u00f3n de los equipos argentinos en los octavos de final de la Copa Libertadores. El equipo que todav\u00eda dirige Leandro Romagnoli <b>recibir\u00e1 desde las 21.30 y con transmisi\u00f3n de Fox Sports a Atl\u00e9tico Mineiro que tiene como t\u00e9cnico a Gabriel Milito<\/b> en una llave que pinta como desfavorable m\u00e1s por el mal momento sanlorencista que por el poder\u00edo que actualmente detenta el conjunto de Belo Horizonte.<b> Gremio-Fluminense desde las 19 en Porto Alegre<\/b> y <b>Colo Colo-Junior de Barranquilla tambi\u00e9n desde las 21.30 en Santiago de Chile<\/b> completar\u00e1n la primera jornada de cruces del m\u00e1ximo torneo continental a nivel de clubes.\u00a0<\/p>\n<p>Tras <b>una semana negra<\/b> en la que V\u00e9lez lo dej\u00f3 al margen de la Copa Argentina y Atl\u00e9tico Tucum\u00e1n de visitante lo derrot\u00f3 por el campeonato en la \u00faltima pelota de la tarde, San Lorenzo qued\u00f3 expuesto. <b>Romagnoli pretendi\u00f3 renunciar y el presidente Marcelo Moretti lo contuvo<\/b> porque no tiene con quien reemplazarlo. Y luego, Moretti oper\u00f3 en fr\u00edo y <b>desplaz\u00f3 a N\u00e9stor Ortigoza de la conducci\u00f3n del f\u00fatbol profesional<\/b> para colocar en su lugar una subcomisi\u00f3n encabezada por el dirigente Julio Lopardo.\u00a0<\/p>\n<p>En el torneo local, <b>San Lorenzo est\u00e1 a tres puntos del \u00faltimo de la tabla (Central C\u00f3rdoba de Santiago del Estero), gan\u00f3 apenas dos de sus \u00faltimos diez partidos <\/b>y es un hecho que en 2025 no jugar\u00e1 las copas continentales y si no mejora su mala campa\u00f1a, tendr\u00e1 que pelear por quedarse en Primera. La desorientaci\u00f3n es tan grande que <b>de los seis refuerzos que se trajeron (y tardaron en habilitar), cuatro son centrodelanteros<\/b> (Andr\u00e9s Vombergar, Nahuel Bustos, Facundo Bruera y Francisco Fydryszewski).\u00a0<\/p>\n<p>Sin Malcolm Braida (lesionado ante V\u00e9lez) pero con Eric Remedi, otro de los lesionados en la Copa Argentina, en la lista de concentrados, <b>Romagnoli dar\u00e1 a conocer a su equipo poco antes del partido aunque es muy posible que no haya grandes variantes respecto de la formaci\u00f3n que cay\u00f3 ante los tucumanos. <\/b>La idea es tratar de ganar por una diferencia que permita afrontar con algun margen de optimismo el desquite del martes venidero en el estadio Mineirao. Un empate y una derrota dejar\u00e1 muy condicionadas las chances sanlorencistas de pasar a los cuartos de final.\u00a0<\/p>\n<p>Por el lado de Mineiro, dos de sus figuras, los delanteros Hulk y el chileno Eduardo Vargas no viajaron a Buenos Aires por estar lesionados y podr\u00edan complicar el armado de\u00a0Gabriel Milito. Con los argentinos<b> Fausto Vera, Renzo Saravia, Rodrigo Battaglia y Mat\u00edas Zaracho<\/b> en su plantel, el \u00abGalo\u00bb viene de igualar el pasado fin de semana 0 a 0 con Cruzeiro por el Brasileirao, marcha octavo con 29 puntos en la tabla de ese torneo a catorce unidades del l\u00edder Botafogo y por ahora est\u00e1 en zona de clasificaci\u00f3n a la Copa Sudamericana de 2025.<\/p>\n<p>Los brasile\u00f1os se adjudicaron ampliamente el grupo G de la Copa con 15 puntos sobre 18 posibles y le ganaron de ida y de vuelta a Rosario Central. \u00abTenemos que tener mucho control emocional y jugar con responsabilidad. <b>No hay que tener miedo, no hay que tener temor. Hay que tener valent\u00eda para jugar y ganar. S\u00e9 lo que es jugar en el estadio de San Lorenzo como jugador y entrenador. S\u00e9 lo que nos espera<\/b>\u00bb coment\u00f3 Milito a su llegada al pa\u00eds.<\/p>\n<\/div>\n<p><a href=\"https:\/\/www.pagina12.com.ar\/759702-copa-libertadores-un-san-lorenzo-en-crisis-recibe-a-atletico\">source<\/a><\/p>\n","protected":false},"excerpt":{"rendered":"<p>En medio de una crisis total que abarca lo deportivo y lo pol\u00edtico, San Lorenzo&#8230;<\/p>\n","protected":false},"author":3,"featured_media":14258,"comment_status":"closed","ping_status":"closed","sticky":false,"template":"","format":"standard","meta":{"footnotes":""},"categories":[21],"tags":[],"class_list":["post-14257","post","type-post","status-publish","format-standard","has-post-thumbnail","hentry","category-deportes"],"featured_image_urls":{"full":["https:\/\/fmamiga909.com.ar\/wp-content\/uploads\/2024\/08\/wp-header-logo-165.png",960,540,false],"thumbnail":["https:\/\/fmamiga909.com.ar\/wp-content\/uploads\/2024\/08\/wp-header-logo-165-150x150.png",150,150,true],"medium":["https:\/\/fmamiga909.com.ar\/wp-content\/uploads\/2024\/08\/wp-header-logo-165-300x169.png",300,169,true],"medium_large":["https:\/\/fmamiga909.com.ar\/wp-content\/uploads\/2024\/08\/wp-header-logo-165.png",960,540,false],"large":["https:\/\/fmamiga909.com.ar\/wp-content\/uploads\/2024\/08\/wp-header-logo-165.png",640,360,false],"1536x1536":["https:\/\/fmamiga909.com.ar\/wp-content\/uploads\/2024\/08\/wp-header-logo-165.png",960,540,false],"2048x2048":["https:\/\/fmamiga909.com.ar\/wp-content\/uploads\/2024\/08\/wp-header-logo-165.png",960,540,false],"newsium-slider-full":["https:\/\/fmamiga909.com.ar\/wp-content\/uploads\/2024\/08\/wp-header-logo-165.png",960,540,false],"newsium-featured":["https:\/\/fmamiga909.com.ar\/wp-content\/uploads\/2024\/08\/wp-header-logo-165.png",960,540,false],"newsium-medium":["https:\/\/fmamiga909.com.ar\/wp-content\/uploads\/2024\/08\/wp-header-logo-165-720x475.png",720,475,true]},"author_info":{"display_name":"Fredy Giuliano","author_link":"https:\/\/fmamiga909.com.ar\/?author=3"},"category_info":"<a href=\"https:\/\/fmamiga909.com.ar\/?cat=21\" rel=\"category\">Deportes<\/a>","tag_info":"Deportes","comment_count":"0","_links":{"self":[{"href":"https:\/\/fmamiga909.com.ar\/index.php?rest_route=\/wp\/v2\/posts\/14257","targetHints":{"allow":["GET"]}}],"collection":[{"href":"https:\/\/fmamiga909.com.ar\/index.php?rest_route=\/wp\/v2\/posts"}],"about":[{"href":"https:\/\/fmamiga909.com.ar\/index.php?rest_route=\/wp\/v2\/types\/post"}],"author":[{"embeddable":true,"href":"https:\/\/fmamiga909.com.ar\/index.php?rest_route=\/wp\/v2\/users\/3"}],"replies":[{"embeddable":true,"href":"https:\/\/fmamiga909.com.ar\/index.php?rest_route=%2Fwp%2Fv2%2Fcomments&post=14257"}],"version-history":[{"count":0,"href":"https:\/\/fmamiga909.com.ar\/index.php?rest_route=\/wp\/v2\/posts\/14257\/revisions"}],"wp:featuredmedia":[{"embeddable":true,"href":"https:\/\/fmamiga909.com.ar\/index.php?rest_route=\/wp\/v2\/media\/14258"}],"wp:attachment":[{"href":"https:\/\/fmamiga909.com.ar\/index.php?rest_route=%2Fwp%2Fv2%2Fmedia&parent=14257"}],"wp:term":[{"taxonomy":"category","embeddable":true,"href":"https:\/\/fmamiga909.com.ar\/index.php?rest_route=%2Fwp%2Fv2%2Fcategories&post=14257"},{"taxonomy":"post_tag","embeddable":true,"href":"https:\/\/fmamiga909.com.ar\/index.php?rest_route=%2Fwp%2Fv2%2Ftags&post=14257"}],"curies":[{"name":"wp","href":"https:\/\/api.w.org\/{rel}","templated":true}]}}