{"id":14263,"date":"2024-08-13T18:38:07","date_gmt":"2024-08-13T18:38:07","guid":{"rendered":"https:\/\/fmamiga909.com.ar\/?p=14263"},"modified":"2024-08-13T18:38:07","modified_gmt":"2024-08-13T18:38:07","slug":"real-madrid-vs-atalanta-con-el-debut-de-mbappe-a-que-hora-y-como-verlo","status":"publish","type":"post","link":"https:\/\/fmamiga909.com.ar\/?p=14263","title":{"rendered":"Real Madrid vs Atalanta, con el debut de Mbapp\u00e9: a qu\u00e9 hora y c\u00f3mo verlo"},"content":{"rendered":"<div>\n<p>La temporada del f\u00fatbol europeo se inaugurar\u00e1 <b>este mi\u00e9rcoles con Supercopa de Europa, protagonizada por el Real Madrid y el Atalanta<\/b> pero, sobre todo, por el franc\u00e9s<b> Kylian Mbapp\u00e9<\/b>, quien estar\u00e1 haciendo su debut absoluto con el Merengue todopoderoso.<\/p>\n<p>El campe\u00f3n de la Champions y el de la Europa League estar\u00e1n chocando <b>desde las 16<\/b> en el Estadio Nacional de Varsovia, en Polonia. La televisaci\u00f3n ir\u00e1 por cuenta de <b>ESPN y Fox Sports.<\/b><\/p>\n<p>Nadie duda que el Real Madrid llega como gran favorito a la cita, aunque no est\u00e1 de m\u00e1s recordar que el <b>Atalanta, donde ataja el exRacing Juan Musso y que en este mercado compr\u00f3 al delantero exTigre Mateo Retegui<\/b>, ya fue de punto a la final de la Europa League y le peg\u00f3 un baile b\u00e1rbaro al Bayer Leverkusen (3 a 0) en la que fue la \u00fanica derrota de los alemanes en la temporada.<\/p>\n<p>Adem\u00e1s, el equipo dirigido por el sabio <b>Carlo Ancelotti <\/b>no tuvo la mejor de las pretemporadas: perdi\u00f3 con el Milan y el Barcelona y venci\u00f3 al Chelsea en su gira estadounidense.<\/p>\n<h2>C\u00f3mo jugar\u00e1 el Real Madrid<\/h2>\n<p><b>Mbapp\u00e9 no estuvo en ninguno de esos amistosos, con lo que ante Atalanta ser\u00e1 su presentaci\u00f3n absoluta con la camiseta del Real.<\/b> El crack franc\u00e9s, autor de 331 goles a sus 25 a\u00f1os, quien jug\u00f3 dos Mundiales y lleg\u00f3 en ambos a la final, o quien suma <b>12 gritos en 14 partidos mundialistas <\/b>y amenaza el r\u00e9cord del alem\u00e1n Miroslav Klose (16) -por citar algunos de sus logros, lleg\u00f3 a Madrid tras varios a\u00f1os de coqueteos entre las partes y su arribo promete potenciar a\u00fan m\u00e1s la hegemon\u00eda del gigante madrile\u00f1o y, de paso, ganar alguna Champions, t\u00edtulo que por ahora le es esquivo.<\/p>\n<p>Se espera que Mbapp\u00e9 comparta ataque con los brasile\u00f1os <b>Vinicius y Rodrygo<\/b>, mientras que en el mediocampo jugar\u00edan el ingl\u00e9s Jude <b>Bellingham<\/b>, el uruguayo Fede <b>Valverde <\/b>y el franc\u00e9s <b>Tchouam\u00e9ni <\/b>-tomando la posta del retirado Toni Kroos-. Habr\u00e1 que ver c\u00f3mo se las ingenia Ancelotti para juntar a estos talentos de no tanta vocaci\u00f3n defensiva. En campo propio estar\u00e1n aguantando los trapos el belga <b>Courtois<\/b>, los centrales <b>R\u00fcdiger y Militao<\/b> y los laterales <b>Carvajal y Mendy<\/b>.<\/p>\n<h2>No se olviden de Endrick<\/h2>\n<p>Adem\u00e1s, en el banco esperar\u00e1 su chance el <b>brasile\u00f1o exPalmeiras Endrick<\/b>, la otra gran apuesta del Real y quien pas\u00f3 un tanto desapercibido con lo de Mbapp\u00e9. Aunque no para las redes sociales, que se est\u00e1n haciendo un fest\u00edn con los (aparentemente sobreactuados) <b>esfuerzos del delantero por mostrarse como un outsider del f\u00fatbol<\/b>. Por caso, su declarada admiraci\u00f3n por el ingl\u00e9s Bobby Charlton (jug\u00f3 entre 1956 y 1979) fue objeto de un sinf\u00edn de parodias.<\/p>\n<div class=\"iframely-embed medium-embedded-content\" data-html=\"Jmx0O2Jsb2NrcXVvdGUgY2xhc3M9InR3aXR0ZXItdHdlZXQiIGRhdGEtZG50PSJ0cnVlIiBhbGlnbj0iY2VudGVyIiZndDsmbHQ7cCBsYW5nPSJlcyIgZGlyPSJsdHIiJmd0O0VuZHJpY2sgdmllbmRvIGp1Z2FyIGEgQm9iYnkgQ2hhcmx0b246ICZsdDthIGhyZWY9Imh0dHBzOi8vdC5jby9xVzhZQkhVOTlJIiZndDtwaWMudHdpdHRlci5jb20vcVc4WUJIVTk5SSZsdDsvYSZndDsgJmx0O2EgaHJlZj0iaHR0cHM6Ly90LmNvL29RYTk4MFdNbnQiJmd0O2h0dHBzOi8vdC5jby9vUWE5ODBXTW50Jmx0Oy9hJmd0OyZsdDsvcCZndDsmYW1wO21kYXNoOyBGdXRib2wgZGUgSW5nbGF0ZXJyYSAoQE1lcmNhZG9fSW5nbGVzKSAmbHQ7YSBocmVmPSJodHRwczovL3R3aXR0ZXIuY29tL01lcmNhZG9fSW5nbGVzL3N0YXR1cy8xODIzMDc1Nzg0OTI1NjAyMDEzP3JlZl9zcmM9dHdzcmMlNUV0ZnciJmd0O0F1Z3VzdCAxMiwgMjAyNCZsdDsvYSZndDsmbHQ7L2Jsb2NrcXVvdGUmZ3Q7CiZsdDtzY3JpcHQgYXN5bmMgc3JjPSJodHRwczovL3BsYXRmb3JtLnR3aXR0ZXIuY29tL3dpZGdldHMuanMiIGNoYXJzZXQ9InV0Zi04IiZndDsmbHQ7L3NjcmlwdCZndDsKCiZsdDtkaXYgY2xhc3M9Im1lZGl1bS1pbnNlcnQtZW1iZWRzLW1ldGEiJmd0OyZsdDtzY3JpcHQgdHlwZT0idGV4dC9qc29uIiZndDt7InVybCI6Imh0dHBzOi8vdHdpdHRlci5jb20vTWVyY2Fkb19JbmdsZXMvc3RhdHVzLzE4MjMwNzU3ODQ5MjU2MDIwMTMiLCJ0eXBlIjoicmljaCIsInZlcnNpb24iOiIxLjAiLCJ0aXRsZSI6IkZ1dGJvbCBkZSBJbmdsYXRlcnJhIG9uIFR3aXR0ZXIgLyBYIiwiYXV0aG9yIjoiRnV0Ym9sIGRlIEluZ2xhdGVycmEiLCJhdXRob3JfdXJsIjoiaHR0cHM6Ly90d2l0dGVyLmNvbS9NZXJjYWRvX0luZ2xlcyIsInByb3ZpZGVyX25hbWUiOiJUd2l0dGVyIiwiZGVzY3JpcHRpb24iOiJFbmRyaWNrIHZpZW5kbyBqdWdhciBhIEJvYmJ5IENoYXJsdG9uOiBwaWMudHdpdHRlci5jb20vcVc4WUJIVTk5SSBodHRwczovL3QuY28vb1FhOTgwV01udOKAlCBGdXRib2wgZGUgSW5nbGF0ZXJyYSAoQE1lcmNhZG9fSW5nbGVzKSBBdWd1c3QgMTIsIDIwMjRcblxuXG4iLCJjYWNoZV9hZ2UiOjg2NDAwLCJvcHRpb25zIjp7Il9oaWRlX21lZGlhIjp7ImxhYmVsIjoiSGlkZSBwaG90b3MsIHZpZGVvcywgYW5kIGNhcmRzIiwidmFsdWUiOmZhbHNlfSwiX3RoZW1lIjp7InZhbHVlIjoiIiwidmFsdWVzIjp7ImRhcmsiOiJVc2UgZGFyayB0aGVtZSJ9fSwiX21heHdpZHRoIjp7InZhbHVlIjoiIiwibGFiZWwiOiJBZGp1c3Qgd2lkdGgiLCJwbGFjZWhvbGRlciI6IjIyMC01NTAsIGluIHB4In19fSZsdDsvc2NyaXB0Jmd0OyZsdDsvZGl2Jmd0Ow==\">\n<a data-iframely-url=\"\" href=\"https:\/\/twitter.com\/Mercado_Ingles\/status\/1823075784925602013\">https:\/\/twitter.com\/Mercado_Ingles\/status\/1823075784925602013<\/a>\n<\/div>\n<h2>Los nombres del Atalanta<\/h2>\n<p>As\u00ed las cosas, <b>Atalanta <\/b>intentar\u00e1 aprovechar que todos los focos estar\u00e1n puestos del lado de enfrente. El equipo dirigido por <b>Gian Piero Gasperoni, otro sabio italiano de la t\u00e1ctica (66 a\u00f1os; uno m\u00e1s que Ancelotti)<\/b> y quien conduce a los de B\u00e9rgamo desde 2016, se movi\u00f3 bien en el mercado y no sufri\u00f3 bajas significativas.<\/p>\n<p><b>Musso <\/b>es n\u00famero puesto en el arco y habr\u00e1 que esperar para ver si sale desde el inicio <b>Retegui<\/b>, comprado por 22 millones de euros al Genoa, donde dej\u00f3 una marca de nueve goles en 31 juegos.<\/p>\n<div align=\"center\">\n<figure role=\"group\" class=\"caption caption-div embedded-entity\"><figcaption>Mateo Retegui durante un amistoso del Atalanta. (Prensa Atalanta)<\/figcaption><\/figure>\n<\/div>\n<p>Como jugadores a seguir, habr\u00e1 que prestarle atenci\u00f3n al l\u00edder de la <b>l\u00ednea de cinco defensores, el central albano Berat Djimsiti<\/b>, al neerland\u00e9s Marten de Roon, capit\u00e1n del equipo y clave en el medio, y en ataque, al elegante belga De Ketelaere (comprado al Milan tras un a\u00f1o a pr\u00e9stamo) y, por supuesto, <b>al nigeriano Ademola Lookman, autor de los tres goles al Leverkusen que le dieron al Atalanta el segundo t\u00edtulo de su historia (el otro, la Copa Italia 1963)<\/b>.<\/p>\n<\/div>\n<p><script async src=\"\/\/platform.twitter.com\/widgets.js\" charset=\"utf-8\"><\/script><br \/><a href=\"https:\/\/www.pagina12.com.ar\/759906-real-madrid-vs-atalanta-con-el-debut-de-mbappe-a-que-hora-y-\">source<\/a><\/p>\n","protected":false},"excerpt":{"rendered":"<p>La temporada del f\u00fatbol europeo se inaugurar\u00e1 este mi\u00e9rcoles con Supercopa de Europa, protagonizada por&#8230;<\/p>\n","protected":false},"author":3,"featured_media":14264,"comment_status":"closed","ping_status":"closed","sticky":false,"template":"","format":"standard","meta":{"footnotes":""},"categories":[21],"tags":[],"class_list":["post-14263","post","type-post","status-publish","format-standard","has-post-thumbnail","hentry","category-deportes"],"featured_image_urls":{"full":["https:\/\/fmamiga909.com.ar\/wp-content\/uploads\/2024\/08\/wp-header-logo-168.png",960,540,false],"thumbnail":["https:\/\/fmamiga909.com.ar\/wp-content\/uploads\/2024\/08\/wp-header-logo-168-150x150.png",150,150,true],"medium":["https:\/\/fmamiga909.com.ar\/wp-content\/uploads\/2024\/08\/wp-header-logo-168-300x169.png",300,169,true],"medium_large":["https:\/\/fmamiga909.com.ar\/wp-content\/uploads\/2024\/08\/wp-header-logo-168.png",960,540,false],"large":["https:\/\/fmamiga909.com.ar\/wp-content\/uploads\/2024\/08\/wp-header-logo-168.png",640,360,false],"1536x1536":["https:\/\/fmamiga909.com.ar\/wp-content\/uploads\/2024\/08\/wp-header-logo-168.png",960,540,false],"2048x2048":["https:\/\/fmamiga909.com.ar\/wp-content\/uploads\/2024\/08\/wp-header-logo-168.png",960,540,false],"newsium-slider-full":["https:\/\/fmamiga909.com.ar\/wp-content\/uploads\/2024\/08\/wp-header-logo-168.png",960,540,false],"newsium-featured":["https:\/\/fmamiga909.com.ar\/wp-content\/uploads\/2024\/08\/wp-header-logo-168.png",960,540,false],"newsium-medium":["https:\/\/fmamiga909.com.ar\/wp-content\/uploads\/2024\/08\/wp-header-logo-168-720x475.png",720,475,true]},"author_info":{"display_name":"Fredy Giuliano","author_link":"https:\/\/fmamiga909.com.ar\/?author=3"},"category_info":"<a href=\"https:\/\/fmamiga909.com.ar\/?cat=21\" rel=\"category\">Deportes<\/a>","tag_info":"Deportes","comment_count":"0","_links":{"self":[{"href":"https:\/\/fmamiga909.com.ar\/index.php?rest_route=\/wp\/v2\/posts\/14263","targetHints":{"allow":["GET"]}}],"collection":[{"href":"https:\/\/fmamiga909.com.ar\/index.php?rest_route=\/wp\/v2\/posts"}],"about":[{"href":"https:\/\/fmamiga909.com.ar\/index.php?rest_route=\/wp\/v2\/types\/post"}],"author":[{"embeddable":true,"href":"https:\/\/fmamiga909.com.ar\/index.php?rest_route=\/wp\/v2\/users\/3"}],"replies":[{"embeddable":true,"href":"https:\/\/fmamiga909.com.ar\/index.php?rest_route=%2Fwp%2Fv2%2Fcomments&post=14263"}],"version-history":[{"count":0,"href":"https:\/\/fmamiga909.com.ar\/index.php?rest_route=\/wp\/v2\/posts\/14263\/revisions"}],"wp:featuredmedia":[{"embeddable":true,"href":"https:\/\/fmamiga909.com.ar\/index.php?rest_route=\/wp\/v2\/media\/14264"}],"wp:attachment":[{"href":"https:\/\/fmamiga909.com.ar\/index.php?rest_route=%2Fwp%2Fv2%2Fmedia&parent=14263"}],"wp:term":[{"taxonomy":"category","embeddable":true,"href":"https:\/\/fmamiga909.com.ar\/index.php?rest_route=%2Fwp%2Fv2%2Fcategories&post=14263"},{"taxonomy":"post_tag","embeddable":true,"href":"https:\/\/fmamiga909.com.ar\/index.php?rest_route=%2Fwp%2Fv2%2Ftags&post=14263"}],"curies":[{"name":"wp","href":"https:\/\/api.w.org\/{rel}","templated":true}]}}