{"id":14271,"date":"2024-08-14T05:39:20","date_gmt":"2024-08-14T05:39:20","guid":{"rendered":"https:\/\/fmamiga909.com.ar\/?p=14271"},"modified":"2024-08-14T05:39:20","modified_gmt":"2024-08-14T05:39:20","slug":"copa-libertadores-talleres-river-primer-movimiento-de-un-duelo-con-mucho-en-juego","status":"publish","type":"post","link":"https:\/\/fmamiga909.com.ar\/?p=14271","title":{"rendered":"Copa Libertadores: Talleres-River, primer movimiento de un duelo con mucho en juego"},"content":{"rendered":"<div>\n<p>Les hubiera gustado a <b>Talleres <\/b>y a <b>River <\/b>llegar mejor de lo que llegan. Pero el partido de ida por los <b>octavos de final de la Copa Libertadores de Am\u00e9rica que se jugar\u00e1 este mi\u00e9rcoles desde las 21:30<\/b> en el estadio Mario Kempes de C\u00f3rdoba con televisaci\u00f3n de Fox<b> Sports y la plataforma Disney+\u00a0<\/b>los sorprende en un per\u00edodo de ajustes.<\/p>\n<p>Despu\u00e9s del receso por Copa Am\u00e9rica, <b>Talleres no ha podido ganar en el campeonato local (una derrota y cuatro empates consecutivos).<\/b> El equipo ha perdido rendimiento y varias de sus mejores individualidades o est\u00e1n lesionadas o no atraviesan su mejor momento.<\/p>\n<p><b><br \/>River, por su parte, jugar\u00e1 el segundo partido del segundo ciclo de Marcelo Gallardo<\/b> como director t\u00e9cnico. Y est\u00e1 en proceso de recomposici\u00f3n despu\u00e9s del abrupto cierre de la etapa de Mart\u00edn Demichelis. El empate 1 a 1 del s\u00e1bado ante Hurac\u00e1n en el Monumental puso en evidencia <b>todo lo que le falta al equipo y todo lo que tendr\u00e1 que trabajar para Gallardo<\/b> para armar una expresi\u00f3n competitiva que avance en el campeonato y sobre todo en la Copa, que otra vez es la medida de todas las cosas del mundo riverplatense.<\/p>\n<p>Aunque la formaci\u00f3n se oficializar\u00e1 al llegar al estadio, se sabe que <b>en River debutar\u00e1 como lateral derecho el cordob\u00e9s Fabricio Bustos<\/b>, quien reci\u00e9n se incorpor\u00f3 este lunes a las pr\u00e1cticas pero llega con ritmo competitivo desde Internacional de Porto Alegre. <b>Germ\u00e1n Pezzella volver\u00e1 a ser el primer marcador central <\/b>y a partir de all\u00ed empiezan las especulaciones. <b>Mat\u00edas Kranevitter<\/b> posiblemente ir\u00e1 como volante central en lugar de<b> Felipe Pe\u00f1a Biafore,<\/b> quien no fue incluido en la lista para la Copa, y est\u00e1 en duda <b>Claudio Echeverri,<\/b> quien sali\u00f3 el s\u00e1bado con una molestia muscular.<\/p>\n<p><b>La otra duda pasa por el acompa\u00f1ante del paraguayo Adam Bareiro en el ataque. Podr\u00eda volver a ser Pablo Solari,<\/b> pero no se descarta que Gallardo engorde el mediocampo y haga jugar por la derecha a <b>Nacho Fern\u00e1ndez<\/b> o a <b>Santiago Sim\u00f3n.<\/b><\/p>\n<div align=\"center\">\n<figure role=\"group\" class=\"caption caption-div embedded-entity\"><figcaption>Walter \u00abTino\u00bb Ribonetto, DT de Talleres. (Fotobaires)<\/figcaption><\/figure>\n<\/div>\n<p>Lo que s\u00ed es un hecho (o casi) es que <b>Franco Mastantuono<\/b> ir\u00e1 desde el arranque para moverse por detr\u00e1s de Bareiro. Para el desquite dentro de una semana en el Monumental<b>, se espera que pueda llegar con lo justo el goleador colombiano Miguel Borja,<\/b> apartado por una lesi\u00f3n, y Maximiliano Meza, otra de las incorporaciones gestionadas por Gallardo, que ya fue habilitado por la Conmebol.<\/p>\n<p><b>Talleres tampoco tiene en claro su formaci\u00f3n inicia<\/b>l. El paraguayo <b>Ram\u00f3n Sosa, figura del equipo la temporada pasada,<\/b>\u00a0no ser\u00e1 de la partida porque sigue presionando con su inminente pase al Nottingham Forest de inglaterra. Y<b> <\/b>no se descarta que a \u00faltimo momento pueda jugar o al menos tener algunos minutos el enganche <b>Rub\u00e9n Botta<\/b>, que no jug\u00f3 los \u00faltimos tres partidos por un desgarro. Sea como fuere, los albiazules cordobeses necesitar\u00e1n sacar una buena diferencia y desde luego no perder, para ir con chances s\u00f3lidas al desquite del mi\u00e9rcoles venidero en el Monumental.<\/p>\n<h2>Formaciones probables, hora y TV<\/h2>\n<ul>\n<li><b>RIVER: <\/b>Armani; Bustos, Pezzella, P. D\u00edaz, E. D\u00edaz o Casco; Kranevitter, Aliendro, Mastantuono, Echeverri o Lanzini; Solari o I. Fern\u00e1ndez o Sim\u00f3n, Bareiro. <b>DT:<\/b> Gallardo.<\/li>\n<li><b>TALLERES:<\/b> Herrera; Benav\u00eddez, Catal\u00e1n, Su\u00e1rez, Riveros; Portillo, Ortegoza, Portilla; Barticciotto, A. Mart\u00ednez o Botta; Girotti. <b>DT: <\/b>Ribonetto.<\/li>\n<li><b>Estadio: <\/b>Mario Alberto Kempes (C\u00f3rdoba).<b> \u00c1rbitro: <\/b>Andr\u00e9s Rojas (Colombia). <b>Hora:<\/b> 21:30. <b>TV:<\/b> Fox Sports y Disney+.<\/li>\n<\/ul>\n<\/div>\n<p><a href=\"https:\/\/www.pagina12.com.ar\/759940-copa-libertadores-talleres-river-primer-movimiento-de-un-due\">source<\/a><\/p>\n","protected":false},"excerpt":{"rendered":"<p>Les hubiera gustado a Talleres y a River llegar mejor de lo que llegan. Pero&#8230;<\/p>\n","protected":false},"author":3,"featured_media":14272,"comment_status":"closed","ping_status":"closed","sticky":false,"template":"","format":"standard","meta":{"footnotes":""},"categories":[21],"tags":[],"class_list":["post-14271","post","type-post","status-publish","format-standard","has-post-thumbnail","hentry","category-deportes"],"featured_image_urls":{"full":["https:\/\/fmamiga909.com.ar\/wp-content\/uploads\/2024\/08\/wp-header-logo-172.png",960,540,false],"thumbnail":["https:\/\/fmamiga909.com.ar\/wp-content\/uploads\/2024\/08\/wp-header-logo-172-150x150.png",150,150,true],"medium":["https:\/\/fmamiga909.com.ar\/wp-content\/uploads\/2024\/08\/wp-header-logo-172-300x169.png",300,169,true],"medium_large":["https:\/\/fmamiga909.com.ar\/wp-content\/uploads\/2024\/08\/wp-header-logo-172.png",960,540,false],"large":["https:\/\/fmamiga909.com.ar\/wp-content\/uploads\/2024\/08\/wp-header-logo-172.png",640,360,false],"1536x1536":["https:\/\/fmamiga909.com.ar\/wp-content\/uploads\/2024\/08\/wp-header-logo-172.png",960,540,false],"2048x2048":["https:\/\/fmamiga909.com.ar\/wp-content\/uploads\/2024\/08\/wp-header-logo-172.png",960,540,false],"newsium-slider-full":["https:\/\/fmamiga909.com.ar\/wp-content\/uploads\/2024\/08\/wp-header-logo-172.png",960,540,false],"newsium-featured":["https:\/\/fmamiga909.com.ar\/wp-content\/uploads\/2024\/08\/wp-header-logo-172.png",960,540,false],"newsium-medium":["https:\/\/fmamiga909.com.ar\/wp-content\/uploads\/2024\/08\/wp-header-logo-172-720x475.png",720,475,true]},"author_info":{"display_name":"Fredy Giuliano","author_link":"https:\/\/fmamiga909.com.ar\/?author=3"},"category_info":"<a href=\"https:\/\/fmamiga909.com.ar\/?cat=21\" rel=\"category\">Deportes<\/a>","tag_info":"Deportes","comment_count":"0","_links":{"self":[{"href":"https:\/\/fmamiga909.com.ar\/index.php?rest_route=\/wp\/v2\/posts\/14271","targetHints":{"allow":["GET"]}}],"collection":[{"href":"https:\/\/fmamiga909.com.ar\/index.php?rest_route=\/wp\/v2\/posts"}],"about":[{"href":"https:\/\/fmamiga909.com.ar\/index.php?rest_route=\/wp\/v2\/types\/post"}],"author":[{"embeddable":true,"href":"https:\/\/fmamiga909.com.ar\/index.php?rest_route=\/wp\/v2\/users\/3"}],"replies":[{"embeddable":true,"href":"https:\/\/fmamiga909.com.ar\/index.php?rest_route=%2Fwp%2Fv2%2Fcomments&post=14271"}],"version-history":[{"count":0,"href":"https:\/\/fmamiga909.com.ar\/index.php?rest_route=\/wp\/v2\/posts\/14271\/revisions"}],"wp:featuredmedia":[{"embeddable":true,"href":"https:\/\/fmamiga909.com.ar\/index.php?rest_route=\/wp\/v2\/media\/14272"}],"wp:attachment":[{"href":"https:\/\/fmamiga909.com.ar\/index.php?rest_route=%2Fwp%2Fv2%2Fmedia&parent=14271"}],"wp:term":[{"taxonomy":"category","embeddable":true,"href":"https:\/\/fmamiga909.com.ar\/index.php?rest_route=%2Fwp%2Fv2%2Fcategories&post=14271"},{"taxonomy":"post_tag","embeddable":true,"href":"https:\/\/fmamiga909.com.ar\/index.php?rest_route=%2Fwp%2Fv2%2Ftags&post=14271"}],"curies":[{"name":"wp","href":"https:\/\/api.w.org\/{rel}","templated":true}]}}