{"id":14422,"date":"2024-08-19T11:37:54","date_gmt":"2024-08-19T11:37:54","guid":{"rendered":"https:\/\/fmamiga909.com.ar\/?p=14422"},"modified":"2024-08-19T11:37:54","modified_gmt":"2024-08-19T11:37:54","slug":"horacio-zeballos-se-despidio-de-cincinnati-pero-se-acerca-a-la-davis","status":"publish","type":"post","link":"https:\/\/fmamiga909.com.ar\/?p=14422","title":{"rendered":"Horacio Zeballos se despidi\u00f3 de Cincinnati pero&#8230; \u00bfse acerca a la Davis?"},"content":{"rendered":"<div>\n<p><b><a href=\"https:\/\/www.pagina12.com.ar\/tags\/3890-horacio-zeballos\">Horacio Zeballos<\/a>, <\/b>el doblista n\u00famero uno del mundo<b>,\u00a0se despidi\u00f3 este domingo en las semifinales del Masters 1000 de Cincinnati, en Ohio, tras perder\u00a07-6 (8) y 7-6 (9)<\/b>, junto con su compa\u00f1ero espa\u00f1ol Marcel Granollers, ante los estadounidenses Mackenzie McDonald y Alex Michelsen.<\/p>\n<p>Si bien el marplatense de 39 a\u00f1os cort\u00f3 una racha de seis victorias consecutivas, dado que <b>ven\u00eda de conquistar su octavo Masters 1000 en Montreal<\/b>, redonde\u00f3 fruct\u00edfera gira previa al US Open con<b> la seguridad de seguir en la cima del ranking ATP al menos hasta el \u00faltimo Grand Slam de la temporada.<\/b><\/p>\n<p>El creciente nivel del zurdo, <b>habitu\u00e9 en las instancias finales de los torneos m\u00e1s relevantes del circuito<\/b>, acaso haya obligado a recalcular ciertas decisiones en las entra\u00f1as del tenis argentino: <b>\u00bfvolver\u00e1 al equipo de la Copa Davis para disputar las Finales en Manchester?<\/b><\/p>\n<p>El capit\u00e1n nacional\u00a0<b><a href=\"https:\/\/www.pagina12.com.ar\/tags\/24510-guillermo-coria\">Guillermo Coria<\/a><\/b>\u00a0hab\u00eda entregado la n\u00f3mina de Argentina para la fase de grupos, que ser\u00e1 del 10 al 15 de septiembre en la ciudad de Inglaterra ante\u00a0Canad\u00e1, Finlandia y Gran Breta\u00f1a,\u00a0<b><a href=\"https:\/\/www.pagina12.com.ar\/744760-donde-manda-capitan-no-manda-ni-el-numero-uno-horacio-zeball\">la misma y resonante ausencia del plantel que actu\u00f3, y qued\u00f3 lejos de las medallas, en los Juegos Ol\u00edmpicos<\/a><\/b> de Par\u00eds 2024: la del propio Zeballos, <b>el actual mejor doblista del mundo<\/b> y de la historia del tenis argentino.<\/p>\n<p>El conductor del equipo hab\u00eda dado a conocer la lista de convocados a trav\u00e9s de un anuncio difundido por correo electr\u00f3nico y<b> sin presencia en las redes sociales oficiales de la Asociaci\u00f3n Argentina de Tenis (AAT), <\/b>que\u00a0suele publicar cada n\u00f3mina con un dise\u00f1o original y con im\u00e1genes de los jugadores elegidos. Y lo hizo el mismo d\u00eda que tuvo el foco deportivo en tres grandes acontecimientos: todas las miradas estaban puestas en\u00a0<b><a href=\"https:\/\/www.pagina12.com.ar\/752024-wimbledon-alcaraz-se-quedo-con-el-titulo-frente-a-djokovic\">la final de Wimbledon<\/a><\/b>, la de la Eurocopa y <b><a href=\"https:\/\/www.pagina12.com.ar\/752244-copa-america-argentina-derroto-a-colombia-y-festejo-el-titul\">la de la Copa Am\u00e9rica que consagr\u00f3 a la Selecci\u00f3n Argentina.<\/a>\u00a0P<\/b><b>ara algunos pudo haber pasado desapercibido.<\/b><\/p>\n<p><b>El plantel confirmado para buscar el pase a la fase final por la ensaladera,<\/b> a disputarse del 19 al 24 de noviembre pr\u00f3ximos en M\u00e1laga, estaba integrado por <b>Sebasti\u00e1n B\u00e1ez (20\u00b0),\u00a0<\/b><b>Francisco Cer\u00fandolo (27\u00b0),\u00a0<\/b><b>Tom\u00e1s Etcheverry (37\u00b0) y los doblistas Andr\u00e9s Molteni (20\u00b0) y M\u00e1ximo Gonz\u00e1lez (24\u00b0)<\/b>.<\/p>\n<p><b>Coria, que estaba en la final de la Copa Am\u00e9rica en Miami<\/b>, le comunic\u00f3 con un mensaje de texto a Zeballos \u2013quien tambi\u00e9n hab\u00eda asistido con su familia a la consagraci\u00f3n de Messi y compa\u00f1\u00eda\u2013\u00a0<b>que har\u00eda oficial el plantel por obligaci\u00f3n,<\/b> en torno a los plazos que hab\u00eda establecido la Federaci\u00f3n Internacional de Tenis (ITF).<\/p>\n<p><b>\u00abEs el mismo equipo que nos represent\u00f3 en las \u00faltimas series, el que nos trajo hasta ac\u00e1.<\/b> Es importante aclarar que cumplimos con los plazos de la organizaci\u00f3n\u00bb, <b>justificaba el capit\u00e1n <\/b>la ausencia del hombre surgido en el Edison Lawn Tenis de Mar del Plata.<\/p>\n<p>El capit\u00e1n, sin embargo, podr\u00eda realizar <b>hasta cuatro cambios hasta el lunes previo a la competencia <\/b>\u20139 de septiembre\u2013. M\u00e1s all\u00e1 de la pol\u00e9mica que hab\u00eda generado que Zeballos quedara de nuevo afuera del equipo, <b>incluso cuando siempre se mantuvo a disposici\u00f3n<\/b>, hab\u00eda una puerta entreabierta. El Mago parece haber optado por la apertura: durante el torneo de Cincinnati <b>se comunic\u00f3 con Zeballos para \u00abhablar de la Davis\u00bb y ambas partes acordaron en hablar luego del certamen<\/b>, dado que el zurdo todav\u00eda estaba en competencia. <b>\u00bfSe acerca su regreso al equipo?<\/b><\/p>\n<p>La decisi\u00f3n sostenida de marginar a Zeballos arrastra un alto costo: <b>la opini\u00f3n p\u00fablica del ecosistema del tenis se pregunta constantemente cu\u00e1l es la justificaci\u00f3n de la ausencia<\/b> ante el<b>\u00a0<\/b>creciente nivel de competencia del propio jugador. Sin desmerecer al resto de los doblistas del plantel, que se ganaron el m\u00e9rito por ellos mismos, <b>no existe argumento deportivo para la no convocatoria del zurdo.<\/b><\/p>\n<p>La pregunta, quiz\u00e1 hasta ret\u00f3rica, emerge por s\u00ed sola: si Zeballos volviera, <b>\u00bfentonces qu\u00e9 cambi\u00f3 en la cabeza de Coria\u00a0<\/b>si el nivel del zurdo, quien ya era el n\u00famero uno cuando qued\u00f3 afuera de la n\u00f3mina de los Juegos Ol\u00edmpicos, es el mismo que el de hace un mes? Llama la atenci\u00f3n porque los doblistas predilectos del capit\u00e1n siguen juntos en el circuito. Si todo es igual, si nada cambi\u00f3, <b>\u00bfpor qu\u00e9 Zeballos no fue a Par\u00eds 2024 y eventualmente volver\u00eda ahora, en una segunda instancia, para la Davis?<\/b> \u00bfAcaso las cr\u00edticas en el micromundo de las raquetas provocaron alg\u00fan efecto?<\/p>\n<p>En el anuncio del equipo para los Juegos Ol\u00edmpicos del mes pasado y en el comunicado inicial para la Davis hubo un denominador com\u00fan: <b>las suspicacias extradeportivas.\u00a0<\/b>Hubo quienes arriesgaron que la ausencia de Zeballos respond\u00eda a un aparente conflicto de inter\u00e9s. Si bien Molteni y Machi Gonz\u00e1lez conforman una dupla de buen nivel, tambi\u00e9n es cierto que <b>integran la carpeta de jugadores representados por la agencia Summa Sports, <\/b>cuya figura de mayor preponderancia es nada menos que <b>Mariano Zabaleta, el vicepresidente de la AAT.<\/b><\/p>\n<p>La informaci\u00f3n complementaria es que Summa no s\u00f3lo representa tambi\u00e9n a Etcheverry \u2013si se mantuviera afuera Zeballos\u00a0<b>el 60 por ciento del plantel de la Davis pertenecer\u00eda a la agencia<\/b> de uno de los m\u00e1ximos dirigentes de la Asociaci\u00f3n\u2013 sino tambi\u00e9n a\u00a0<b>Federico Coria,<\/b> actual 80\u00b0 del ranking ATP y <b>hermano del mism\u00edsimo capit\u00e1n.<\/b><\/p>\n<p><a href=\"\/cdn-cgi\/l\/email-protection\" class=\"__cf_email__\" data-cfemail=\"3141505c505d575845505f5e71415056585f5000031f525e5c1f5043\">[email\u00a0protected]<\/a><\/p>\n<\/div>\n<p><a href=\"https:\/\/www.pagina12.com.ar\/761094-horacio-zeballos-se-despidio-de-cincinnati-pero-se-acerca-a-\">source<\/a><\/p>\n","protected":false},"excerpt":{"rendered":"<p>Horacio Zeballos, el doblista n\u00famero uno del mundo,\u00a0se despidi\u00f3 este domingo en las semifinales del&#8230;<\/p>\n","protected":false},"author":3,"featured_media":14423,"comment_status":"closed","ping_status":"closed","sticky":false,"template":"","format":"standard","meta":{"footnotes":""},"categories":[21],"tags":[],"class_list":["post-14422","post","type-post","status-publish","format-standard","has-post-thumbnail","hentry","category-deportes"],"featured_image_urls":{"full":["https:\/\/fmamiga909.com.ar\/wp-content\/uploads\/2024\/08\/wp-header-logo-238.png",960,540,false],"thumbnail":["https:\/\/fmamiga909.com.ar\/wp-content\/uploads\/2024\/08\/wp-header-logo-238-150x150.png",150,150,true],"medium":["https:\/\/fmamiga909.com.ar\/wp-content\/uploads\/2024\/08\/wp-header-logo-238-300x169.png",300,169,true],"medium_large":["https:\/\/fmamiga909.com.ar\/wp-content\/uploads\/2024\/08\/wp-header-logo-238.png",960,540,false],"large":["https:\/\/fmamiga909.com.ar\/wp-content\/uploads\/2024\/08\/wp-header-logo-238.png",640,360,false],"1536x1536":["https:\/\/fmamiga909.com.ar\/wp-content\/uploads\/2024\/08\/wp-header-logo-238.png",960,540,false],"2048x2048":["https:\/\/fmamiga909.com.ar\/wp-content\/uploads\/2024\/08\/wp-header-logo-238.png",960,540,false],"newsium-slider-full":["https:\/\/fmamiga909.com.ar\/wp-content\/uploads\/2024\/08\/wp-header-logo-238.png",960,540,false],"newsium-featured":["https:\/\/fmamiga909.com.ar\/wp-content\/uploads\/2024\/08\/wp-header-logo-238.png",960,540,false],"newsium-medium":["https:\/\/fmamiga909.com.ar\/wp-content\/uploads\/2024\/08\/wp-header-logo-238-720x475.png",720,475,true]},"author_info":{"display_name":"Fredy Giuliano","author_link":"https:\/\/fmamiga909.com.ar\/?author=3"},"category_info":"<a href=\"https:\/\/fmamiga909.com.ar\/?cat=21\" rel=\"category\">Deportes<\/a>","tag_info":"Deportes","comment_count":"0","_links":{"self":[{"href":"https:\/\/fmamiga909.com.ar\/index.php?rest_route=\/wp\/v2\/posts\/14422","targetHints":{"allow":["GET"]}}],"collection":[{"href":"https:\/\/fmamiga909.com.ar\/index.php?rest_route=\/wp\/v2\/posts"}],"about":[{"href":"https:\/\/fmamiga909.com.ar\/index.php?rest_route=\/wp\/v2\/types\/post"}],"author":[{"embeddable":true,"href":"https:\/\/fmamiga909.com.ar\/index.php?rest_route=\/wp\/v2\/users\/3"}],"replies":[{"embeddable":true,"href":"https:\/\/fmamiga909.com.ar\/index.php?rest_route=%2Fwp%2Fv2%2Fcomments&post=14422"}],"version-history":[{"count":0,"href":"https:\/\/fmamiga909.com.ar\/index.php?rest_route=\/wp\/v2\/posts\/14422\/revisions"}],"wp:featuredmedia":[{"embeddable":true,"href":"https:\/\/fmamiga909.com.ar\/index.php?rest_route=\/wp\/v2\/media\/14423"}],"wp:attachment":[{"href":"https:\/\/fmamiga909.com.ar\/index.php?rest_route=%2Fwp%2Fv2%2Fmedia&parent=14422"}],"wp:term":[{"taxonomy":"category","embeddable":true,"href":"https:\/\/fmamiga909.com.ar\/index.php?rest_route=%2Fwp%2Fv2%2Fcategories&post=14422"},{"taxonomy":"post_tag","embeddable":true,"href":"https:\/\/fmamiga909.com.ar\/index.php?rest_route=%2Fwp%2Fv2%2Ftags&post=14422"}],"curies":[{"name":"wp","href":"https:\/\/api.w.org\/{rel}","templated":true}]}}