{"id":14453,"date":"2024-08-20T09:44:39","date_gmt":"2024-08-20T09:44:39","guid":{"rendered":"https:\/\/fmamiga909.com.ar\/?p=14453"},"modified":"2024-08-20T09:44:39","modified_gmt":"2024-08-20T09:44:39","slug":"cronica-de-un-rechazo-zeballos-declino-el-llamado-de-coria-para-la-copa-davis","status":"publish","type":"post","link":"https:\/\/fmamiga909.com.ar\/?p=14453","title":{"rendered":"Cr\u00f3nica de un rechazo: Zeballos declin\u00f3 el llamado de Coria para la Copa Davis"},"content":{"rendered":"<div>\n<p><b><a href=\"https:\/\/www.pagina12.com.ar\/tags\/3890-horacio-zeballos\">Horacio Zeballos<\/a>, <\/b>el doblista n\u00famero uno del mundo, <b>rechaz\u00f3 el llamado de Guillermo Coria para integrar el equipo de Copa Davis <\/b>que jugar\u00e1, del 10 al 15 de septiembre pr\u00f3ximos en Manchester, la fase de grupos de las Finales, en la que Argentina compartir\u00e1 la zona con\u00a0<b>Canad\u00e1, Finlandia y Gran Breta\u00f1a. <\/b>La negativa esconde <b>una historia de v\u00ednculos partidos y una doble llamada \u00abfuera de timing\u00bb<\/b> por parte del capit\u00e1n nacional.<\/p>\n<p><b>\u00abLa\u00a0relaci\u00f3n con el capit\u00e1n no es buena;<\/b> tenemos visiones diferentes. <b>Me cuesta respetar su palabra <\/b>y por eso, sumado a la presi\u00f3n que representa la Davis,<b> prefiero dar un paso al costado<\/b>. Convivir una semana con pensamientos tan diferentes, en disconformidad, genera que sea imposible rendir de la mejor manera.<b> No nos har\u00eda bien ni al equipo ni a m\u00ed\u00bb,<\/b> cont\u00f3 el zurdo de 39 a\u00f1os, l\u00edder del ranking ATP por duplas, en comunicaci\u00f3n con P\u00e1gina\/12.<\/p>\n<p>El marplatense, <b>reciente campe\u00f3n del Masters 1000 de Montreal<\/b> junto con su compa\u00f1ero Marcel Granollers, recibi\u00f3 el contacto antes de tomar un vuelo para abandonar Cincinnati, donde alcanz\u00f3 las semifinales: <b>Coria\u00a0quer\u00eda saber si estaba disponible para conformar la n\u00f3mina copera.<\/b><\/p>\n<p>Lo m\u00e1s curioso de la situaci\u00f3n es que el ex 3\u00b0 del mundo\u00a0<b>hab\u00eda tomado dos decisiones<\/b> que generaron controversia por tratarse de <b>Zeballos, el mejor doblista del planeta<\/b>: dos meses atr\u00e1s <b><a href=\"https:\/\/www.pagina12.com.ar\/747207-polemica-olimpica-coria-y-la-controversial-decision-de-no-co\">lo margin\u00f3 de la delegaci\u00f3n para los Juegos Ol\u00edmpicos de Par\u00eds 2024<\/a><\/b>, un plantel que qued\u00f3 lejos de la zona de medallas, y en julio pasado <b><a href=\"https:\/\/www.pagina12.com.ar\/752457-polemica-en-llamas-horacio-zeballos-otra-vez-numero-uno-del-\">lo dej\u00f3 afuera de la n\u00f3mina preliminar para esta misma fase de grupos.<\/a><\/b><\/p>\n<p><b>En aquella ocasi\u00f3n se contact\u00f3 con Zeballos para \u00abavisarle\u00bb que har\u00eda oficial el plantel por obligaci\u00f3n,<\/b> en torno a los plazos que hab\u00eda establecido <b>la Federaci\u00f3n Internacional de Tenis (ITF). <\/b>El reglamento le permitir\u00eda, sin embargo, realizar <b>hasta cuatro cambios hasta el lunes previo a la competencia <\/b>\u2013el 9 de septiembre pr\u00f3ximo\u2013.<\/p>\n<p><b>El plantel confirmado para buscar el pase a la fase final por la ensaladera,<\/b> a disputarse del 19 al 24 de noviembre pr\u00f3ximos en M\u00e1laga, entonces estaba integrado por <b>Sebasti\u00e1n B\u00e1ez (21\u00b0), <\/b><b>Francisco Cer\u00fandolo (29\u00b0), <\/b><b>Tom\u00e1s Etcheverry (34\u00b0) y los doblistas Andr\u00e9s Molteni (30\u00b0) y M\u00e1ximo Gonz\u00e1lez (32\u00b0)<\/b>.<\/p>\n<p><b>\u00abEs el mismo equipo que nos represent\u00f3 en las \u00faltimas series, el que nos trajo hasta ac\u00e1.<\/b> Es importante aclarar que cumplimos con los plazos de la organizaci\u00f3n\u00bb, <b>justificaba el capit\u00e1n <\/b>la ausencia del zurdo formado en el Edison Lawn Tenis de Mar del Plata.<\/p>\n<p><b>\u00abMe cuesta compartir la visi\u00f3n con el capit\u00e1n\u00bb,<\/b> dijo este lunes Zeballos, quien no comprende qu\u00e9 cambi\u00f3 del mes pasado a esta parte: <b>su ranking es el mismo y mantiene su habitual nivel de competencia en las instancias finales <\/b>de los grandes escenarios. Tambi\u00e9n aclar\u00f3: <b>\u00abNo ser\u00eda bueno vivir una semana en este clima<\/b> con los chicos, con dos personas que piensan muy diferente; <b>prefiero pasar una semana m\u00e1s con mi familia en casa\u00bb.<\/b><\/p>\n<p>Dos meses atr\u00e1s, en una rueda de prensa oficial para <b><a href=\"https:\/\/www.pagina12.com.ar\/747207-polemica-olimpica-coria-y-la-controversial-decision-de-no-co\">comunicar el equipo de los Juegos Ol\u00edmpicos<\/a>\u00a0<\/b>-adelantado por este medio <a href=\"https:\/\/www.pagina12.com.ar\/747207-polemica-olimpica-coria-y-la-controversial-decision-de-no-co\">diez d\u00edas antes<\/a>-,\u00a0Coria argument\u00f3 que la ausencia de Zeballos se deb\u00eda a una\u00a0<b>inalterable\u00a0decisi\u00f3n previa <\/b>de sostener a cuatro singlistas y a la dupla conformada por <b>Gonz\u00e1lez y Molteni, un t\u00e1ndem \u00abconsolidado\u00bb, seg\u00fan sus palabras. <\/b>\u00abUno\u00a0se inclina por lo que cree que es lo mejor para el pa\u00eds. Estamos convencidos de que <b>son los mejores que podemos llevar. La decisi\u00f3n es cien por cien deportiva\u201d, <\/b>dec\u00eda el capit\u00e1n, inc\u00f3modo ante la consulta de los periodistas.<\/p>\n<p>Y respond\u00eda: <b>\u00abA lo mejor ustedes (a la prensa presente en el lugar) se hacen otra pel\u00edcula, pero la relaci\u00f3n es espectacular\u00bb. <\/b>Dos meses despu\u00e9s el propio Zeballos blanque\u00f3 que <b>el v\u00ednculo est\u00e1 roto. <\/b>Ahora, con los Juegos ya lejos en el tiempo y luego de aquella segunda ausencia en la lista preliminar de la Davis, <b>el marplatense rechaz\u00f3 la convocatoria, despu\u00e9s de un doble llamado del capit\u00e1n, <\/b>el mismo que lo hab\u00eda dejado afuera dos veces y que crey\u00f3 que dejarlo afuera de su \u00faltima cita ol\u00edmpica no resintir\u00eda la relaci\u00f3n. <b>Vaya falla en los c\u00e1lculos.<\/b><\/p>\n<p>Coria se puso en contacto el viernes pasado, <b>para \u00abhablar de la Davis\u00bb. <\/b>La comunicaci\u00f3n se posterg\u00f3 para esta semana, dado que el zurdo todav\u00eda estaba en carrera en el Masters 1000 de Cincinnati -acababa de clasificarse a los cuartos de final-. Reci\u00e9n este lunes el capit\u00e1n <b>le consult\u00f3 por su disponibilidad, un planteo cuya esencia el marplatense no termina de entender: adem\u00e1s del llamado \u00abfuera de timing\u00bb,<\/b> cuando estaba en plena competencia, \u00bfqu\u00e9 cambi\u00f3 en el medio para semejante giro en la decisi\u00f3n, acaso tard\u00edo?<\/p>\n<p>Este medio intent\u00f3 otorgar el espacio de r\u00e9plica tanto <b>para el Mago como para Agust\u00edn Calleri, el presidente de la Asociaci\u00f3n Argentina de Tenis (AAT),<\/b> quien apoy\u00f3 la decisi\u00f3n deportiva de prescindir de los servicios del doblista en Par\u00eds 2024. Desde el \u00e1rea de comunicaci\u00f3n\u00a0del organismo respondieron que\u00a0<b>\u00abGuillermo no tiene intenciones de hablar\u00bb con quien escribe estas l\u00edneas, <\/b>en t\u00e9rminos personales, a la vez que aclararon que las convocatorias<b> \u00abcorren por cuenta de los capitanes\u00bb, <\/b>por lo que el dirigente no tendr\u00eda \u00abnada que aportar\u00bb.<\/p>\n<p>Lo cierto es que, m\u00e1s all\u00e1 de la cr\u00f3nica de los hechos y <b>el devenir del rechazo de Zeballos,<\/b> la Copa Davis volvi\u00f3 a despertar <b>reminiscencias de tiempos de desencuentros,<\/b> con desmanejos que imped\u00edan que la AAT no presentara el mejor equipo posible en una competencia de relevancia como la Davis.<\/p>\n<p>La baja del doblista m\u00e1s destacado del mundo, y el mejor de la historia del pa\u00eds,<b> tendr\u00e1 un peso doble para las aspiraciones de Argentina:<\/b> en el nuevo formato de las Finales por la ensaladera, con series de dos singles y un doble,<b> el partido por duplas representa nada menos que el 33,3% de la eliminatoria <\/b>-antes era el 20%-. El tenis es un deporte de momentos: <b>tener al mejor en la disciplina configura un plus, juegue con quien juegue.<\/b> Para Coria no habr\u00e1 pel\u00edcula pero la novela siempre puede sumar nuevos episodios de oscuridad.<\/p>\n<p><a href=\"\/cdn-cgi\/l\/email-protection\" class=\"__cf_email__\" data-cfemail=\"1a6a7b777b767c736e7b74755a6a7b7d73747b2b2834797577347b68\">[email\u00a0protected]<\/a><\/p>\n<\/div>\n<p><a href=\"https:\/\/www.pagina12.com.ar\/761273-cronica-de-un-rechazo-zeballos-declino-el-llamado-de-coria-p\">source<\/a><\/p>\n","protected":false},"excerpt":{"rendered":"<p>Horacio Zeballos, el doblista n\u00famero uno del mundo, rechaz\u00f3 el llamado de Guillermo Coria para&#8230;<\/p>\n","protected":false},"author":3,"featured_media":14454,"comment_status":"closed","ping_status":"closed","sticky":false,"template":"","format":"standard","meta":{"footnotes":""},"categories":[21],"tags":[],"class_list":["post-14453","post","type-post","status-publish","format-standard","has-post-thumbnail","hentry","category-deportes"],"featured_image_urls":{"full":["https:\/\/fmamiga909.com.ar\/wp-content\/uploads\/2024\/08\/wp-header-logo-251.png",960,540,false],"thumbnail":["https:\/\/fmamiga909.com.ar\/wp-content\/uploads\/2024\/08\/wp-header-logo-251-150x150.png",150,150,true],"medium":["https:\/\/fmamiga909.com.ar\/wp-content\/uploads\/2024\/08\/wp-header-logo-251-300x169.png",300,169,true],"medium_large":["https:\/\/fmamiga909.com.ar\/wp-content\/uploads\/2024\/08\/wp-header-logo-251.png",960,540,false],"large":["https:\/\/fmamiga909.com.ar\/wp-content\/uploads\/2024\/08\/wp-header-logo-251.png",640,360,false],"1536x1536":["https:\/\/fmamiga909.com.ar\/wp-content\/uploads\/2024\/08\/wp-header-logo-251.png",960,540,false],"2048x2048":["https:\/\/fmamiga909.com.ar\/wp-content\/uploads\/2024\/08\/wp-header-logo-251.png",960,540,false],"newsium-slider-full":["https:\/\/fmamiga909.com.ar\/wp-content\/uploads\/2024\/08\/wp-header-logo-251.png",960,540,false],"newsium-featured":["https:\/\/fmamiga909.com.ar\/wp-content\/uploads\/2024\/08\/wp-header-logo-251.png",960,540,false],"newsium-medium":["https:\/\/fmamiga909.com.ar\/wp-content\/uploads\/2024\/08\/wp-header-logo-251-720x475.png",720,475,true]},"author_info":{"display_name":"Fredy Giuliano","author_link":"https:\/\/fmamiga909.com.ar\/?author=3"},"category_info":"<a href=\"https:\/\/fmamiga909.com.ar\/?cat=21\" rel=\"category\">Deportes<\/a>","tag_info":"Deportes","comment_count":"0","_links":{"self":[{"href":"https:\/\/fmamiga909.com.ar\/index.php?rest_route=\/wp\/v2\/posts\/14453","targetHints":{"allow":["GET"]}}],"collection":[{"href":"https:\/\/fmamiga909.com.ar\/index.php?rest_route=\/wp\/v2\/posts"}],"about":[{"href":"https:\/\/fmamiga909.com.ar\/index.php?rest_route=\/wp\/v2\/types\/post"}],"author":[{"embeddable":true,"href":"https:\/\/fmamiga909.com.ar\/index.php?rest_route=\/wp\/v2\/users\/3"}],"replies":[{"embeddable":true,"href":"https:\/\/fmamiga909.com.ar\/index.php?rest_route=%2Fwp%2Fv2%2Fcomments&post=14453"}],"version-history":[{"count":0,"href":"https:\/\/fmamiga909.com.ar\/index.php?rest_route=\/wp\/v2\/posts\/14453\/revisions"}],"wp:featuredmedia":[{"embeddable":true,"href":"https:\/\/fmamiga909.com.ar\/index.php?rest_route=\/wp\/v2\/media\/14454"}],"wp:attachment":[{"href":"https:\/\/fmamiga909.com.ar\/index.php?rest_route=%2Fwp%2Fv2%2Fmedia&parent=14453"}],"wp:term":[{"taxonomy":"category","embeddable":true,"href":"https:\/\/fmamiga909.com.ar\/index.php?rest_route=%2Fwp%2Fv2%2Fcategories&post=14453"},{"taxonomy":"post_tag","embeddable":true,"href":"https:\/\/fmamiga909.com.ar\/index.php?rest_route=%2Fwp%2Fv2%2Ftags&post=14453"}],"curies":[{"name":"wp","href":"https:\/\/api.w.org\/{rel}","templated":true}]}}