{"id":14481,"date":"2024-08-21T07:51:49","date_gmt":"2024-08-21T07:51:49","guid":{"rendered":"https:\/\/fmamiga909.com.ar\/?p=14481"},"modified":"2024-08-21T07:51:49","modified_gmt":"2024-08-21T07:51:49","slug":"argentinos-juniors-pablo-guede-dejo-de-ser-el-entrenador","status":"publish","type":"post","link":"https:\/\/fmamiga909.com.ar\/?p=14481","title":{"rendered":"Argentinos Juniors: Pablo Guede dej\u00f3 de ser el entrenador"},"content":{"rendered":"<div>\n<p>Tras la derrota de Argentinos el viernes pasado ante Uni\u00f3n por 3-0, el DT Pablo Guede decidi\u00f3 no hablar en conferencia de prensa dando a entender que su fin en el club estaba por llegar y, efectivamente, la noticia se confirm\u00f3 este martes luego de que la instituci\u00f3n de La Paternal y el entrenador decidieran de com\u00fan acuerdo finalizar el v\u00ednculo.\u00a0<\/p>\n<p> Seg\u00fan un comunicado oficial, Guede puso fin a su contrato tras dirigir 47 partidos, con una efectividad del 47.52%: con 18 triunfos, 13 empates y 16 derrotas. En este 2024, Argentinos se qued\u00f3 afuera de la Copa Sudamericana, al quedar tercero en su grupo. Por otro lado, tambi\u00e9n quedo afuera de la Copa Argentina en los octavos de final ante Hurac\u00e1n por penales luego de empatar 1-1 y en la Liga se encuentra en la vig\u00e9sima posici\u00f3n con 13 unidades.<\/p>\n<p>\u00abAgradecemos a Pablo y a su cuerpo t\u00e9cnico por este a\u00f1o de trabajo y dedicaci\u00f3n al mando del plantel profesional y por seguir fomentando el crecimiento de nuestro Semillero al impulsar a los jugadores surgidos de la cantera\u00bb, se\u00f1al\u00f3 el club en el comunicado oficial.\u00a0<\/p>\n<p>El principal candidato a reemplazar Guede es Gabriel Heinze, quien ya condujpo con \u00e9xito al conjunto de La Paternal y lo ascendi\u00f3 a Primera en la temporada 2016\/2017. Mientras tanto, el DT de la Reserva, Cristian Zermatten, se har\u00e1 cargo del equipo en el partido del pr\u00f3ximo s\u00e1bado de local ante el l\u00edder Hurac\u00e1n.<\/p>\n<\/div>\n<p><a href=\"https:\/\/www.pagina12.com.ar\/761503-argentinos-juniors-pablo-guede-dejo-de-ser-el-entrenador\">source<\/a><\/p>\n","protected":false},"excerpt":{"rendered":"<p>Tras la derrota de Argentinos el viernes pasado ante Uni\u00f3n por 3-0, el DT Pablo&#8230;<\/p>\n","protected":false},"author":3,"featured_media":14482,"comment_status":"closed","ping_status":"closed","sticky":false,"template":"","format":"standard","meta":{"footnotes":""},"categories":[21],"tags":[],"class_list":["post-14481","post","type-post","status-publish","format-standard","has-post-thumbnail","hentry","category-deportes"],"featured_image_urls":{"full":["https:\/\/fmamiga909.com.ar\/wp-content\/uploads\/2024\/08\/wp-header-logo-265.png",960,540,false],"thumbnail":["https:\/\/fmamiga909.com.ar\/wp-content\/uploads\/2024\/08\/wp-header-logo-265-150x150.png",150,150,true],"medium":["https:\/\/fmamiga909.com.ar\/wp-content\/uploads\/2024\/08\/wp-header-logo-265-300x169.png",300,169,true],"medium_large":["https:\/\/fmamiga909.com.ar\/wp-content\/uploads\/2024\/08\/wp-header-logo-265.png",960,540,false],"large":["https:\/\/fmamiga909.com.ar\/wp-content\/uploads\/2024\/08\/wp-header-logo-265.png",640,360,false],"1536x1536":["https:\/\/fmamiga909.com.ar\/wp-content\/uploads\/2024\/08\/wp-header-logo-265.png",960,540,false],"2048x2048":["https:\/\/fmamiga909.com.ar\/wp-content\/uploads\/2024\/08\/wp-header-logo-265.png",960,540,false],"newsium-slider-full":["https:\/\/fmamiga909.com.ar\/wp-content\/uploads\/2024\/08\/wp-header-logo-265.png",960,540,false],"newsium-featured":["https:\/\/fmamiga909.com.ar\/wp-content\/uploads\/2024\/08\/wp-header-logo-265.png",960,540,false],"newsium-medium":["https:\/\/fmamiga909.com.ar\/wp-content\/uploads\/2024\/08\/wp-header-logo-265-720x475.png",720,475,true]},"author_info":{"display_name":"Fredy Giuliano","author_link":"https:\/\/fmamiga909.com.ar\/?author=3"},"category_info":"<a href=\"https:\/\/fmamiga909.com.ar\/?cat=21\" rel=\"category\">Deportes<\/a>","tag_info":"Deportes","comment_count":"0","_links":{"self":[{"href":"https:\/\/fmamiga909.com.ar\/index.php?rest_route=\/wp\/v2\/posts\/14481","targetHints":{"allow":["GET"]}}],"collection":[{"href":"https:\/\/fmamiga909.com.ar\/index.php?rest_route=\/wp\/v2\/posts"}],"about":[{"href":"https:\/\/fmamiga909.com.ar\/index.php?rest_route=\/wp\/v2\/types\/post"}],"author":[{"embeddable":true,"href":"https:\/\/fmamiga909.com.ar\/index.php?rest_route=\/wp\/v2\/users\/3"}],"replies":[{"embeddable":true,"href":"https:\/\/fmamiga909.com.ar\/index.php?rest_route=%2Fwp%2Fv2%2Fcomments&post=14481"}],"version-history":[{"count":0,"href":"https:\/\/fmamiga909.com.ar\/index.php?rest_route=\/wp\/v2\/posts\/14481\/revisions"}],"wp:featuredmedia":[{"embeddable":true,"href":"https:\/\/fmamiga909.com.ar\/index.php?rest_route=\/wp\/v2\/media\/14482"}],"wp:attachment":[{"href":"https:\/\/fmamiga909.com.ar\/index.php?rest_route=%2Fwp%2Fv2%2Fmedia&parent=14481"}],"wp:term":[{"taxonomy":"category","embeddable":true,"href":"https:\/\/fmamiga909.com.ar\/index.php?rest_route=%2Fwp%2Fv2%2Fcategories&post=14481"},{"taxonomy":"post_tag","embeddable":true,"href":"https:\/\/fmamiga909.com.ar\/index.php?rest_route=%2Fwp%2Fv2%2Ftags&post=14481"}],"curies":[{"name":"wp","href":"https:\/\/api.w.org\/{rel}","templated":true}]}}