{"id":14483,"date":"2024-08-21T08:43:41","date_gmt":"2024-08-21T08:43:41","guid":{"rendered":"https:\/\/fmamiga909.com.ar\/?p=14483"},"modified":"2024-08-21T08:43:41","modified_gmt":"2024-08-21T08:43:41","slug":"atletico-mineiro-elimino-a-san-lorenzo-de-la-copa-libertadores","status":"publish","type":"post","link":"https:\/\/fmamiga909.com.ar\/?p=14483","title":{"rendered":"Atl\u00e9tico Mineiro elimin\u00f3 a San Lorenzo de la Copa Libertadores"},"content":{"rendered":"<div>\n<p><b>San Lorenzo cay\u00f3 1-0<\/b> este martes<b> en Belo Horizonte ante Atl\u00e9tico Mineiro y qued\u00f3 eliminado de la Copa Sudamericana<\/b> tras el 1-1 del duelo de ida en el Nuevo Gas\u00f3metro.\u00a0<\/p>\n<p><b>Rodrigo Battaglia -un ex Hurac\u00e1n- marc\u00f3 el gol para el equipo de Gabriel Milito, que en cuartos de final se medir\u00e1 con Fluminense<\/b>, que a su vez sac\u00f3 del torneo a Gremio en la definici\u00f3n por penales.<\/p>\n<p><b>En la previa, ninguno de los dos gozaba de un buen presente. <\/b>La crisis institucional\u00a0que atraviesa el Cicl\u00f3n no es nueva: el DT Leandro Romagnoli hab\u00eda presentado su renuncia, pero los dirigentes no se la aceptaron y continu\u00f3 al frente del equipo. La cosa se agrav\u00f3 m\u00e1s el \u00faltimo fin de semana, tras caer ante Boca en La Bombonera un partido por la Liga Profesional que hab\u00eda comenzado en ventaja. Por su lado, el Galo de Gabriel Milito ven\u00eda de ganar apenas una de sus \u00faltimas seis presentaciones.<\/p>\n<p><b>San Lorenzo -con casaca alternativa azul- sali\u00f3 de entrada a meter presi\u00f3n alta al due\u00f1o de casa<\/b>, y as\u00ed avis\u00f3 Irala desde lejos con un disparo que a priori parec\u00eda sencillo, pero el pique complic\u00f3 un poco al arquero Everson.<\/p>\n<p><b>La actitud inicial azulgrana no le gustaba nada al Atl\u00e9tico Mineiro<\/b>, que no obstante logr\u00f3 tomar cierto control del juego a partir de la concentraci\u00f3n de Zaracho -que en esta oportunidad reemplaz\u00f3 a su compatriota Fausto Vera- para recuperar r\u00e1pido el bal\u00f3n, la peligrosidad de Scarpa y el talento a cuentagotas de Ot\u00e1vio en ataque, aunque le faltaba profundidad.\u00a0<\/p>\n<p><iframe style=\"border: 0px; position: absolute; top: 0px; left: 0px; height: 100%;\" allowfullscreen=\"\" frameborder=\"0\" src=\"https:\/\/www.youtube.com\/embed\/xBbDV2RK64w\"><\/iframe><\/p>\n<p><b>Con menos tenencia de pelota, el Cicl\u00f3n aguardaba <\/b>con orden agazapado y llegaba <b>con las corridas de Leguizam\u00f3n<\/b>, la guapeza de Campi, <b>la confianza de Reali y m\u00e1s remates de Irala.<\/b><\/p>\n<p><b>Reci\u00e9n pasada la media hora el local lleg\u00f3 con peligro<\/b> a la valla defendida por \u00abChila\u00bb G\u00f3mez -titular en lugar del apartado Altamirano- cuando un resbal\u00f3n de <b>Roma\u00f1a<\/b> <b>permiti\u00f3 a Paulinho<\/b> -autor del empate en la ida- <b>quedar de frente al arco<\/b>, aunque el tiro del goleador brasile\u00f1o result\u00f3 defectuoso.\u00a0<\/p>\n<p>Antes del descanso, <b>una r\u00e1faga de San Lorenzo propici\u00f3 un remate al travesa\u00f1o de Leguizam\u00f3n <\/b>tras una gran jugada individual <b>y, en el rebote, un disparo desviado de Reali<\/b>, aunque la \u00faltima fue del anfitri\u00f3n con un cabezazo afuera del d\u00edscolo Deyverson.<\/p>\n<p><b>En la segunda parte, Ot\u00e1vio le entr\u00f3 feo a Tripichio y no vio la roja de milagro<\/b>: Milito no dud\u00f3 y mand\u00f3 a la cancha a Vera. Para entonces, <b>el Cicl\u00f3n inflaba el pecho, jugaba mejor <\/b>y <b>ante el desconcierto de los brasile\u00f1os<\/b> se animaba con el peligroso Cuello, a quien Everson le tap\u00f3 una clar\u00edsima.\u00a0<\/p>\n<p><b>Y cuando el Galo peor la pasaba, un cabezazo de Battaglia<\/b> tras un corner <b>le daba la ventaja a Mineiro. <\/b>El estadio era una caldera, <b>San Lorenzo se desmoron\u00f3<\/b>, \u00abChila\u00bb le ahog\u00f3 el grito a Paulinho y el chileno Vargas se lo perdi\u00f3 de cabeza.<\/p>\n<p><b>Entonces la polic\u00eda brasile\u00f1a arremeti\u00f3 con palazos y gases lacrim\u00f3genos contra la parcialidad azulgrana<\/b>, que terminaron afectando al p\u00fablico en general e incluso a los jugadores.<b> Triste, solitario y final, dir\u00eda el entra\u00f1able Gordo Soriano.<\/b><\/p>\n<\/div>\n<p><a href=\"https:\/\/www.pagina12.com.ar\/761575-atletico-mineiro-elimino-a-san-lorenzo-de-la-copa-libertador\">source<\/a><\/p>\n","protected":false},"excerpt":{"rendered":"<p>San Lorenzo cay\u00f3 1-0 este martes en Belo Horizonte ante Atl\u00e9tico Mineiro y qued\u00f3 eliminado&#8230;<\/p>\n","protected":false},"author":3,"featured_media":14484,"comment_status":"closed","ping_status":"closed","sticky":false,"template":"","format":"standard","meta":{"footnotes":""},"categories":[21],"tags":[],"class_list":["post-14483","post","type-post","status-publish","format-standard","has-post-thumbnail","hentry","category-deportes"],"featured_image_urls":{"full":["https:\/\/fmamiga909.com.ar\/wp-content\/uploads\/2024\/08\/wp-header-logo-266.png",960,540,false],"thumbnail":["https:\/\/fmamiga909.com.ar\/wp-content\/uploads\/2024\/08\/wp-header-logo-266-150x150.png",150,150,true],"medium":["https:\/\/fmamiga909.com.ar\/wp-content\/uploads\/2024\/08\/wp-header-logo-266-300x169.png",300,169,true],"medium_large":["https:\/\/fmamiga909.com.ar\/wp-content\/uploads\/2024\/08\/wp-header-logo-266.png",960,540,false],"large":["https:\/\/fmamiga909.com.ar\/wp-content\/uploads\/2024\/08\/wp-header-logo-266.png",640,360,false],"1536x1536":["https:\/\/fmamiga909.com.ar\/wp-content\/uploads\/2024\/08\/wp-header-logo-266.png",960,540,false],"2048x2048":["https:\/\/fmamiga909.com.ar\/wp-content\/uploads\/2024\/08\/wp-header-logo-266.png",960,540,false],"newsium-slider-full":["https:\/\/fmamiga909.com.ar\/wp-content\/uploads\/2024\/08\/wp-header-logo-266.png",960,540,false],"newsium-featured":["https:\/\/fmamiga909.com.ar\/wp-content\/uploads\/2024\/08\/wp-header-logo-266.png",960,540,false],"newsium-medium":["https:\/\/fmamiga909.com.ar\/wp-content\/uploads\/2024\/08\/wp-header-logo-266-720x475.png",720,475,true]},"author_info":{"display_name":"Fredy Giuliano","author_link":"https:\/\/fmamiga909.com.ar\/?author=3"},"category_info":"<a href=\"https:\/\/fmamiga909.com.ar\/?cat=21\" rel=\"category\">Deportes<\/a>","tag_info":"Deportes","comment_count":"0","_links":{"self":[{"href":"https:\/\/fmamiga909.com.ar\/index.php?rest_route=\/wp\/v2\/posts\/14483","targetHints":{"allow":["GET"]}}],"collection":[{"href":"https:\/\/fmamiga909.com.ar\/index.php?rest_route=\/wp\/v2\/posts"}],"about":[{"href":"https:\/\/fmamiga909.com.ar\/index.php?rest_route=\/wp\/v2\/types\/post"}],"author":[{"embeddable":true,"href":"https:\/\/fmamiga909.com.ar\/index.php?rest_route=\/wp\/v2\/users\/3"}],"replies":[{"embeddable":true,"href":"https:\/\/fmamiga909.com.ar\/index.php?rest_route=%2Fwp%2Fv2%2Fcomments&post=14483"}],"version-history":[{"count":0,"href":"https:\/\/fmamiga909.com.ar\/index.php?rest_route=\/wp\/v2\/posts\/14483\/revisions"}],"wp:featuredmedia":[{"embeddable":true,"href":"https:\/\/fmamiga909.com.ar\/index.php?rest_route=\/wp\/v2\/media\/14484"}],"wp:attachment":[{"href":"https:\/\/fmamiga909.com.ar\/index.php?rest_route=%2Fwp%2Fv2%2Fmedia&parent=14483"}],"wp:term":[{"taxonomy":"category","embeddable":true,"href":"https:\/\/fmamiga909.com.ar\/index.php?rest_route=%2Fwp%2Fv2%2Fcategories&post=14483"},{"taxonomy":"post_tag","embeddable":true,"href":"https:\/\/fmamiga909.com.ar\/index.php?rest_route=%2Fwp%2Fv2%2Ftags&post=14483"}],"curies":[{"name":"wp","href":"https:\/\/api.w.org\/{rel}","templated":true}]}}