{"id":14485,"date":"2024-08-21T08:53:57","date_gmt":"2024-08-21T08:53:57","guid":{"rendered":"https:\/\/fmamiga909.com.ar\/?p=14485"},"modified":"2024-08-21T08:53:57","modified_gmt":"2024-08-21T08:53:57","slug":"cuando-y-contra-quien-vuelve-a-jugar-la-seleccion-argentina","status":"publish","type":"post","link":"https:\/\/fmamiga909.com.ar\/?p=14485","title":{"rendered":"\u00bfCu\u00e1ndo y contra qui\u00e9n vuelve a jugar la selecci\u00f3n argentina?"},"content":{"rendered":"<div>\n<p>La <b><a href=\"https:\/\/www.pagina12.com.ar\/760709-cuando-y-donde-salen-a-la-venta-las-entradas-para-argentina-\">selecci\u00f3n argentina<\/a><\/b> vuelve a jugar por Eliminatorias Sudamericanas rumbo al Mundial 2026 de Estados Unidos-M\u00e9xico y Canad\u00e1. Para esta instancia, Lionel Scaloni ya confirm\u00f3 la <a href=\"https:\/\/www.pagina12.com.ar\/761192-scaloni-dio-la-lista-de-las-eliminatorias-sin-messi\">lista con los 28 jugadores<\/a> que estar\u00e1n disponibles para la doble fecha a disputarse en septiembre, con las <b>ausencias de Lionel Messi y \u00c1ngel Di Mar\u00eda<\/b> pero con varias sorpresas.<\/p>\n<h3\/>\n<p>Estos dos encuentros ser\u00e1n los primeros que el conjunto albiceleste jugar\u00e1 luego de consagrarse en la Copa Am\u00e9rica de Estados Unidos 2024, donde se coron\u00f3 bicampe\u00f3n tras derrotar en la final a Colombia por 1 a 0 en tiempo suplementario.<\/p>\n<p>En cuanto a las Eliminatorias, <b>Argentina lidera las posiciones con 15 puntos<\/b>. Segunda se encuentra Uruguay con 13 unidades y Colombia est\u00e1 tercera con 12.<\/p>\n<h2>\u00bfCu\u00e1ndo y contra qui\u00e9n vuelve a jugar la selecci\u00f3n argentina?<\/h2>\n<p>La selecci\u00f3n argentina disputar\u00e1 dos nuevas fechas de las Eliminatorias Sudamericanas camino al Mundial 2026. <\/p>\n<p>Por la <b>fecha 7<\/b>, el elenco dirigido por Scaloni recibir\u00e1 a la selecci\u00f3n de\u00a0<b>Chile <\/b>en el Monumental, el <b>jueves 5 de septiembre a las 21:00<\/b>.<\/p>\n<p>Cinco d\u00edas despu\u00e9s, el <b>martes 10 de septiembre a partir de las 17:30<\/b>, Argentina visitar\u00e1 a la selecci\u00f3n de\u00a0<b>Colombia<\/b> en el estadio Metropolitano de Barranquilla por la <b>fecha 8<\/b>, en lo que ser\u00e1 una suerte de \u00abrevancha\u00bb para el equipo cafetero luego de la final perdida en Miami.<\/p>\n<h2>\u00bfCu\u00e1ndo salen a la venta las entradas para Argentina vs Chile?<\/h2>\n<p>Seg\u00fan inform\u00f3 el medio <b>TyC Sports<\/b>, <a href=\"https:\/\/www.pagina12.com.ar\/760709-cuando-y-donde-salen-a-la-venta-las-entradas-para-argentina-\">las entradas para el partido entre <b>Argentina y Chile<\/b><\/a><b\/> saldr\u00e1n a la venta el jueves 29 de agosto a trav\u00e9s de la <a href=\"https:\/\/www.deportick.com\/\" target=\"_blank\" rel=\"noopener\">plataforma Deportick<\/a>. El m\u00e1ximo por comprador ser\u00eda de 4 tickets.<\/p>\n<p>La \u00faltima vez que Argentina jug\u00f3 como local en el pa\u00eds fue el <b>16 de noviembre de 2023<\/b> en La Bombonera ante Uruguay. En aquella oportunidad, los precios fueron los siguientes: <\/p>\n<ul>\n<li>GENERAL $ 25.000<\/li>\n<li>MENOR A Popular (hasta 10 a\u00f1os) $ 11.000<\/li>\n<li>PLATEA ALTA K $ 49.000<\/li>\n<li>PLATEA ALTA (H-I-J-F-G) $ 77.000<\/li>\n<li>PLATEA BAJA \u201cL\u201d $ 105.000<\/li>\n<li>PLATEA MEDIA $ 107.000<\/li>\n<li>PREFERENCIAL $ 125.000<\/li>\n<\/ul>\n<p>Entre ese partido y el que se viene hubo 104,76% de inflaci\u00f3n -sin el dato de agosto-, por lo que se espera un fuerte aumento del precio con respecto al mencionado choque con Uruguay.<\/p>\n<h2>La lista completa de convocados por Scaloni para la doble fecha de Eliminatorias<\/h2>\n<p>Entre los nuevos nombres elegidos por Scaloni aparecen <b>Valent\u00edn Castellanos<\/b>, delantero de la Lazio que alguna fue tentado por Marcelo Gallardo para incorporarlo a River, <b>Equi Fern\u00e1ndez<\/b> y <b>Giuliano Simeone<\/b>, dos jugadores que participaron en los recientes Juegos Ol\u00edmpicos con la Selecci\u00f3n Sub 23. <b>A ellos se le suman Mat\u00edas Soul\u00e9, mediocampista de la Roma que ya tuvo algunas citaciones previas, y Leandro Balerdi y Valent\u00edn Barco,<\/b> dos jugadores que quedaron fuera de la Copa Am\u00e9rica en el \u00faltimo corte.<\/p>\n<p><b>Por otra parte, Messi se perder\u00e1 los duelos<\/b>. Otros campeones de Am\u00e9rica que no est\u00e1n citados son<b> Exequiel Palacios, Marcos Acu\u00f1a y Lucas Mart\u00ednez Quarta, adem\u00e1s de \u00c1ngel Di Mar\u00eda y Franco Armani,<\/b> que ya hab\u00edan anunciado su retiro de la Selecci\u00f3n.<\/p>\n<ul>\n<li><b>Arqueros: <\/b>Emiliano Mart\u00ednez, Walter Ben\u00edtez, Ger\u00f3nimo Rulli y Juan Musso.<\/li>\n<li><b>Defensores:<\/b> Gonzalo Montiel, Nahuel Molina, Cristian Romero, Germ\u00e1n Pezzella, Leonardo Balerdi, Nicol\u00e1s Otamendi, Lisandro Mart\u00ednez, Nicol\u00e1s Tagliafico y Valent\u00edn Barco.<\/li>\n<li><b>Mediocampistas:<\/b> Leandro Paredes, Guido Rodr\u00edguez, Alexis Mac Allister, Enzo Fern\u00e1ndez, Giovani Lo Celso, Ezequiel Fern\u00e1ndez y Rodrigo de Paul.<\/li>\n<li><b>Delanteros:<\/b> Nicol\u00e1s Gonz\u00e1lez, Alejandro Garnacho, Mat\u00edas Soul\u00e9, Giuliano Simeone, Valent\u00edn Carboni, Juli\u00e1n \u00c1lvarez, Lautaro Mart\u00ednez y Valent\u00edn Castellanos.<\/li>\n<\/ul>\n<h3>Segu\u00ed leyendo:<\/h3>\n<h3\/><\/div>\n<p><a href=\"https:\/\/www.pagina12.com.ar\/761538-cuando-y-contra-quien-vuelve-a-jugar-la-seleccion-argentina\">source<\/a><\/p>\n","protected":false},"excerpt":{"rendered":"<p>La selecci\u00f3n argentina vuelve a jugar por Eliminatorias Sudamericanas rumbo al Mundial 2026 de Estados&#8230;<\/p>\n","protected":false},"author":3,"featured_media":14486,"comment_status":"closed","ping_status":"closed","sticky":false,"template":"","format":"standard","meta":{"footnotes":""},"categories":[21],"tags":[],"class_list":["post-14485","post","type-post","status-publish","format-standard","has-post-thumbnail","hentry","category-deportes"],"featured_image_urls":{"full":["https:\/\/fmamiga909.com.ar\/wp-content\/uploads\/2024\/08\/wp-header-logo-267.png",960,540,false],"thumbnail":["https:\/\/fmamiga909.com.ar\/wp-content\/uploads\/2024\/08\/wp-header-logo-267-150x150.png",150,150,true],"medium":["https:\/\/fmamiga909.com.ar\/wp-content\/uploads\/2024\/08\/wp-header-logo-267-300x169.png",300,169,true],"medium_large":["https:\/\/fmamiga909.com.ar\/wp-content\/uploads\/2024\/08\/wp-header-logo-267.png",960,540,false],"large":["https:\/\/fmamiga909.com.ar\/wp-content\/uploads\/2024\/08\/wp-header-logo-267.png",640,360,false],"1536x1536":["https:\/\/fmamiga909.com.ar\/wp-content\/uploads\/2024\/08\/wp-header-logo-267.png",960,540,false],"2048x2048":["https:\/\/fmamiga909.com.ar\/wp-content\/uploads\/2024\/08\/wp-header-logo-267.png",960,540,false],"newsium-slider-full":["https:\/\/fmamiga909.com.ar\/wp-content\/uploads\/2024\/08\/wp-header-logo-267.png",960,540,false],"newsium-featured":["https:\/\/fmamiga909.com.ar\/wp-content\/uploads\/2024\/08\/wp-header-logo-267.png",960,540,false],"newsium-medium":["https:\/\/fmamiga909.com.ar\/wp-content\/uploads\/2024\/08\/wp-header-logo-267-720x475.png",720,475,true]},"author_info":{"display_name":"Fredy Giuliano","author_link":"https:\/\/fmamiga909.com.ar\/?author=3"},"category_info":"<a href=\"https:\/\/fmamiga909.com.ar\/?cat=21\" rel=\"category\">Deportes<\/a>","tag_info":"Deportes","comment_count":"0","_links":{"self":[{"href":"https:\/\/fmamiga909.com.ar\/index.php?rest_route=\/wp\/v2\/posts\/14485","targetHints":{"allow":["GET"]}}],"collection":[{"href":"https:\/\/fmamiga909.com.ar\/index.php?rest_route=\/wp\/v2\/posts"}],"about":[{"href":"https:\/\/fmamiga909.com.ar\/index.php?rest_route=\/wp\/v2\/types\/post"}],"author":[{"embeddable":true,"href":"https:\/\/fmamiga909.com.ar\/index.php?rest_route=\/wp\/v2\/users\/3"}],"replies":[{"embeddable":true,"href":"https:\/\/fmamiga909.com.ar\/index.php?rest_route=%2Fwp%2Fv2%2Fcomments&post=14485"}],"version-history":[{"count":0,"href":"https:\/\/fmamiga909.com.ar\/index.php?rest_route=\/wp\/v2\/posts\/14485\/revisions"}],"wp:featuredmedia":[{"embeddable":true,"href":"https:\/\/fmamiga909.com.ar\/index.php?rest_route=\/wp\/v2\/media\/14486"}],"wp:attachment":[{"href":"https:\/\/fmamiga909.com.ar\/index.php?rest_route=%2Fwp%2Fv2%2Fmedia&parent=14485"}],"wp:term":[{"taxonomy":"category","embeddable":true,"href":"https:\/\/fmamiga909.com.ar\/index.php?rest_route=%2Fwp%2Fv2%2Fcategories&post=14485"},{"taxonomy":"post_tag","embeddable":true,"href":"https:\/\/fmamiga909.com.ar\/index.php?rest_route=%2Fwp%2Fv2%2Ftags&post=14485"}],"curies":[{"name":"wp","href":"https:\/\/api.w.org\/{rel}","templated":true}]}}