{"id":14584,"date":"2024-08-25T19:17:06","date_gmt":"2024-08-25T19:17:06","guid":{"rendered":"https:\/\/fmamiga909.com.ar\/?p=14584"},"modified":"2024-08-25T19:17:06","modified_gmt":"2024-08-25T19:17:06","slug":"me-interesan-mis-matices-oscuros-porque-me-hacen-lo-que-soy","status":"publish","type":"post","link":"https:\/\/fmamiga909.com.ar\/?p=14584","title":{"rendered":"&quot;Me interesan mis matices oscuros porque me hacen lo que soy&quot;"},"content":{"rendered":"<div>\n<p>Es al a\u00f1o y medio cuando Gustavo Fern\u00e1ndez \u2013oriundo de R\u00edo Tercero, C\u00f3rdoba\u2013, tuvo un infarto medular (rotura de una vena en la medula), que le impidi\u00f3 el uso de la cintura para abajo. Lo que sigui\u00f3 en su historia fue su destino: ser deportista adaptado profesional. De modo que su \u00edmpetu por el deporte se fue moldeando por herencia familiar y dentro de los clubes. Su pap\u00e1 es Gustavo Ismael Fern\u00e1ndez, cinco veces campe\u00f3n de la Liga Nacional de B\u00e1squet con Gimnasia y Esgrima de Pedernera Unidos y Estudiantes de Olavarr\u00eda. Cuando su padre transitaba su etapa de jugador, practic\u00f3 b\u00e1squet en silla de ruedas en las inferiores de Quilmes de Mar Del Plata. Tambi\u00e9n recuerda los tiros al aro que sol\u00eda hacer en Estudiantes de Olavarr\u00eda o de Bah\u00eda Blanca. Una vez que se retir\u00f3 su pap\u00e1, se mud\u00f3 a R\u00edo Tercero, y se vincul\u00f3 con el club 9 de Julio. All\u00ed, a los 11 a\u00f1os, empez\u00f3 a practicar tenis en silla de ruedas con mayor continuidad, y a los 14, decidi\u00f3 intentar dedicarse al deporte de manera profesional.<\/p>\n<p>Desde ese entonces, obtuvo m\u00faltiples t\u00edtulos, entre ellos 5 Grand Slam en la modalidad singles (Roland Garros 2016 y 2019, Australia Open 2017 y 2019 y Wimbledon 2019), 3 en dobles (Roland Garros 2019 y Wimbledon 2015 y 2022) y 4 Parapanamericanos tanto en singles como en dobles (Guadalajara 2011, Toronto 2015, Lima 2019 y Santiago 2023). Hoy, con 30 a\u00f1os, se ubica tercero en el ranking individual ITF, y a pocos d\u00edas de representar a la Argentina en los Juegos Paral\u00edmpicos de Par\u00eds 2024, expresa en un dialogo a flor de piel con <b>Pagina12<\/b>, el desaf\u00edo que conlleva el tenis, y las secuelas que transit\u00f3 en el a\u00f1o 2023, luego de los Parapanamericanos de Santiago, propias de llevar el cuerpo y la mente al desgaste.<\/p>\n<p><b>\u2013\u00bfEs complejo el tenis como deporte?<\/b><\/p>\n<p>\u2013El deporte individual tiene puntos de conexi\u00f3n con lo colectivo. Convivir con la presi\u00f3n, la disciplina, el sacrificio o la generosidad sobre lo que uno busca. Lo que tiene de diferente, es que no te deja pasar una. En el deporte colectivo ten\u00e9s la posibilidad de delegar la responsabilidad. Si yo no estoy bien, mi compa\u00f1ero puede estar mejor y la posta la toma \u00e9l. O tal vez tengo una buena temporada, pero en la pr\u00f3xima no tanto, y el equipo est\u00e1 bien, entonces las sensaciones individuales se transitan de otra manera. En el tenis, no ten\u00e9s a qui\u00e9n mirar para los costados. Es hacerte cargo de todas las situaciones en crudo dentro de la cancha. Eso lo hace un deporte con un enorme desaf\u00edo y que no admite excusas. <\/p>\n<p><b>\u2013Es jugar con la l\u00ednea delgada\u2026<\/b><\/p>\n<p>\u2013Yo perd\u00ed un Grand Slam, teniendo match point y por una pelota que pas\u00f3 por poco. Hay veces que el tren pasa, vos no te subiste y no vuelve a pasar. O no de la misma forma. El tenis es un constante decir: \u00abesto no est\u00e1 ganado o perdido de antemano\u00bb. Sent\u00eds que est\u00e1s sobre el abismo. No pod\u00e9s cuidar nada.<\/p>\n<p><b>\u2013\u00bfEs desgastante cuando no cuidas nada?<\/b><\/p>\n<p>\u2013Por m\u00e1s que crea que me faltan muchos a\u00f1os para retirarme, se me abri\u00f3 una puerta donde me digo \u00abcualquier d\u00eda puede ser el \u00faltimo\u00bb. Por cualquier motivo: se me apaga la motivaci\u00f3n, me lesiono, etc. La exposici\u00f3n a la presi\u00f3n de tener que responder a un est\u00e1ndar alto es antinatural. El cuerpo no est\u00e1 preparado para estar todo el tiempo al l\u00edmite. Los estoy entendiendo de grande. Debe ser un alivio vivir con m\u00e1s relajaci\u00f3n, porque la realidad es que nunca te relaj\u00e1s siendo deportista. Con los que habl\u00e9, me comentan que esa adrenalina no la volvieron a vivir. Que sienten que los mejores a\u00f1os de su vida se fueron y queda la nostalgia. Y est\u00e1n los que sienten que lo dieron todo y no reniegan de lo que hicieron.<\/p>\n<p><b>\u2013\u00bfQu\u00e9 diferencias hay entre el tenis convencional y el tenis en silla de ruedas?<\/b><\/p>\n<p>\u2013El uso de los pies. Los pies son el 80 por ciento del juego. La capacidad de mantener los balances, de transferir la fuerza, de darle potencia a la pelota, el saque, la movilidad, los ajustes cortos y largos, el posicionamiento de piernas. En silla de ruedas yo no tengo esa energ\u00eda que te transfieren las piernas. Es f\u00e1cil errar y que la pelota no haga lo que vos quer\u00e9s. Lo compenso siendo agresivo, porque si pierdo la iniciativa, no voy a poder salir a correr para todos lados como hacen los convencionales. Y tambi\u00e9n con solidez, porque el tenis es un deporte de porcentaje, y si tom\u00e1s la iniciativa, pero sin ser s\u00f3lido, vas a terminar teniendo m\u00e1s errores. Despu\u00e9s, pasa por cu\u00e1nto te la bancas o no.<\/p>\n<p><iframe style=\"border: 0px; position: absolute; top: 0px; left: 0px; height: 100%;\" allowfullscreen=\"\" frameborder=\"0\" src=\"https:\/\/www.youtube.com\/embed\/5UInSXKHhxs\"><\/iframe><\/p>\n<p><b>\u2013\u00bfDe qu\u00e9 manera hay que abordar al deporte adaptado?<\/b><\/p>\n<p>\u2013El deporte adaptado se tiene que ver. Si una persona se siente discriminada por ignorancia de otra persona, es preferible que sucedan esas cosas y corregirlas. Aclaro: que se sientan discriminadas por la ignorancia, no por situaciones de agresi\u00f3n. Muchas veces la discapacidad genera rechazo porque no se quiere meter la pata. Si no metemos la pata, jam\u00e1s vamos a entender c\u00f3mo relacionarnos y nos privamos de los puntos de encuentro. Lo que quiero cambiar es que una persona con discapacidad, no se sienta discriminada por todo. Es muy confortable hacerse la v\u00edctima, porque te da contemplaciones. A la discapacidad no hay que tenerle tanta contemplaci\u00f3n. Sino te estancas en el \u00abay, pobre lo que le pas\u00f3\u00bb y nunca se espera nada de esa persona tanto para s\u00ed mismo como para la sociedad. <\/p>\n<p><b>\u2013Adem\u00e1s, hay un deporte detr\u00e1s de todo esto\u2026<\/b><\/p>\n<p>\u2013Por estar en silla de rueda, muchos se fijan en eso y se olvidan de que hay un espect\u00e1culo y un esfuerzo. Hay algo que llamo discriminaci\u00f3n positiva. Te dicen \u00abqu\u00e9 fen\u00f3meno\u00bb, \u00abque crack\u00bb. No, par\u00e1. Tengamos responsabilidades todos. No me desligues responsabilidad porque estoy en silla de ruedas. Hay deportistas que empiezan el deporte, que quieren cobrar plata y ser tratados como deportistas profesionales. No funciona as\u00ed. El deporte social, semi profesional y profesional son cosas distintas. Esto es algo que se tiene que cambiar ya. Hay tres rubros diferentes que hoy en el tenis adaptado est\u00e1n mezclados. Si sos deportista social y no te comport\u00e1s como profesional, no esperes ocupar el lugar de deportista profesional, porque no te corresponde. Como tampoco me bajes el precio diciendo \u00abqu\u00e9 admirable lo que haces\u00bb. Yo me sacrifico dentro del deporte de elite, tanto como un tenista convencional.<\/p>\n<p><b>\u2013En el 2023 atravesaste un momento dif\u00edcil a nivel personal. \u00bfC\u00f3mo lo transitaste?<\/b><\/p>\n<p>\u2013Se dividi\u00f3 en dos partes. Primero los a\u00f1os de deporte profesional que van desgastando y cargando el cuerpo. Eso llev\u00f3 a una infecci\u00f3n, donde tuve que operarme. Esto desencaden\u00f3 en una hemorragia donde casi me muero. Perd\u00ed casi 3 litros de sangre. No me infart\u00e9 de milagro. Se combinaron dos cosas jodidas: el miedo a morir y mis ganas de luchar por el tenis. A dos meses de casi morirme, estaba jugando semifinales de Roland Garros. El esfuerzo que hice me pas\u00f3 una factura enorme, que no supe ver durante seis meses y que me explot\u00f3 en la cara a fines del a\u00f1o pasado, despu\u00e9s de los Juegos Parapanamericanos de Santiago. Ya ven\u00eda desarrollando un trastorno de ansiedad, que deton\u00f3 en un ataque de p\u00e1nico y deriv\u00f3 en un trastorno de ansiedad generalizado. Empez\u00f3 una nueva etapa, donde tuve que hacerme cargo de fantasmas del pasado, actuales y de c\u00f3mo yo quer\u00eda que mi vida siga. <\/p>\n<p><b>\u2013\u00bfQu\u00e9 lugar le diste a la vulnerabilidad?<\/b><\/p>\n<p>\u2013Me interesan mis matices oscuros porque me hacen lo que soy. Esto ocupaba un 100 por ciento de mi tiempo. Diciembre y enero fueron los meses m\u00e1s largos de mi vida. Est\u00e1s encerrado en tu mente creyendo que ten\u00e9s demencia, c\u00e1ncer, donde no pod\u00e9s ser vos, porque no pod\u00e9s salir de esa situaci\u00f3n mental que est\u00e1 adentro tuyo y que te lleva directamente al fondo del barril. Pero como el abismo es jodido, tambi\u00e9n te da mucha perspectiva, porque el cuerpo y la mente te lo piden a gritos, y si interpret\u00e1s lo que te est\u00e1n diciendo, te cambia para siempre. Estoy hace 6 o 7 meses con tratamiento psiqui\u00e1trico, que me cost\u00f3 mucho aceptarlo. Con ayuda de eso y de mi entorno, estoy probablemente en el mejor momento de mi vida, m\u00e1s all\u00e1 de lo duro que es el d\u00eda a d\u00eda, porque hay reca\u00eddas. Me hubiera gustado haber aprendido las cosas de una manera menos cruda. Pero sin vulnerabilidad, no hay resiliencia. Llegar al l\u00edmite me expuso a lidiar con esto y bienvenido sea s\u00ed se logra crecer con este proceso. <\/p>\n<p><b>\u2013\u00bfC\u00f3mo te encontr\u00e1s para disputar los Paral\u00edmpicos de Par\u00eds 2024?<\/b><\/p>\n<p>\u2013Un pasito adelante del otro. En esta regeneraci\u00f3n con la que convivo, cargo con la expectativa de lo que espero de m\u00ed mismo y del deseo de resultado, que es real, y con la expectativa del resto que trato de no hacerme cargo. Estoy bien f\u00edsica y mentalmente, y llego a los Juegos para hacer el mejor intento. Pero mi enfoque est\u00e1 en apoyarme en la almohada y decirme \u00abestoy orgullo de vos\u00bb.<\/p>\n<\/div>\n<p><a href=\"https:\/\/www.pagina12.com.ar\/762458-me-interesan-mis-matices-oscuros-porque-me-hacen-lo-que-soy\">source<\/a><\/p>\n","protected":false},"excerpt":{"rendered":"<p>Es al a\u00f1o y medio cuando Gustavo Fern\u00e1ndez \u2013oriundo de R\u00edo Tercero, C\u00f3rdoba\u2013, tuvo un&#8230;<\/p>\n","protected":false},"author":3,"featured_media":14585,"comment_status":"closed","ping_status":"closed","sticky":false,"template":"","format":"standard","meta":{"footnotes":""},"categories":[21],"tags":[],"class_list":["post-14584","post","type-post","status-publish","format-standard","has-post-thumbnail","hentry","category-deportes"],"featured_image_urls":{"full":["https:\/\/fmamiga909.com.ar\/wp-content\/uploads\/2024\/08\/wp-header-logo-310.png",960,540,false],"thumbnail":["https:\/\/fmamiga909.com.ar\/wp-content\/uploads\/2024\/08\/wp-header-logo-310-150x150.png",150,150,true],"medium":["https:\/\/fmamiga909.com.ar\/wp-content\/uploads\/2024\/08\/wp-header-logo-310-300x169.png",300,169,true],"medium_large":["https:\/\/fmamiga909.com.ar\/wp-content\/uploads\/2024\/08\/wp-header-logo-310.png",960,540,false],"large":["https:\/\/fmamiga909.com.ar\/wp-content\/uploads\/2024\/08\/wp-header-logo-310.png",640,360,false],"1536x1536":["https:\/\/fmamiga909.com.ar\/wp-content\/uploads\/2024\/08\/wp-header-logo-310.png",960,540,false],"2048x2048":["https:\/\/fmamiga909.com.ar\/wp-content\/uploads\/2024\/08\/wp-header-logo-310.png",960,540,false],"newsium-slider-full":["https:\/\/fmamiga909.com.ar\/wp-content\/uploads\/2024\/08\/wp-header-logo-310.png",960,540,false],"newsium-featured":["https:\/\/fmamiga909.com.ar\/wp-content\/uploads\/2024\/08\/wp-header-logo-310.png",960,540,false],"newsium-medium":["https:\/\/fmamiga909.com.ar\/wp-content\/uploads\/2024\/08\/wp-header-logo-310-720x475.png",720,475,true]},"author_info":{"display_name":"Fredy Giuliano","author_link":"https:\/\/fmamiga909.com.ar\/?author=3"},"category_info":"<a href=\"https:\/\/fmamiga909.com.ar\/?cat=21\" rel=\"category\">Deportes<\/a>","tag_info":"Deportes","comment_count":"0","_links":{"self":[{"href":"https:\/\/fmamiga909.com.ar\/index.php?rest_route=\/wp\/v2\/posts\/14584","targetHints":{"allow":["GET"]}}],"collection":[{"href":"https:\/\/fmamiga909.com.ar\/index.php?rest_route=\/wp\/v2\/posts"}],"about":[{"href":"https:\/\/fmamiga909.com.ar\/index.php?rest_route=\/wp\/v2\/types\/post"}],"author":[{"embeddable":true,"href":"https:\/\/fmamiga909.com.ar\/index.php?rest_route=\/wp\/v2\/users\/3"}],"replies":[{"embeddable":true,"href":"https:\/\/fmamiga909.com.ar\/index.php?rest_route=%2Fwp%2Fv2%2Fcomments&post=14584"}],"version-history":[{"count":0,"href":"https:\/\/fmamiga909.com.ar\/index.php?rest_route=\/wp\/v2\/posts\/14584\/revisions"}],"wp:featuredmedia":[{"embeddable":true,"href":"https:\/\/fmamiga909.com.ar\/index.php?rest_route=\/wp\/v2\/media\/14585"}],"wp:attachment":[{"href":"https:\/\/fmamiga909.com.ar\/index.php?rest_route=%2Fwp%2Fv2%2Fmedia&parent=14584"}],"wp:term":[{"taxonomy":"category","embeddable":true,"href":"https:\/\/fmamiga909.com.ar\/index.php?rest_route=%2Fwp%2Fv2%2Fcategories&post=14584"},{"taxonomy":"post_tag","embeddable":true,"href":"https:\/\/fmamiga909.com.ar\/index.php?rest_route=%2Fwp%2Fv2%2Ftags&post=14584"}],"curies":[{"name":"wp","href":"https:\/\/api.w.org\/{rel}","templated":true}]}}