{"id":14592,"date":"2024-08-26T08:24:21","date_gmt":"2024-08-26T08:24:21","guid":{"rendered":"https:\/\/fmamiga909.com.ar\/?p=14592"},"modified":"2024-08-26T08:24:21","modified_gmt":"2024-08-26T08:24:21","slug":"asi-esta-juan-manuel-izquierdo-el-jugador-uruguayo-que-se-desplomo-en-pleno-partido","status":"publish","type":"post","link":"https:\/\/fmamiga909.com.ar\/?p=14592","title":{"rendered":"As\u00ed est\u00e1 Juan Manuel Izquierdo, el jugador uruguayo que se desplom\u00f3 en pleno partido\u00a0"},"content":{"rendered":"<div>\n<p>El Hospital Albert Einstein, donde se encuentra bajo cuidado Juan Manuel Izquierdo, emiti\u00f3 este domingo un nuevo parte m\u00e9dico sobre el estado de salud del jugador de Nacional, quien sigue internado en estado grave. Seg\u00fan los informes, la situaci\u00f3n no ha mostrado mejoras en las \u00faltimas horas.<\/p>\n<p>El comunicado del centro de salud brasile\u00f1o, situado a pocos metros del Estadio Morumb\u00ed, indica que el futbolista de 27 a\u00f1os contin\u00faa bajo sedaci\u00f3n y no ha presentado se\u00f1ales alentadoras desde el punto de vista neurol\u00f3gico. Izquierdo era suplente en el partido entre Nacional y San Pablo, en el estadio de este \u00faltimo, e ingres\u00f3 en el segundo tiempo: se desplom\u00f3 a los 84 minutos, y sin sufrir golpes ni impactos con otros jugadores.<\/p>\n<p>\u00abIngresado desde el 22 de agosto de 2024 a las 20:55, el paciente Juan Manuel Izquierdo fue sometido a nuevos ex\u00e1menes este domingo 25. La evaluaci\u00f3n revel\u00f3 una progresi\u00f3n del da\u00f1o cerebral y un aumento de la presi\u00f3n intracraneal. Juan sigue en cuidados intensivos neurol\u00f3gicos, dependiente de ventilaci\u00f3n mec\u00e1nica\u00bb, se\u00f1ala el comunicado difundido por Nacional, firmado por el neur\u00f3logo Marcos Tadao, el cardi\u00f3logo Carlos Serrano y el director del hospital Miguel Cendorogio.<\/p>\n<\/div>\n<p><a href=\"https:\/\/www.pagina12.com.ar\/762520-asi-esta-juan-manuel-izquierdo-el-jugador-uruguayo-que-se-de\">source<\/a><\/p>\n","protected":false},"excerpt":{"rendered":"<p>El Hospital Albert Einstein, donde se encuentra bajo cuidado Juan Manuel Izquierdo, emiti\u00f3 este domingo&#8230;<\/p>\n","protected":false},"author":3,"featured_media":14593,"comment_status":"closed","ping_status":"closed","sticky":false,"template":"","format":"standard","meta":{"footnotes":""},"categories":[21],"tags":[],"class_list":["post-14592","post","type-post","status-publish","format-standard","has-post-thumbnail","hentry","category-deportes"],"featured_image_urls":{"full":["https:\/\/fmamiga909.com.ar\/wp-content\/uploads\/2024\/08\/wp-header-logo-314.png",960,540,false],"thumbnail":["https:\/\/fmamiga909.com.ar\/wp-content\/uploads\/2024\/08\/wp-header-logo-314-150x150.png",150,150,true],"medium":["https:\/\/fmamiga909.com.ar\/wp-content\/uploads\/2024\/08\/wp-header-logo-314-300x169.png",300,169,true],"medium_large":["https:\/\/fmamiga909.com.ar\/wp-content\/uploads\/2024\/08\/wp-header-logo-314.png",960,540,false],"large":["https:\/\/fmamiga909.com.ar\/wp-content\/uploads\/2024\/08\/wp-header-logo-314.png",640,360,false],"1536x1536":["https:\/\/fmamiga909.com.ar\/wp-content\/uploads\/2024\/08\/wp-header-logo-314.png",960,540,false],"2048x2048":["https:\/\/fmamiga909.com.ar\/wp-content\/uploads\/2024\/08\/wp-header-logo-314.png",960,540,false],"newsium-slider-full":["https:\/\/fmamiga909.com.ar\/wp-content\/uploads\/2024\/08\/wp-header-logo-314.png",960,540,false],"newsium-featured":["https:\/\/fmamiga909.com.ar\/wp-content\/uploads\/2024\/08\/wp-header-logo-314.png",960,540,false],"newsium-medium":["https:\/\/fmamiga909.com.ar\/wp-content\/uploads\/2024\/08\/wp-header-logo-314-720x475.png",720,475,true]},"author_info":{"display_name":"Fredy Giuliano","author_link":"https:\/\/fmamiga909.com.ar\/?author=3"},"category_info":"<a href=\"https:\/\/fmamiga909.com.ar\/?cat=21\" rel=\"category\">Deportes<\/a>","tag_info":"Deportes","comment_count":"0","_links":{"self":[{"href":"https:\/\/fmamiga909.com.ar\/index.php?rest_route=\/wp\/v2\/posts\/14592","targetHints":{"allow":["GET"]}}],"collection":[{"href":"https:\/\/fmamiga909.com.ar\/index.php?rest_route=\/wp\/v2\/posts"}],"about":[{"href":"https:\/\/fmamiga909.com.ar\/index.php?rest_route=\/wp\/v2\/types\/post"}],"author":[{"embeddable":true,"href":"https:\/\/fmamiga909.com.ar\/index.php?rest_route=\/wp\/v2\/users\/3"}],"replies":[{"embeddable":true,"href":"https:\/\/fmamiga909.com.ar\/index.php?rest_route=%2Fwp%2Fv2%2Fcomments&post=14592"}],"version-history":[{"count":0,"href":"https:\/\/fmamiga909.com.ar\/index.php?rest_route=\/wp\/v2\/posts\/14592\/revisions"}],"wp:featuredmedia":[{"embeddable":true,"href":"https:\/\/fmamiga909.com.ar\/index.php?rest_route=\/wp\/v2\/media\/14593"}],"wp:attachment":[{"href":"https:\/\/fmamiga909.com.ar\/index.php?rest_route=%2Fwp%2Fv2%2Fmedia&parent=14592"}],"wp:term":[{"taxonomy":"category","embeddable":true,"href":"https:\/\/fmamiga909.com.ar\/index.php?rest_route=%2Fwp%2Fv2%2Fcategories&post=14592"},{"taxonomy":"post_tag","embeddable":true,"href":"https:\/\/fmamiga909.com.ar\/index.php?rest_route=%2Fwp%2Fv2%2Ftags&post=14592"}],"curies":[{"name":"wp","href":"https:\/\/api.w.org\/{rel}","templated":true}]}}