{"id":14602,"date":"2024-08-26T21:54:17","date_gmt":"2024-08-26T21:54:17","guid":{"rendered":"https:\/\/fmamiga909.com.ar\/?p=14602"},"modified":"2024-08-26T21:54:17","modified_gmt":"2024-08-26T21:54:17","slug":"murio-el-entrenador-sueco-sven-goran-eriksson","status":"publish","type":"post","link":"https:\/\/fmamiga909.com.ar\/?p=14602","title":{"rendered":"Muri\u00f3 el entrenador sueco Sven-Goran Eriksson"},"content":{"rendered":"<div>\n<p>El entrenador sueco <b>Sven-Goran Eriksson<\/b>, que fue seleccionador ingl\u00e9s de 2001 a 2006, <b>muri\u00f3 este lunes a los 76 a\u00f1os<\/b> como consecuencia de un <b>c\u00e1ncer de p\u00e1ncreas<\/b>, anunci\u00f3\u00a0 su representante Bob Gustavsson.<\/p>\n<p>\u00abHa fallecido apaciblemente esta ma\u00f1ana (del lunes), rodeado por su familia, en su domicilio de Bj\u00f6rkefors, cerca de Sunne\u00bb, en el oeste de Suecia, indic\u00f3 el Gustavsson. \u00abAl final todo ha sido muy r\u00e1pido\u00bb, agreg\u00f3 el representantes.<\/p>\n<p>\u00abSvennis\u00bb, como se le conoc\u00eda en su pa\u00eds, <b>hab\u00eda revelado en enero pasado que padec\u00eda un c\u00e1ncer de p\u00e1ncreas incurable<\/b>. \u00abEn el mejor de los casos, me queda un a\u00f1o. En el peor, algo menos\u00bb, se\u00f1al\u00f3 en una entrevista a la emisora p\u00fablica Radio de Suecia.<\/p>\n<h2>Qui\u00e9n era\u00a0Sven-Goran Eriksson<\/h2>\n<p>Eriksson hab\u00eda dejado el a\u00f1o pasado, aduciendo problemas de salud, su cargo como director deportivo del modesto club sueco Karlstad, \u00faltima etapa de <b>una larga y fruct\u00edfera trayectoria que empez\u00f3 a finales de la d\u00e9cada de los a\u00f1os 70 <\/b>en su pa\u00eds de origen.<\/p>\n<p><b>Tras ganar la liga y una Copa de la UEFA con el Gotemburgo sueco, dio el salto al Benfica<\/b>, con el que logr\u00f3 tres ligas y de ah\u00ed pas\u00f3 a Italia, donde desarroll\u00f3 la mayor parte de su carrera en clubes como el <b>Roma, Fiorentina, Sampdoria y Lazio<\/b>, con el que obtuvo una liga, varias copas y otra UEFA.<\/p>\n<p>Eriksson pas\u00f3 tambi\u00e9n por el f\u00fatbol ingl\u00e9s (<b>Manchester City, Leicester<\/b>) y <b>fue el primer t\u00e9cnico no brit\u00e1nico que dirigi\u00f3 a la selecci\u00f3n inglesa<\/b>.\u00a0<\/p>\n<p>Tambi\u00e9n <b>estuvo al frente de los conjuntos nacionales de M\u00e9xico, Costa de Marfil y Filipinas<\/b>, adem\u00e1s de probar en las ligas china y tailandesa.<\/p>\n<p>Desde que hizo p\u00fablica su enfermedad, Eriksson recibi\u00f3 varios homenajes p\u00fablicos, tanto en su pa\u00eds como en otros donde hab\u00eda entrenado, tales que Reino Unido e Italia.\u00a0<\/p>\n<h2>La despedida del pr\u00edncipe de Gales y el f\u00fatbol italiano<\/h2>\n<p>El pr\u00edncipe de Gales, Guillermo, record\u00f3 al exentrenador Sven-Goran Erikssson como \u00abun verdadero caballero\u00bb del f\u00fatbol en un mensaje colgado en la red social X. El primog\u00e9nito del rey Carlos III colg\u00f3 el mensaje en su cuenta al poco de conocerse la muerte del exseleccionador de Inglaterra.<\/p>\n<p>\u00abMe entristece enterarme del fallecimiento de Sven-Goran Eriksson. Lo vi varias veces como seleccionador de Inglaterra y siempre me llam\u00f3 la atenci\u00f3n su carisma y su pasi\u00f3n por el juego. Mis pensamientos est\u00e1n con su familia y amigos. Un verdadero caballero del f\u00fatbol\u00bb, apunt\u00f3 el pr\u00edncipe en su tributo personal.<\/p>\n<p>Varios equipos del <i>calcio <\/i>publicaron mensajes de despedida al\u00a0\u00a0legendario t\u00e9cnico<\/p>\n<p>\u00abGracias por todo lo que ha hecho por nosotros, mister\u00bb, public\u00f3 en sus redes sociales el Lazio, despidiendo a una de las figuras m\u00e1s importantes de su historia.<\/p>\n<p>\u00abLa Fiorentina acompa\u00f1a en el sentimiento a la familia y lamenta el fallecimiento de Sven G\u00f6ran Eriksson. El t\u00e9cnico sueco ocup\u00f3 el cargo de entrenador &#8216;Viola&#8217; de 1987 a 1989\u00bb, expres\u00f3 por su parte la &#8216;Fiore&#8217;.<\/p>\n<p>En la misma l\u00ednea, el Roma: \u00abEl club lamenta el fallecimiento de Sven Goran Eriksson. Dirigi\u00f3 a los &#8216;giallorossi&#8217; de 1984 a 1987, ganando una Copa de Italia. Nuestros pensamientos est\u00e1n con su familia en este momento de dolor\u00bb.<\/p>\n<p>\u00abCiao Sven\u00bb, fue la despedida de la &#8216;Samp&#8217;.<\/p>\n<p>Pero no fueron los \u00fanicos clubes que quisieron rendir tributo a una leyenda del f\u00fatbol italiano. Inter, G\u00e9nova y N\u00e1poles tambi\u00e9n mostraron sus condolencias.<\/p>\n<p>\u00abDescanse en paz, Sven-Goran Eriksson\u00bb, public\u00f3 el G\u00e9nova.<\/p>\n<p>\u00abEl Inter expresa sus condolencias por el fallecimiento de Sven-G\u00f6ran Eriksson y se une a su familia y a todo el mundo del f\u00fatbol en este momento de luto\u00bb, coment\u00f3 el Inter.<\/p>\n<p>\u00abEl presidente Aurelio De Laurentiis, en nombre de todo el N\u00e1poles, se une a la familia de Sven Goran Eriksson tras el fallecimiento de un gran protagonista de la historia del f\u00fatbol\u00bb, expres\u00f3 el combinado napolitano.<\/p>\n<\/div>\n<p><a href=\"https:\/\/www.pagina12.com.ar\/762587-murio-sven-goran-eriksson\">source<\/a><\/p>\n","protected":false},"excerpt":{"rendered":"<p>El entrenador sueco Sven-Goran Eriksson, que fue seleccionador ingl\u00e9s de 2001 a 2006, muri\u00f3 este&#8230;<\/p>\n","protected":false},"author":3,"featured_media":14603,"comment_status":"closed","ping_status":"closed","sticky":false,"template":"","format":"standard","meta":{"footnotes":""},"categories":[21],"tags":[],"class_list":["post-14602","post","type-post","status-publish","format-standard","has-post-thumbnail","hentry","category-deportes"],"featured_image_urls":{"full":["https:\/\/fmamiga909.com.ar\/wp-content\/uploads\/2024\/08\/wp-header-logo-319.png",960,540,false],"thumbnail":["https:\/\/fmamiga909.com.ar\/wp-content\/uploads\/2024\/08\/wp-header-logo-319-150x150.png",150,150,true],"medium":["https:\/\/fmamiga909.com.ar\/wp-content\/uploads\/2024\/08\/wp-header-logo-319-300x169.png",300,169,true],"medium_large":["https:\/\/fmamiga909.com.ar\/wp-content\/uploads\/2024\/08\/wp-header-logo-319.png",960,540,false],"large":["https:\/\/fmamiga909.com.ar\/wp-content\/uploads\/2024\/08\/wp-header-logo-319.png",640,360,false],"1536x1536":["https:\/\/fmamiga909.com.ar\/wp-content\/uploads\/2024\/08\/wp-header-logo-319.png",960,540,false],"2048x2048":["https:\/\/fmamiga909.com.ar\/wp-content\/uploads\/2024\/08\/wp-header-logo-319.png",960,540,false],"newsium-slider-full":["https:\/\/fmamiga909.com.ar\/wp-content\/uploads\/2024\/08\/wp-header-logo-319.png",960,540,false],"newsium-featured":["https:\/\/fmamiga909.com.ar\/wp-content\/uploads\/2024\/08\/wp-header-logo-319.png",960,540,false],"newsium-medium":["https:\/\/fmamiga909.com.ar\/wp-content\/uploads\/2024\/08\/wp-header-logo-319-720x475.png",720,475,true]},"author_info":{"display_name":"Fredy Giuliano","author_link":"https:\/\/fmamiga909.com.ar\/?author=3"},"category_info":"<a href=\"https:\/\/fmamiga909.com.ar\/?cat=21\" rel=\"category\">Deportes<\/a>","tag_info":"Deportes","comment_count":"0","_links":{"self":[{"href":"https:\/\/fmamiga909.com.ar\/index.php?rest_route=\/wp\/v2\/posts\/14602","targetHints":{"allow":["GET"]}}],"collection":[{"href":"https:\/\/fmamiga909.com.ar\/index.php?rest_route=\/wp\/v2\/posts"}],"about":[{"href":"https:\/\/fmamiga909.com.ar\/index.php?rest_route=\/wp\/v2\/types\/post"}],"author":[{"embeddable":true,"href":"https:\/\/fmamiga909.com.ar\/index.php?rest_route=\/wp\/v2\/users\/3"}],"replies":[{"embeddable":true,"href":"https:\/\/fmamiga909.com.ar\/index.php?rest_route=%2Fwp%2Fv2%2Fcomments&post=14602"}],"version-history":[{"count":0,"href":"https:\/\/fmamiga909.com.ar\/index.php?rest_route=\/wp\/v2\/posts\/14602\/revisions"}],"wp:featuredmedia":[{"embeddable":true,"href":"https:\/\/fmamiga909.com.ar\/index.php?rest_route=\/wp\/v2\/media\/14603"}],"wp:attachment":[{"href":"https:\/\/fmamiga909.com.ar\/index.php?rest_route=%2Fwp%2Fv2%2Fmedia&parent=14602"}],"wp:term":[{"taxonomy":"category","embeddable":true,"href":"https:\/\/fmamiga909.com.ar\/index.php?rest_route=%2Fwp%2Fv2%2Fcategories&post=14602"},{"taxonomy":"post_tag","embeddable":true,"href":"https:\/\/fmamiga909.com.ar\/index.php?rest_route=%2Fwp%2Fv2%2Ftags&post=14602"}],"curies":[{"name":"wp","href":"https:\/\/api.w.org\/{rel}","templated":true}]}}