{"id":14618,"date":"2024-08-27T09:44:10","date_gmt":"2024-08-27T09:44:10","guid":{"rendered":"https:\/\/fmamiga909.com.ar\/?p=14618"},"modified":"2024-08-27T09:44:10","modified_gmt":"2024-08-27T09:44:10","slug":"james-rodriguez-jugara-con-la-banda-roja-del-rayo-vallecano","status":"publish","type":"post","link":"https:\/\/fmamiga909.com.ar\/?p=14618","title":{"rendered":"James Rodr\u00edguez jugar\u00e1 con la banda roja del Rayo Vallecano"},"content":{"rendered":"<div>\n<p><b>Rayo Vallecano confirm\u00f3 la incorporaci\u00f3n del colombiano James Rodr\u00edguez<\/b>, quien volver\u00e1 a La Liga espa\u00f1ola despu\u00e9s de haber jugado en Real Madrid entre 2014 y 2017. <b>Rodr\u00edguez, el mejor jugador de la \u00faltima Copa Am\u00e9rica de los Estados Unidos,<\/b> se encontraba desde hace unos d\u00edas en la capital espa\u00f1ola para cerrar su contrataci\u00f3n.<\/p>\n<p>El Rayo asegur\u00f3 que firma as\u00ed<b> <\/b><b><i>\u00ab<\/i>su fichaje estrella <\/b>en la que es su temporada m\u00e1s especial por cumplir 100 a\u00f1os de historia; de valent\u00eda, coraje y nobleza\u00bb. Para el equipo madrile\u00f1o, James <b>\u00abrepresenta los valores del club\u00bb<\/b> y el jugador tiene \u00abganas de so\u00f1ar y hacer cosas grandes\u00bb.Por su parte y en declaraciones difundidas por el propio club, James, de 33 a\u00f1os de edad, se\u00f1al\u00f3 que \u00absoy un jugador al que le gusta ganar y espero poder hacer las cosas bien en este a\u00f1o tan importante para este lindo club. <b>Con muchas ganas de poder so\u00f1ar y hacer cosas grandes<i>\u00ab<\/i><\/b><b>,<\/b> dijo tras confirmarse el acuerdo.<\/p>\n<p>Hace casi una semana, <b>su nombre fue muy mencionado como una posible incorporaci\u00f3n de River. <\/b>\u00a0No obstante, el presidente millonario <b>Jorge Brito<\/b> descart\u00f3 esa posibilidad para no generar falsas expectativas. Por entonces, James ya negociaba con el Rayo la llegada que este lunes se cerr\u00f3.\u00a0<\/p>\n<p>James Rodr\u00edguez naci\u00f3 el 12 de julio de 1991 en C\u00facuta (Colombia) y debut\u00f3 en 2006 en en el club colombiano <b>Envigado. En 2008\u00a0pas\u00f3 a Banfield donde gan\u00f3 su primer t\u00edtulo de campe\u00f3n en el Apertura 2009 y se\u00a0convirti\u00f3 en el jugador extranjero m\u00e1s joven en debutar y marcar un gol en la Primera Divisi\u00f3n argentina.<\/b> En 2010 dio el salto a Europa para recalar en el <b>Porto <\/b>y en 2012 pas\u00f3 a\u00a0<b>M\u00f3naco<\/b>, donde estuvo hasta despu\u00e9s del Mundial 2014 en Brasil.<\/p>\n<p><b>En 2014 inici\u00f3 su primer ciclo en\u00a0Real Madrid que se extendi\u00f3 hasta 2017 c<\/b>uando fue cedido por dos temporadas al\u00a0Bayern M\u00fanich. Luego de volver al Madrid para temporada 2019\/2020<b>,\u00a0<\/b>el t\u00e9cnico italiano Carlo Ancelotti, uno de sus entrenadores en el Real Madrid, se lo llev\u00f3 al\u00a0<b>Everton de Inglaterra, <\/b>donde s\u00f3lo estuvo en la temporada 2020\/21<b>. <\/b>En 2021\/22 pas\u00f3 por<b> Al Rayvan <\/b>de la liga qatar\u00ed, en la 2022\/23 por el<b> Olympiakos de Grecia, <\/b>en la 2023\/24 en<b> San Pablo de Brasil y ahora regresa al f\u00fatbol espa\u00f1ol para jugar en el modesto Rayo Vallecano.<\/b><\/p>\n<\/div>\n<p><a href=\"https:\/\/www.pagina12.com.ar\/762669-james-rodriguez-jugara-con-la-banda-roja-del-rayo-vallecano\">source<\/a><\/p>\n","protected":false},"excerpt":{"rendered":"<p>Rayo Vallecano confirm\u00f3 la incorporaci\u00f3n del colombiano James Rodr\u00edguez, quien volver\u00e1 a La Liga espa\u00f1ola&#8230;<\/p>\n","protected":false},"author":3,"featured_media":14619,"comment_status":"closed","ping_status":"closed","sticky":false,"template":"","format":"standard","meta":{"footnotes":""},"categories":[21],"tags":[],"class_list":["post-14618","post","type-post","status-publish","format-standard","has-post-thumbnail","hentry","category-deportes"],"featured_image_urls":{"full":["https:\/\/fmamiga909.com.ar\/wp-content\/uploads\/2024\/08\/wp-header-logo-327.png",960,540,false],"thumbnail":["https:\/\/fmamiga909.com.ar\/wp-content\/uploads\/2024\/08\/wp-header-logo-327-150x150.png",150,150,true],"medium":["https:\/\/fmamiga909.com.ar\/wp-content\/uploads\/2024\/08\/wp-header-logo-327-300x169.png",300,169,true],"medium_large":["https:\/\/fmamiga909.com.ar\/wp-content\/uploads\/2024\/08\/wp-header-logo-327.png",960,540,false],"large":["https:\/\/fmamiga909.com.ar\/wp-content\/uploads\/2024\/08\/wp-header-logo-327.png",640,360,false],"1536x1536":["https:\/\/fmamiga909.com.ar\/wp-content\/uploads\/2024\/08\/wp-header-logo-327.png",960,540,false],"2048x2048":["https:\/\/fmamiga909.com.ar\/wp-content\/uploads\/2024\/08\/wp-header-logo-327.png",960,540,false],"newsium-slider-full":["https:\/\/fmamiga909.com.ar\/wp-content\/uploads\/2024\/08\/wp-header-logo-327.png",960,540,false],"newsium-featured":["https:\/\/fmamiga909.com.ar\/wp-content\/uploads\/2024\/08\/wp-header-logo-327.png",960,540,false],"newsium-medium":["https:\/\/fmamiga909.com.ar\/wp-content\/uploads\/2024\/08\/wp-header-logo-327-720x475.png",720,475,true]},"author_info":{"display_name":"Fredy Giuliano","author_link":"https:\/\/fmamiga909.com.ar\/?author=3"},"category_info":"<a href=\"https:\/\/fmamiga909.com.ar\/?cat=21\" rel=\"category\">Deportes<\/a>","tag_info":"Deportes","comment_count":"0","_links":{"self":[{"href":"https:\/\/fmamiga909.com.ar\/index.php?rest_route=\/wp\/v2\/posts\/14618","targetHints":{"allow":["GET"]}}],"collection":[{"href":"https:\/\/fmamiga909.com.ar\/index.php?rest_route=\/wp\/v2\/posts"}],"about":[{"href":"https:\/\/fmamiga909.com.ar\/index.php?rest_route=\/wp\/v2\/types\/post"}],"author":[{"embeddable":true,"href":"https:\/\/fmamiga909.com.ar\/index.php?rest_route=\/wp\/v2\/users\/3"}],"replies":[{"embeddable":true,"href":"https:\/\/fmamiga909.com.ar\/index.php?rest_route=%2Fwp%2Fv2%2Fcomments&post=14618"}],"version-history":[{"count":0,"href":"https:\/\/fmamiga909.com.ar\/index.php?rest_route=\/wp\/v2\/posts\/14618\/revisions"}],"wp:featuredmedia":[{"embeddable":true,"href":"https:\/\/fmamiga909.com.ar\/index.php?rest_route=\/wp\/v2\/media\/14619"}],"wp:attachment":[{"href":"https:\/\/fmamiga909.com.ar\/index.php?rest_route=%2Fwp%2Fv2%2Fmedia&parent=14618"}],"wp:term":[{"taxonomy":"category","embeddable":true,"href":"https:\/\/fmamiga909.com.ar\/index.php?rest_route=%2Fwp%2Fv2%2Fcategories&post=14618"},{"taxonomy":"post_tag","embeddable":true,"href":"https:\/\/fmamiga909.com.ar\/index.php?rest_route=%2Fwp%2Fv2%2Ftags&post=14618"}],"curies":[{"name":"wp","href":"https:\/\/api.w.org\/{rel}","templated":true}]}}