{"id":14628,"date":"2024-08-27T19:51:31","date_gmt":"2024-08-27T19:51:31","guid":{"rendered":"https:\/\/fmamiga909.com.ar\/?p=14628"},"modified":"2024-08-27T19:51:31","modified_gmt":"2024-08-27T19:51:31","slug":"el-uruguayo-juan-manuel-izquierdo-esta-con-un-cuadro-neurologico-critico","status":"publish","type":"post","link":"https:\/\/fmamiga909.com.ar\/?p=14628","title":{"rendered":"El uruguayo Juan Manuel Izquierdo est\u00e1 con un &quot;cuadro neurol\u00f3gico cr\u00edtico&quot;"},"content":{"rendered":"<div>\n<p>El futbolista uruguayo<b> Juan Manuel Izquierdo<\/b>, hospitalizado en Brasil tras desmayarse el jueves pasado durante un partido de Copa Libertadores, est\u00e1 con un<b> \u00abcuadro neurol\u00f3gico cr\u00edtico\u00bb<\/b>, seg\u00fan el \u00faltimo parte m\u00e9dico.<\/p>\n<p>El lateral de<b> Nacional de Montevideo <\/b>permanece ingresado en una unidad de cuidados intensivos del hospital Albert Einstein de San Pablo y <b>\u00abdepende de ventilaci\u00f3n mec\u00e1nica\u00bb<\/b>, se\u00f1al\u00f3 la cl\u00ednica privada.<\/p>\n<p>El jugador de 27 a\u00f1os ingres\u00f3 al partido tras el entretiempo y <b>se desplom\u00f3 en los \u00faltimos minutos del encuentro que Nacional y San Pablo (0-2) <\/b>disputaron por la vuelta de los octavos de final de la Libertadores, por causa de una arritmia card\u00edaca.<\/p>\n<div class=\"iframely-embed medium-embedded-content\" data-html=\"Jmx0O2Jsb2NrcXVvdGUgY2xhc3M9InR3aXR0ZXItdHdlZXQiIGRhdGEtZG50PSJ0cnVlIiBhbGlnbj0iY2VudGVyIiZndDsmbHQ7cCBsYW5nPSJlcyIgZGlyPSJsdHIiJmd0O0JvbGV0w61uIG3DqWRpY28gZGVsIEhvc3BpdGFsIElzcmFlbGl0YSBBbGJlcnQgRWluc3RlaW4uICZsdDthIGhyZWY9Imh0dHBzOi8vdC5jby83UjhDaG5JbzdoIiZndDtwaWMudHdpdHRlci5jb20vN1I4Q2huSW83aCZsdDsvYSZndDsmbHQ7L3AmZ3Q7JmFtcDttZGFzaDsgTmFjaW9uYWwgKEBOYWNpb25hbCkgJmx0O2EgaHJlZj0iaHR0cHM6Ly90d2l0dGVyLmNvbS9OYWNpb25hbC9zdGF0dXMvMTgyODIzMjIyNjI3NTc1MDE5ND9yZWZfc3JjPXR3c3JjJTVFdGZ3IiZndDtBdWd1c3QgMjcsIDIwMjQmbHQ7L2EmZ3Q7Jmx0Oy9ibG9ja3F1b3RlJmd0OwombHQ7c2NyaXB0IGFzeW5jIHNyYz0iaHR0cHM6Ly9wbGF0Zm9ybS50d2l0dGVyLmNvbS93aWRnZXRzLmpzIiBjaGFyc2V0PSJ1dGYtOCImZ3Q7Jmx0Oy9zY3JpcHQmZ3Q7CgombHQ7ZGl2IGNsYXNzPSJtZWRpdW0taW5zZXJ0LWVtYmVkcy1tZXRhIiZndDsmbHQ7c2NyaXB0IHR5cGU9InRleHQvanNvbiImZ3Q7eyJ1cmwiOiJodHRwczovL3R3aXR0ZXIuY29tL05hY2lvbmFsL3N0YXR1cy8xODI4MjMyMjI2Mjc1NzUwMTk0IiwidHlwZSI6InJpY2giLCJ2ZXJzaW9uIjoiMS4wIiwidGl0bGUiOiJOYWNpb25hbCBvbiBUd2l0dGVyIC8gWCIsImF1dGhvciI6Ik5hY2lvbmFsIiwiYXV0aG9yX3VybCI6Imh0dHBzOi8vdHdpdHRlci5jb20vTmFjaW9uYWwiLCJwcm92aWRlcl9uYW1lIjoiVHdpdHRlciIsImRlc2NyaXB0aW9uIjoiQm9sZXTDrW4gbcOpZGljbyBkZWwgSG9zcGl0YWwgSXNyYWVsaXRhIEFsYmVydCBFaW5zdGVpbi4gcGljLnR3aXR0ZXIuY29tLzdSOENobklvN2jigJQgTmFjaW9uYWwgKEBOYWNpb25hbCkgQXVndXN0IDI3LCAyMDI0XG5cblxuIiwiY2FjaGVfYWdlIjo4NjQwMCwib3B0aW9ucyI6eyJfaGlkZV9tZWRpYSI6eyJsYWJlbCI6IkhpZGUgcGhvdG9zLCB2aWRlb3MsIGFuZCBjYXJkcyIsInZhbHVlIjpmYWxzZX0sIl90aGVtZSI6eyJ2YWx1ZSI6IiIsInZhbHVlcyI6eyJkYXJrIjoiVXNlIGRhcmsgdGhlbWUifX0sIl9tYXh3aWR0aCI6eyJ2YWx1ZSI6IiIsImxhYmVsIjoiQWRqdXN0IHdpZHRoIiwicGxhY2Vob2xkZXIiOiIyMjAtNTUwLCBpbiBweCJ9fX0mbHQ7L3NjcmlwdCZndDsmbHQ7L2RpdiZndDs=\">\n<a data-iframely-url=\"\" href=\"https:\/\/twitter.com\/Nacional\/status\/1828232226275750194\">https:\/\/twitter.com\/Nacional\/status\/1828232226275750194<\/a>\n<\/div>\n<p><b>Fue retirado del estadio Morumb\u00ed en una ambulancia<\/b> y trasladado inmediatamente al hospital, donde tuvo que ser reanimado con un desfibrilador.<\/p>\n<p>Inicialmente, el equipo m\u00e9dico del Albert Einstein indic\u00f3 que Izquierdo mostr\u00f3 \u00abuna progresi\u00f3n de la afectaci\u00f3n cerebral y un aumento de la presi\u00f3n intracraneal\u00bb, aunque sin dejar de estar bajo \u00abcuidados intensivos neurol\u00f3gicos\u00bb.<\/p>\n<p>El parte del lunes inform\u00f3, sin embargo, que su cuadro neurol\u00f3gico es \u00abcr\u00edtico\u00bb.<\/p>\n<div class=\"iframely-embed medium-embedded-content\" data-html=\"Jmx0O2Jsb2NrcXVvdGUgY2xhc3M9InR3aXR0ZXItdHdlZXQiIGRhdGEtZG50PSJ0cnVlIiBhbGlnbj0iY2VudGVyIiZndDsmbHQ7cCBsYW5nPSJlcyIgZGlyPSJsdHIiJmd0O8KhRnVlcnphLCBKdWFuIEl6cXVpZXJkbyEgJmx0O2EgaHJlZj0iaHR0cHM6Ly90LmNvL1FXVTlTMXF0YXQiJmd0O3BpYy50d2l0dGVyLmNvbS9RV1U5UzFxdGF0Jmx0Oy9hJmd0OyZsdDsvcCZndDsmYW1wO21kYXNoOyBTw6NvIFBhdWxvIEZDIChAU2FvUGF1bG9GQykgJmx0O2EgaHJlZj0iaHR0cHM6Ly90d2l0dGVyLmNvbS9TYW9QYXVsb0ZDL3N0YXR1cy8xODI3ODM1ODk4ODIzNjI3MTM3P3JlZl9zcmM9dHdzcmMlNUV0ZnciJmd0O0F1Z3VzdCAyNSwgMjAyNCZsdDsvYSZndDsmbHQ7L2Jsb2NrcXVvdGUmZ3Q7CiZsdDtzY3JpcHQgYXN5bmMgc3JjPSJodHRwczovL3BsYXRmb3JtLnR3aXR0ZXIuY29tL3dpZGdldHMuanMiIGNoYXJzZXQ9InV0Zi04IiZndDsmbHQ7L3NjcmlwdCZndDsKCiZsdDtkaXYgY2xhc3M9Im1lZGl1bS1pbnNlcnQtZW1iZWRzLW1ldGEiJmd0OyZsdDtzY3JpcHQgdHlwZT0idGV4dC9qc29uIiZndDt7InVybCI6Imh0dHBzOi8vdHdpdHRlci5jb20vU2FvUGF1bG9GQy9zdGF0dXMvMTgyNzgzNTg5ODgyMzYyNzEzNyIsInR5cGUiOiJyaWNoIiwidmVyc2lvbiI6IjEuMCIsInRpdGxlIjoiU8OjbyBQYXVsbyBGQyBvbiBUd2l0dGVyIC8gWCIsImF1dGhvciI6IlPDo28gUGF1bG8gRkMiLCJhdXRob3JfdXJsIjoiaHR0cHM6Ly90d2l0dGVyLmNvbS9TYW9QYXVsb0ZDIiwicHJvdmlkZXJfbmFtZSI6IlR3aXR0ZXIiLCJkZXNjcmlwdGlvbiI6IsKhRnVlcnphLCBKdWFuIEl6cXVpZXJkbyEgcGljLnR3aXR0ZXIuY29tL1FXVTlTMXF0YXTigJQgU8OjbyBQYXVsbyBGQyAoQFNhb1BhdWxvRkMpIEF1Z3VzdCAyNSwgMjAyNFxuXG5cbiIsImNhY2hlX2FnZSI6ODY0MDAsIm9wdGlvbnMiOnsiX2hpZGVfbWVkaWEiOnsibGFiZWwiOiJIaWRlIHBob3RvcywgdmlkZW9zLCBhbmQgY2FyZHMiLCJ2YWx1ZSI6ZmFsc2V9LCJfdGhlbWUiOnsidmFsdWUiOiIiLCJ2YWx1ZXMiOnsiZGFyayI6IlVzZSBkYXJrIHRoZW1lIn19LCJfbWF4d2lkdGgiOnsidmFsdWUiOiIiLCJsYWJlbCI6IkFkanVzdCB3aWR0aCIsInBsYWNlaG9sZGVyIjoiMjIwLTU1MCwgaW4gcHgifX19Jmx0Oy9zY3JpcHQmZ3Q7Jmx0Oy9kaXYmZ3Q7\">\n<a data-iframely-url=\"\" href=\"https:\/\/twitter.com\/SaoPauloFC\/status\/1827835898823627137\">https:\/\/twitter.com\/SaoPauloFC\/status\/1827835898823627137<\/a>\n<\/div>\n<p>El estado de salud de Izquierdo ha conmocionado al<b> f\u00fatbol uruguayo, que incluso suspendi\u00f3 sus actividades el pasado fin de semana. <\/b>Mientras que en Brasil, los jugadores del San Pablo salieron el domingo al Morumb\u00ed con camisetas con un mensaje de apoyo para Izquierdo.<\/p>\n<p>Izquierdo est\u00e1 acompa\u00f1ado actualmente de su mujer, su hija de dos a\u00f1os y sus padres.<\/p>\n<\/div>\n<p><script async src=\"\/\/platform.twitter.com\/widgets.js\" charset=\"utf-8\"><\/script><br \/><a href=\"https:\/\/www.pagina12.com.ar\/762842-el-uruguayo-juan-manuel-izquierdo-esta-con-un-cuadro-neurolo\">source<\/a><\/p>\n","protected":false},"excerpt":{"rendered":"<p>El futbolista uruguayo Juan Manuel Izquierdo, hospitalizado en Brasil tras desmayarse el jueves pasado durante&#8230;<\/p>\n","protected":false},"author":3,"featured_media":14629,"comment_status":"closed","ping_status":"closed","sticky":false,"template":"","format":"standard","meta":{"footnotes":""},"categories":[21],"tags":[],"class_list":["post-14628","post","type-post","status-publish","format-standard","has-post-thumbnail","hentry","category-deportes"],"featured_image_urls":{"full":["https:\/\/fmamiga909.com.ar\/wp-content\/uploads\/2024\/08\/wp-header-logo-330.png",960,540,false],"thumbnail":["https:\/\/fmamiga909.com.ar\/wp-content\/uploads\/2024\/08\/wp-header-logo-330-150x150.png",150,150,true],"medium":["https:\/\/fmamiga909.com.ar\/wp-content\/uploads\/2024\/08\/wp-header-logo-330-300x169.png",300,169,true],"medium_large":["https:\/\/fmamiga909.com.ar\/wp-content\/uploads\/2024\/08\/wp-header-logo-330.png",960,540,false],"large":["https:\/\/fmamiga909.com.ar\/wp-content\/uploads\/2024\/08\/wp-header-logo-330.png",640,360,false],"1536x1536":["https:\/\/fmamiga909.com.ar\/wp-content\/uploads\/2024\/08\/wp-header-logo-330.png",960,540,false],"2048x2048":["https:\/\/fmamiga909.com.ar\/wp-content\/uploads\/2024\/08\/wp-header-logo-330.png",960,540,false],"newsium-slider-full":["https:\/\/fmamiga909.com.ar\/wp-content\/uploads\/2024\/08\/wp-header-logo-330.png",960,540,false],"newsium-featured":["https:\/\/fmamiga909.com.ar\/wp-content\/uploads\/2024\/08\/wp-header-logo-330.png",960,540,false],"newsium-medium":["https:\/\/fmamiga909.com.ar\/wp-content\/uploads\/2024\/08\/wp-header-logo-330-720x475.png",720,475,true]},"author_info":{"display_name":"Fredy Giuliano","author_link":"https:\/\/fmamiga909.com.ar\/?author=3"},"category_info":"<a href=\"https:\/\/fmamiga909.com.ar\/?cat=21\" rel=\"category\">Deportes<\/a>","tag_info":"Deportes","comment_count":"0","_links":{"self":[{"href":"https:\/\/fmamiga909.com.ar\/index.php?rest_route=\/wp\/v2\/posts\/14628","targetHints":{"allow":["GET"]}}],"collection":[{"href":"https:\/\/fmamiga909.com.ar\/index.php?rest_route=\/wp\/v2\/posts"}],"about":[{"href":"https:\/\/fmamiga909.com.ar\/index.php?rest_route=\/wp\/v2\/types\/post"}],"author":[{"embeddable":true,"href":"https:\/\/fmamiga909.com.ar\/index.php?rest_route=\/wp\/v2\/users\/3"}],"replies":[{"embeddable":true,"href":"https:\/\/fmamiga909.com.ar\/index.php?rest_route=%2Fwp%2Fv2%2Fcomments&post=14628"}],"version-history":[{"count":0,"href":"https:\/\/fmamiga909.com.ar\/index.php?rest_route=\/wp\/v2\/posts\/14628\/revisions"}],"wp:featuredmedia":[{"embeddable":true,"href":"https:\/\/fmamiga909.com.ar\/index.php?rest_route=\/wp\/v2\/media\/14629"}],"wp:attachment":[{"href":"https:\/\/fmamiga909.com.ar\/index.php?rest_route=%2Fwp%2Fv2%2Fmedia&parent=14628"}],"wp:term":[{"taxonomy":"category","embeddable":true,"href":"https:\/\/fmamiga909.com.ar\/index.php?rest_route=%2Fwp%2Fv2%2Fcategories&post=14628"},{"taxonomy":"post_tag","embeddable":true,"href":"https:\/\/fmamiga909.com.ar\/index.php?rest_route=%2Fwp%2Fv2%2Ftags&post=14628"}],"curies":[{"name":"wp","href":"https:\/\/api.w.org\/{rel}","templated":true}]}}