{"id":14632,"date":"2024-08-27T20:31:51","date_gmt":"2024-08-27T20:31:51","guid":{"rendered":"https:\/\/fmamiga909.com.ar\/?p=14632"},"modified":"2024-08-27T20:31:51","modified_gmt":"2024-08-27T20:31:51","slug":"franco-colapinto-estoy-preparado-para-el-desafio","status":"publish","type":"post","link":"https:\/\/fmamiga909.com.ar\/?p=14632","title":{"rendered":"Franco Colapinto:\u00a0&quot;Estoy preparado para el desaf\u00edo&quot;"},"content":{"rendered":"<div>\n<p>El piloto argentino <b>Franco Colapinto<\/b> expres\u00f3 este martes su emoci\u00f3n luego de que se confirmara que competir\u00e1 en la<b> F\u00f3rmula 1<\/b> lo que resta de la temporada: \u00abEstoy preparado para el desaf\u00edo\u00bb.<\/p>\n<p>Colapinto, que correr\u00e1 con <b>Williams <\/b>en lugar del estadounidense Logan Sargeant, confes\u00f3 que \u00abes un honor debutar en la F\u00f3rmula 1 con este equipo. De esto est\u00e1n hechos los sue\u00f1os\u00bb.<\/p>\n<p>A su vez, en declaraciones publicadas por la p\u00e1gina oficial de la escuder\u00eda, expres\u00f3: <b>\u00abLlegar a la F\u00f3rmula 1 a mitad de temporada supondr\u00e1 un enorme aprendizaje<\/b>, pero estoy preparado para el desaf\u00edo y estoy totalmente concentrado en trabajar lo m\u00e1s duro que pueda con Alex (Albon) y el equipo para que sea un \u00e9xito\u00bb.<\/p>\n<p>Por su parte,<b> James Vowles<\/b>, el director del equipo en el que correr\u00e1 Colapinto, se refiri\u00f3 a la salida de Sargeant luego del choque que protagoniz\u00f3 en las pr\u00e1cticas libres del Gran Premio de Pa\u00edses Bajos:<b> \u00abReemplazar a un piloto a mitad de temporada no es una decisi\u00f3n que hayamos tomado a la ligera<\/b>, pero creemos que esto le da a Williams la mejor oportunidad de competir por los puntos durante el resto del a\u00f1o\u00bb.<\/p>\n<p>A\u00f1adi\u00f3 que\u00a0\u00abLogan sigue siendo un piloto talentoso y le apoyaremos para que contin\u00fae su carrera en el futuro. <b>S\u00e9 que Franco tiene una gran velocidad y un potencial enorme, y estamos deseando ver lo que puede hacer en la F\u00f3rmula 1&#8243;<\/b>. Vowles tambi\u00e9n adelant\u00f3 que \u00abacabamos de realizar una gran mejora en el coche y necesitamos aprovechar al m\u00e1ximo cada oportunidad de sumar puntos en una batalla en la zona media del campeonato muy re\u00f1ida\u00bb.<\/p>\n<p>Por \u00faltimo, destac\u00f3: \u00abCreemos en invertir en nuestros j\u00f3venes pilotos en la Williams Racing Driver Academy, y <b>Franco est\u00e1 teniendo una oportunidad fant\u00e1stica<\/b> de demostrar de lo que es capaz en las \u00faltimas nueve rondas de la temporada\u00bb.<\/p>\n<p>Colapinto da este salto en plena disputa de su primera temporada en la F\u00f3rmula 2, donde marcha sexto y ya cosech\u00f3 un triunfo en la carrera Sprint de Imola.\u00a0<b>El debut de Colapinto en la F\u00f3rmula 1 ser\u00e1 este domingo, en el Gran Premio de Italia<\/b> que se correr\u00e1 en Monza.<\/p>\n<\/div>\n<p><a href=\"https:\/\/www.pagina12.com.ar\/762882-franco-colapinto-estoy-preparado-para-el-desafio\">source<\/a><\/p>\n","protected":false},"excerpt":{"rendered":"<p>El piloto argentino Franco Colapinto expres\u00f3 este martes su emoci\u00f3n luego de que se confirmara&#8230;<\/p>\n","protected":false},"author":3,"featured_media":14633,"comment_status":"closed","ping_status":"closed","sticky":false,"template":"","format":"standard","meta":{"footnotes":""},"categories":[21],"tags":[],"class_list":["post-14632","post","type-post","status-publish","format-standard","has-post-thumbnail","hentry","category-deportes"],"featured_image_urls":{"full":["https:\/\/fmamiga909.com.ar\/wp-content\/uploads\/2024\/08\/wp-header-logo-332.png",960,540,false],"thumbnail":["https:\/\/fmamiga909.com.ar\/wp-content\/uploads\/2024\/08\/wp-header-logo-332-150x150.png",150,150,true],"medium":["https:\/\/fmamiga909.com.ar\/wp-content\/uploads\/2024\/08\/wp-header-logo-332-300x169.png",300,169,true],"medium_large":["https:\/\/fmamiga909.com.ar\/wp-content\/uploads\/2024\/08\/wp-header-logo-332.png",960,540,false],"large":["https:\/\/fmamiga909.com.ar\/wp-content\/uploads\/2024\/08\/wp-header-logo-332.png",640,360,false],"1536x1536":["https:\/\/fmamiga909.com.ar\/wp-content\/uploads\/2024\/08\/wp-header-logo-332.png",960,540,false],"2048x2048":["https:\/\/fmamiga909.com.ar\/wp-content\/uploads\/2024\/08\/wp-header-logo-332.png",960,540,false],"newsium-slider-full":["https:\/\/fmamiga909.com.ar\/wp-content\/uploads\/2024\/08\/wp-header-logo-332.png",960,540,false],"newsium-featured":["https:\/\/fmamiga909.com.ar\/wp-content\/uploads\/2024\/08\/wp-header-logo-332.png",960,540,false],"newsium-medium":["https:\/\/fmamiga909.com.ar\/wp-content\/uploads\/2024\/08\/wp-header-logo-332-720x475.png",720,475,true]},"author_info":{"display_name":"Fredy Giuliano","author_link":"https:\/\/fmamiga909.com.ar\/?author=3"},"category_info":"<a href=\"https:\/\/fmamiga909.com.ar\/?cat=21\" rel=\"category\">Deportes<\/a>","tag_info":"Deportes","comment_count":"0","_links":{"self":[{"href":"https:\/\/fmamiga909.com.ar\/index.php?rest_route=\/wp\/v2\/posts\/14632","targetHints":{"allow":["GET"]}}],"collection":[{"href":"https:\/\/fmamiga909.com.ar\/index.php?rest_route=\/wp\/v2\/posts"}],"about":[{"href":"https:\/\/fmamiga909.com.ar\/index.php?rest_route=\/wp\/v2\/types\/post"}],"author":[{"embeddable":true,"href":"https:\/\/fmamiga909.com.ar\/index.php?rest_route=\/wp\/v2\/users\/3"}],"replies":[{"embeddable":true,"href":"https:\/\/fmamiga909.com.ar\/index.php?rest_route=%2Fwp%2Fv2%2Fcomments&post=14632"}],"version-history":[{"count":0,"href":"https:\/\/fmamiga909.com.ar\/index.php?rest_route=\/wp\/v2\/posts\/14632\/revisions"}],"wp:featuredmedia":[{"embeddable":true,"href":"https:\/\/fmamiga909.com.ar\/index.php?rest_route=\/wp\/v2\/media\/14633"}],"wp:attachment":[{"href":"https:\/\/fmamiga909.com.ar\/index.php?rest_route=%2Fwp%2Fv2%2Fmedia&parent=14632"}],"wp:term":[{"taxonomy":"category","embeddable":true,"href":"https:\/\/fmamiga909.com.ar\/index.php?rest_route=%2Fwp%2Fv2%2Fcategories&post=14632"},{"taxonomy":"post_tag","embeddable":true,"href":"https:\/\/fmamiga909.com.ar\/index.php?rest_route=%2Fwp%2Fv2%2Ftags&post=14632"}],"curies":[{"name":"wp","href":"https:\/\/api.w.org\/{rel}","templated":true}]}}