{"id":14634,"date":"2024-08-27T21:25:40","date_gmt":"2024-08-27T21:25:40","guid":{"rendered":"https:\/\/fmamiga909.com.ar\/?p=14634"},"modified":"2024-08-27T21:25:40","modified_gmt":"2024-08-27T21:25:40","slug":"el-argentino-fran-colapinto-a-la-formula-1","status":"publish","type":"post","link":"https:\/\/fmamiga909.com.ar\/?p=14634","title":{"rendered":"\u00a1El argentino Fran Colapinto a la F\u00f3rmula 1!"},"content":{"rendered":"<div>\n<p>Es un hecho: <b>Argentina volver\u00e1 a tener un representante en la F\u00f3rmula 1. Ser\u00e1 Franco Colapinto,<\/b> quien fue confirmado este martes como piloto de Williams para lo que queda de la temporada. Usar\u00e1 el n\u00famero 43 y har\u00e1 dupla con el tailand\u00e9s-brit\u00e1nico Alexander Albon.<\/p>\n<h3\/>\n<p><b>\u00abWilliams Racing anuncia que Franco Colapinto competir\u00e1 con el equipo durante el resto de la temporada 2024 <\/b>del Campeonato Mundial de F\u00f3rmula 1 de la FIA y competir\u00e1 desde el Gran Premio de Italia. Franco es miembro de la Williams Racing Driver Academy y su campa\u00f1a de F2 de este a\u00f1o le ha permitido conseguir una victoria en Imola y podios en las carreras principales de Barcelona y Austria, adem\u00e1s de otras siete participaciones en las que sum\u00f3 puntos\u00bb, anunci\u00f3 oficialmente la escuder\u00eda brit\u00e1nica.<\/p>\n<p>\u00abEl joven de 21 a\u00f1os se convertir\u00e1 en el 49\u00b0 piloto de Gran Premio de Williams Racing y <b>es el primer piloto argentino en la F1 en 23 a\u00f1os y el segundo argentino en conducir para el equipo brit\u00e1nico, despu\u00e9s de su compatriota Carlos Reutemann\u00bb<\/b>, agregaron.<\/p>\n<div class=\"iframely-embed medium-embedded-content\" data-html=\"Jmx0O2Jsb2NrcXVvdGUgY2xhc3M9InR3aXR0ZXItdHdlZXQiIGRhdGEtZG50PSJ0cnVlIiBhbGlnbj0iY2VudGVyIiZndDsmbHQ7cCBsYW5nPSJlbiIgZGlyPSJsdHIiJmd0O0ZyYW5jbyBDb2xhcGludG8gdG8gcmFjZSBmb3IgdGhlIHJlbWFpbmRlciBvZiB0aGUgMjAyNCBzZWFzb24uJmx0Oy9wJmd0OyZhbXA7bWRhc2g7IFdpbGxpYW1zIFJhY2luZyAoQFdpbGxpYW1zUmFjaW5nKSAmbHQ7YSBocmVmPSJodHRwczovL3R3aXR0ZXIuY29tL1dpbGxpYW1zUmFjaW5nL3N0YXR1cy8xODI4NDYyNTM4Nzk2NzA0MjE0P3JlZl9zcmM9dHdzcmMlNUV0ZnciJmd0O0F1Z3VzdCAyNywgMjAyNCZsdDsvYSZndDsmbHQ7L2Jsb2NrcXVvdGUmZ3Q7CiZsdDtzY3JpcHQgYXN5bmMgc3JjPSJodHRwczovL3BsYXRmb3JtLnR3aXR0ZXIuY29tL3dpZGdldHMuanMiIGNoYXJzZXQ9InV0Zi04IiZndDsmbHQ7L3NjcmlwdCZndDsKCiZsdDtkaXYgY2xhc3M9Im1lZGl1bS1pbnNlcnQtZW1iZWRzLW1ldGEiJmd0OyZsdDtzY3JpcHQgdHlwZT0idGV4dC9qc29uIiZndDt7InVybCI6Imh0dHBzOi8vdHdpdHRlci5jb20vV2lsbGlhbXNSYWNpbmcvc3RhdHVzLzE4Mjg0NjI1Mzg3OTY3MDQyMTQiLCJ0eXBlIjoicmljaCIsInZlcnNpb24iOiIxLjAiLCJ0aXRsZSI6IldpbGxpYW1zIFJhY2luZyBvbiBUd2l0dGVyIC8gWCIsImF1dGhvciI6IldpbGxpYW1zIFJhY2luZyIsImF1dGhvcl91cmwiOiJodHRwczovL3R3aXR0ZXIuY29tL1dpbGxpYW1zUmFjaW5nIiwicHJvdmlkZXJfbmFtZSI6IlR3aXR0ZXIiLCJkZXNjcmlwdGlvbiI6IkZyYW5jbyBDb2xhcGludG8gdG8gcmFjZSBmb3IgdGhlIHJlbWFpbmRlciBvZiB0aGUgMjAyNCBzZWFzb24u4oCUIFdpbGxpYW1zIFJhY2luZyAoQFdpbGxpYW1zUmFjaW5nKSBBdWd1c3QgMjcsIDIwMjRcblxuXG4iLCJjYWNoZV9hZ2UiOjg2NDAwLCJvcHRpb25zIjp7Il90aGVtZSI6eyJ2YWx1ZSI6IiIsInZhbHVlcyI6eyJkYXJrIjoiVXNlIGRhcmsgdGhlbWUifX0sIl9tYXh3aWR0aCI6eyJ2YWx1ZSI6IiIsImxhYmVsIjoiQWRqdXN0IHdpZHRoIiwicGxhY2Vob2xkZXIiOiIyMjAtNTUwLCBpbiBweCJ9fX0mbHQ7L3NjcmlwdCZndDsmbHQ7L2RpdiZndDs=\">\n<a data-iframely-url=\"\" href=\"https:\/\/twitter.com\/WilliamsRacing\/status\/1828462538796704214\">https:\/\/twitter.com\/WilliamsRacing\/status\/1828462538796704214<\/a>\n<\/div>\n<h2>Cu\u00e1ndo debuta Colapinto en la F1<\/h2>\n<p>El <b>debut <\/b>de Colapinto en la m\u00e1xima categor\u00eda del automovilismo mundial ser\u00e1 este <b>domingo, 1\u00ba de septiembre, en el Gran Premio de Monza, Italia, que arrancar\u00e1 a las 10 de la ma\u00f1ana<\/b>. Las pr\u00e1cticas se llevar\u00e1n a cabo entre viernes y s\u00e1bado y, ese mismo d\u00eda desde las 11, ser\u00e1 <b>la clasificaci\u00f3n<\/b>.<\/p>\n<p><b>Ser\u00e1 la parada n\u00famero 16 de las 24 del calendario de la F1, con lo que el argentino tendr\u00e1 nueve pruebas para mostrar sus condiciones. <\/b>Luego vendr\u00e1n Bak\u00fa (Azerbaiy\u00e1n) el 15, Marina Bay (Singapur) el 22, Estados Unidos el 20 de octubre, M\u00e9xico el 27, San Pablo (Brasil) el 3 de noviembre, Las Vegas el 23, Lusail (Qatar) el \u00ba de diciembre y Abu Dhabi (Emiratos) el 8.<\/p>\n<p>Vale recordar que la aparici\u00f3n de Colapinto ser\u00e1 la primera para un argentino <b>desde 2001, cuando Gast\u00f3n Mazzacane<\/b> corri\u00f3 cuatro fechas para Prost (un a\u00f1o antes complet\u00f3 la temporada con Minardi).<\/p>\n<h2>Qu\u00e9 dijo Colapinto<\/h2>\n<p>Por su parte, la escuder\u00eda tambi\u00e9n p\u00fablico unas <b>declaraciones del argentino: \u00abEs un honor debutar en la F\u00f3rmula 1 con Williams. De esto est\u00e1n hechos los sue\u00f1os. <\/b>El equipo tiene una historia incre\u00edble y una misi\u00f3n que cumplir: volver al frente, algo de lo que no puedo esperar a ser parte.<\/p>\n<p><b>\u00abLlegar a la F1 a mitad de temporada supondr\u00e1 un enorme aprendizaje, pero estoy preparado <\/b>para el desaf\u00edo y estoy totalmente concentrado en trabajar lo m\u00e1s duro que pueda con Alex y el equipo para que sea un \u00e9xito\u00bb.<\/p>\n<h2>El a\u00f1o de Williams Racing<\/h2>\n<p>De todos modos, a no desesperarse.\u00a0<b>Williams viene teniendo uno de los rendimientos m\u00e1s flojos de la temporada. Suma apenas cuatro puntos <\/b>en el campeonato de constructores, m\u00e9rito de Albon y su par de novenos puestos, conseguidos en M\u00f3naco y Silverstone. Los brit\u00e1nicos se ubican s\u00f3lo por encima de Sauber-Ferrari (son diez escuder\u00edas), que no sum\u00f3 unidades en lo que va del a\u00f1o.<\/p>\n<h2>C\u00f3mo surgi\u00f3 la posibilidad<\/h2>\n<p>El s\u00e1bado pasado<b> el estadounidense Logan Sargeant (23 a\u00f1os) destruy\u00f3 su auto en las pruebas libres y colm\u00f3 la paciencia de James Vowles, jefe del equipo de Williams<\/b>, quien ya ten\u00eda al yanqui en la mira por su flojo desempe\u00f1o en la temporada: no suma puntos, est\u00e1 pen\u00faltimo en la tabla de pilotos y sus mejores actuaciones fueron 11\u00ba y 15\u00ba en dos ocasiones.<\/p>\n<p>En consecuencia, ya que terminaba contrato a fin de temporada, la rescisi\u00f3n del v\u00ednculo se aceler\u00f3 y <b>al estadounidense le empezaron a buscar reemplazo <\/b>en las categor\u00edas inferiores de la escuder\u00eda.<\/p>\n<div class=\"iframely-embed medium-embedded-content\" data-html=\"Jmx0O2Jsb2NrcXVvdGUgY2xhc3M9InR3aXR0ZXItdHdlZXQiIGRhdGEtZG50PSJ0cnVlIiBhbGlnbj0iY2VudGVyIiZndDsmbHQ7cCBsYW5nPSJlbiIgZGlyPSJsdHIiJmd0O1dl4oCZZCBsaWtlIHRvIHRoYW5rIExvZ2FuIGZvciBldmVyeXRoaW5nIGhlIGhhcyBkb25lIHRoZSBwYXN0IHR3byBzZWFzb25zLiAmbHQ7YnImZ3Q7Jmx0O2JyJmd0O0hlIHdpbGwgcmVtYWluIGEgbWVtYmVyIG9mIHRoZSBXaWxsaWFtcyBmYW1pbHkgYW5kIHdlIHdpbGwgYmUgc3VwcG9ydGluZyBoaW0gdG8gY29udGludWUgaGlzIHJhY2luZyBjYXJlZXIuICZsdDthIGhyZWY9Imh0dHBzOi8vdC5jby95SEl5M2o5NG5EIiZndDtwaWMudHdpdHRlci5jb20veUhJeTNqOTRuRCZsdDsvYSZndDsmbHQ7L3AmZ3Q7JmFtcDttZGFzaDsgV2lsbGlhbXMgUmFjaW5nIChAV2lsbGlhbXNSYWNpbmcpICZsdDthIGhyZWY9Imh0dHBzOi8vdHdpdHRlci5jb20vV2lsbGlhbXNSYWNpbmcvc3RhdHVzLzE4Mjg0Njc1MTAwMjQ1MTE3MjU\/cmVmX3NyYz10d3NyYyU1RXRmdyImZ3Q7QXVndXN0IDI3LCAyMDI0Jmx0Oy9hJmd0OyZsdDsvYmxvY2txdW90ZSZndDsKJmx0O3NjcmlwdCBhc3luYyBzcmM9Imh0dHBzOi8vcGxhdGZvcm0udHdpdHRlci5jb20vd2lkZ2V0cy5qcyIgY2hhcnNldD0idXRmLTgiJmd0OyZsdDsvc2NyaXB0Jmd0OwoKJmx0O2RpdiBjbGFzcz0ibWVkaXVtLWluc2VydC1lbWJlZHMtbWV0YSImZ3Q7Jmx0O3NjcmlwdCB0eXBlPSJ0ZXh0L2pzb24iJmd0O3sidXJsIjoiaHR0cHM6Ly90d2l0dGVyLmNvbS9XaWxsaWFtc1JhY2luZy9zdGF0dXMvMTgyODQ2NzUxMDAyNDUxMTcyNSIsInR5cGUiOiJyaWNoIiwidmVyc2lvbiI6IjEuMCIsInRpdGxlIjoiV2lsbGlhbXMgUmFjaW5nIG9uIFR3aXR0ZXIgLyBYIiwiYXV0aG9yIjoiV2lsbGlhbXMgUmFjaW5nIiwiYXV0aG9yX3VybCI6Imh0dHBzOi8vdHdpdHRlci5jb20vV2lsbGlhbXNSYWNpbmciLCJwcm92aWRlcl9uYW1lIjoiVHdpdHRlciIsImRlc2NyaXB0aW9uIjoiV2XigJlkIGxpa2UgdG8gdGhhbmsgTG9nYW4gZm9yIGV2ZXJ5dGhpbmcgaGUgaGFzIGRvbmUgdGhlIHBhc3QgdHdvIHNlYXNvbnMuIEhlIHdpbGwgcmVtYWluIGEgbWVtYmVyIG9mIHRoZSBXaWxsaWFtcyBmYW1pbHkgYW5kIHdlIHdpbGwgYmUgc3VwcG9ydGluZyBoaW0gdG8gY29udGludWUgaGlzIHJhY2luZyBjYXJlZXIuIHBpYy50d2l0dGVyLmNvbS95SEl5M2o5NG5E4oCUIFdpbGxpYW1zIFJhY2luZyAoQFdpbGxpYW1zUmFjaW5nKSBBdWd1c3QgMjcsIDIwMjRcblxuXG4iLCJjYWNoZV9hZ2UiOjg2NDAwLCJvcHRpb25zIjp7Il9oaWRlX21lZGlhIjp7ImxhYmVsIjoiSGlkZSBwaG90b3MsIHZpZGVvcywgYW5kIGNhcmRzIiwidmFsdWUiOmZhbHNlfSwiX3RoZW1lIjp7InZhbHVlIjoiIiwidmFsdWVzIjp7ImRhcmsiOiJVc2UgZGFyayB0aGVtZSJ9fSwiX21heHdpZHRoIjp7InZhbHVlIjoiIiwibGFiZWwiOiJBZGp1c3Qgd2lkdGgiLCJwbGFjZWhvbGRlciI6IjIyMC01NTAsIGluIHB4In19fSZsdDsvc2NyaXB0Jmd0OyZsdDsvZGl2Jmd0Ow==\">\n<a data-iframely-url=\"\" href=\"https:\/\/twitter.com\/WilliamsRacing\/status\/1828467510024511725\">https:\/\/twitter.com\/WilliamsRacing\/status\/1828467510024511725<\/a>\n<\/div>\n<p><b>\u201cReemplazar a un piloto a mitad de temporada no es una decisi\u00f3n que hayamos tomado a la ligera<\/b>, pero creemos que esto le da a Williams la mejor oportunidad de competir por los puntos durante el resto de la temporada. <b>Esto es sin duda incre\u00edblemente duro para Logan<\/b>, que lo ha dado todo durante su tiempo con Williams, y queremos agradecerle todo su arduo trabajo y actitud positiva\u00bb, declar\u00f3 Vowles al sitio oficial de Williams.<\/p>\n<p>Sobre Colapinto, en tanto, el jefe expres\u00f3: <b>\u00abTambi\u00e9n creemos en invertir en nuestros j\u00f3venes pilotos en la Williams Racing Driver Academy y Franco est\u00e1 teniendo una oportunidad fant\u00e1stica<\/b> de demostrar de lo que es capaz en las \u00faltimas nueve rondas de la temporada.<\/p>\n<\/div>\n<p><script async src=\"\/\/platform.twitter.com\/widgets.js\" charset=\"utf-8\"><\/script><br \/><a href=\"https:\/\/www.pagina12.com.ar\/762852-el-argentino-fran-colapinto-a-la-formula-1\">source<\/a><\/p>\n","protected":false},"excerpt":{"rendered":"<p>Es un hecho: Argentina volver\u00e1 a tener un representante en la F\u00f3rmula 1. Ser\u00e1 Franco&#8230;<\/p>\n","protected":false},"author":3,"featured_media":14635,"comment_status":"closed","ping_status":"closed","sticky":false,"template":"","format":"standard","meta":{"footnotes":""},"categories":[21],"tags":[],"class_list":["post-14634","post","type-post","status-publish","format-standard","has-post-thumbnail","hentry","category-deportes"],"featured_image_urls":{"full":["https:\/\/fmamiga909.com.ar\/wp-content\/uploads\/2024\/08\/wp-header-logo-333.png",960,540,false],"thumbnail":["https:\/\/fmamiga909.com.ar\/wp-content\/uploads\/2024\/08\/wp-header-logo-333-150x150.png",150,150,true],"medium":["https:\/\/fmamiga909.com.ar\/wp-content\/uploads\/2024\/08\/wp-header-logo-333-300x169.png",300,169,true],"medium_large":["https:\/\/fmamiga909.com.ar\/wp-content\/uploads\/2024\/08\/wp-header-logo-333.png",960,540,false],"large":["https:\/\/fmamiga909.com.ar\/wp-content\/uploads\/2024\/08\/wp-header-logo-333.png",640,360,false],"1536x1536":["https:\/\/fmamiga909.com.ar\/wp-content\/uploads\/2024\/08\/wp-header-logo-333.png",960,540,false],"2048x2048":["https:\/\/fmamiga909.com.ar\/wp-content\/uploads\/2024\/08\/wp-header-logo-333.png",960,540,false],"newsium-slider-full":["https:\/\/fmamiga909.com.ar\/wp-content\/uploads\/2024\/08\/wp-header-logo-333.png",960,540,false],"newsium-featured":["https:\/\/fmamiga909.com.ar\/wp-content\/uploads\/2024\/08\/wp-header-logo-333.png",960,540,false],"newsium-medium":["https:\/\/fmamiga909.com.ar\/wp-content\/uploads\/2024\/08\/wp-header-logo-333-720x475.png",720,475,true]},"author_info":{"display_name":"Fredy Giuliano","author_link":"https:\/\/fmamiga909.com.ar\/?author=3"},"category_info":"<a href=\"https:\/\/fmamiga909.com.ar\/?cat=21\" rel=\"category\">Deportes<\/a>","tag_info":"Deportes","comment_count":"0","_links":{"self":[{"href":"https:\/\/fmamiga909.com.ar\/index.php?rest_route=\/wp\/v2\/posts\/14634","targetHints":{"allow":["GET"]}}],"collection":[{"href":"https:\/\/fmamiga909.com.ar\/index.php?rest_route=\/wp\/v2\/posts"}],"about":[{"href":"https:\/\/fmamiga909.com.ar\/index.php?rest_route=\/wp\/v2\/types\/post"}],"author":[{"embeddable":true,"href":"https:\/\/fmamiga909.com.ar\/index.php?rest_route=\/wp\/v2\/users\/3"}],"replies":[{"embeddable":true,"href":"https:\/\/fmamiga909.com.ar\/index.php?rest_route=%2Fwp%2Fv2%2Fcomments&post=14634"}],"version-history":[{"count":0,"href":"https:\/\/fmamiga909.com.ar\/index.php?rest_route=\/wp\/v2\/posts\/14634\/revisions"}],"wp:featuredmedia":[{"embeddable":true,"href":"https:\/\/fmamiga909.com.ar\/index.php?rest_route=\/wp\/v2\/media\/14635"}],"wp:attachment":[{"href":"https:\/\/fmamiga909.com.ar\/index.php?rest_route=%2Fwp%2Fv2%2Fmedia&parent=14634"}],"wp:term":[{"taxonomy":"category","embeddable":true,"href":"https:\/\/fmamiga909.com.ar\/index.php?rest_route=%2Fwp%2Fv2%2Fcategories&post=14634"},{"taxonomy":"post_tag","embeddable":true,"href":"https:\/\/fmamiga909.com.ar\/index.php?rest_route=%2Fwp%2Fv2%2Ftags&post=14634"}],"curies":[{"name":"wp","href":"https:\/\/api.w.org\/{rel}","templated":true}]}}