{"id":14636,"date":"2024-08-28T00:30:42","date_gmt":"2024-08-28T00:30:42","guid":{"rendered":"https:\/\/fmamiga909.com.ar\/?p=14636"},"modified":"2024-08-28T00:30:42","modified_gmt":"2024-08-28T00:30:42","slug":"juan-musso-un-nuevo-argentino-en-el-atletico-de-madrid","status":"publish","type":"post","link":"https:\/\/fmamiga909.com.ar\/?p=14636","title":{"rendered":"Juan Musso, un nuevo argentino en el Atl\u00e9tico de Madrid"},"content":{"rendered":"<div>\n<p>El arquero<b> Juan Musso, convocado por Lionel Scaloni <\/b>para la pr\u00f3xima doble fecha de Eliminatorias, fue presentado este martes como<b> nuevo jugador del Atl\u00e9tico de Madrid,<\/b> que con \u00e9l lleg\u00f3 a seis argentinos en el plantel, adem\u00e1s del DT Diego Simeone.<\/p>\n<p>El exRacing, de 30 a\u00f1os, fue cedido a pr\u00e9stamo por el <b>Atalanta de Italia <\/b>en una transferencia que ronda los dos millones de d\u00f3lares. Con el club de B\u00e9rgamo, al que lleg\u00f3 en 2021 desde Udinese por 20 millones, Musso sali\u00f3 <b>campe\u00f3n de la Europa League<\/b> la temporada pasada y tuvo actuaciones destacadas que lo devolvieron a la Selecci\u00f3n, con la que gan\u00f3 la <b>Copa Am\u00e9rica 2021<\/b>.<\/p>\n<div class=\"iframely-embed medium-embedded-content\" data-html=\"Jmx0O2Jsb2NrcXVvdGUgY2xhc3M9InR3aXR0ZXItdHdlZXQiIGRhdGEtZG50PSJ0cnVlIiBhbGlnbj0iY2VudGVyIiZndDsmbHQ7cCBsYW5nPSJlbiIgZGlyPSJsdHIiJmd0O011c3NvIGluIGRhIGhvdXNlICZsdDthIGhyZWY9Imh0dHBzOi8vdC5jby9FdVg0eEJmVk5RIiZndDtwaWMudHdpdHRlci5jb20vRXVYNHhCZlZOUSZsdDsvYSZndDsmbHQ7L3AmZ3Q7JmFtcDttZGFzaDsgQXRsw6l0aWNvIGRlIE1hZHJpZCAoQEF0bGV0aSkgJmx0O2EgaHJlZj0iaHR0cHM6Ly90d2l0dGVyLmNvbS9BdGxldGkvc3RhdHVzLzE4Mjg0NDk5OTY2MTE0Mjg3MjY\/cmVmX3NyYz10d3NyYyU1RXRmdyImZ3Q7QXVndXN0IDI3LCAyMDI0Jmx0Oy9hJmd0OyZsdDsvYmxvY2txdW90ZSZndDsKJmx0O3NjcmlwdCBhc3luYyBzcmM9Imh0dHBzOi8vcGxhdGZvcm0udHdpdHRlci5jb20vd2lkZ2V0cy5qcyIgY2hhcnNldD0idXRmLTgiJmd0OyZsdDsvc2NyaXB0Jmd0OwoKJmx0O2RpdiBjbGFzcz0ibWVkaXVtLWluc2VydC1lbWJlZHMtbWV0YSImZ3Q7Jmx0O3NjcmlwdCB0eXBlPSJ0ZXh0L2pzb24iJmd0O3sidXJsIjoiaHR0cHM6Ly90d2l0dGVyLmNvbS9BdGxldGkvc3RhdHVzLzE4Mjg0NDk5OTY2MTE0Mjg3MjYiLCJ0eXBlIjoicmljaCIsInZlcnNpb24iOiIxLjAiLCJ0aXRsZSI6IkF0bMOpdGljbyBkZSBNYWRyaWQgb24gVHdpdHRlciAvIFgiLCJhdXRob3IiOiJBdGzDqXRpY28gZGUgTWFkcmlkIiwiYXV0aG9yX3VybCI6Imh0dHBzOi8vdHdpdHRlci5jb20vQXRsZXRpIiwicHJvdmlkZXJfbmFtZSI6IlR3aXR0ZXIiLCJkZXNjcmlwdGlvbiI6Ik11c3NvIGluIGRhIGhvdXNlIHBpYy50d2l0dGVyLmNvbS9FdVg0eEJmVk5R4oCUIEF0bMOpdGljbyBkZSBNYWRyaWQgKEBBdGxldGkpIEF1Z3VzdCAyNywgMjAyNFxuXG5cbiIsImNhY2hlX2FnZSI6ODY0MDAsIm9wdGlvbnMiOnsiX2hpZGVfbWVkaWEiOnsibGFiZWwiOiJIaWRlIHBob3RvcywgdmlkZW9zLCBhbmQgY2FyZHMiLCJ2YWx1ZSI6ZmFsc2V9LCJfdGhlbWUiOnsidmFsdWUiOiIiLCJ2YWx1ZXMiOnsiZGFyayI6IlVzZSBkYXJrIHRoZW1lIn19LCJfbWF4d2lkdGgiOnsidmFsdWUiOiIiLCJsYWJlbCI6IkFkanVzdCB3aWR0aCIsInBsYWNlaG9sZGVyIjoiMjIwLTU1MCwgaW4gcHgifX19Jmx0Oy9zY3JpcHQmZ3Q7Jmx0Oy9kaXYmZ3Q7\">\n<a data-iframely-url=\"\" href=\"https:\/\/twitter.com\/Atleti\/status\/1828449996611428726\">https:\/\/twitter.com\/Atleti\/status\/1828449996611428726<\/a>\n<\/div>\n<p>Sin embargo, <b>en Madrid la tendr\u00e1 complicada para ganarle el puesto al esloveno Jan Oblak, <\/b>figura del Atl\u00e9tico desde a\u00f1os y considerado uno de los mejores arqueros de Europa.<b> Habr\u00e1 que ver c\u00f3mo impacta este nuevo rol en su futuro con la Selecci\u00f3n<\/b>, a la que fue convocado para los partidos del 5 de septiembre (Chile) y el 10 (Colombia) junto a Dibu Mart\u00ednez, Ger\u00f3nimo Rulli y Walter Ben\u00edtez.<\/p>\n<p>Este martes, Musso pas\u00f3 la revisi\u00f3n m\u00e9dica previo a la formalizaci\u00f3n del contrato, y por la tarde, tras una presentaci\u00f3n de casi 15 minutos en el estadio C\u00edvitas Metropolitano, se sumar\u00e1 a los entrenamientos a las \u00f3rdenes de Simeone para preparar el<b> partido de este mi\u00e9rcoles contra el Espanyol.<\/b><\/p>\n<div class=\"iframely-embed medium-embedded-content\" data-html=\"Jmx0O2Jsb2NrcXVvdGUgY2xhc3M9InR3aXR0ZXItdHdlZXQiIGRhdGEtZG50PSJ0cnVlIiBhbGlnbj0iY2VudGVyIiZndDsmbHQ7cCBsYW5nPSJlcyIgZGlyPSJsdHIiJmd0O8K\/UXVpw6luIHByZfCdkKnwnZCa8J2Qq\/CdkJogZWwgbWF0ZT8gJmx0O2EgaHJlZj0iaHR0cHM6Ly90LmNvL3ExbVhROEFjaTMiJmd0O3BpYy50d2l0dGVyLmNvbS9xMW1YUThBY2kzJmx0Oy9hJmd0OyZsdDsvcCZndDsmYW1wO21kYXNoOyBBdGzDqXRpY28gZGUgTWFkcmlkIChAQXRsZXRpKSAmbHQ7YSBocmVmPSJodHRwczovL3R3aXR0ZXIuY29tL0F0bGV0aS9zdGF0dXMvMTgyODQyMzExODE4MTc3Nzc3OD9yZWZfc3JjPXR3c3JjJTVFdGZ3IiZndDtBdWd1c3QgMjcsIDIwMjQmbHQ7L2EmZ3Q7Jmx0Oy9ibG9ja3F1b3RlJmd0OwombHQ7c2NyaXB0IGFzeW5jIHNyYz0iaHR0cHM6Ly9wbGF0Zm9ybS50d2l0dGVyLmNvbS93aWRnZXRzLmpzIiBjaGFyc2V0PSJ1dGYtOCImZ3Q7Jmx0Oy9zY3JpcHQmZ3Q7CgombHQ7ZGl2IGNsYXNzPSJtZWRpdW0taW5zZXJ0LWVtYmVkcy1tZXRhIiZndDsmbHQ7c2NyaXB0IHR5cGU9InRleHQvanNvbiImZ3Q7eyJ1cmwiOiJodHRwczovL3R3aXR0ZXIuY29tL0F0bGV0aS9zdGF0dXMvMTgyODQyMzExODE4MTc3Nzc3OCIsInR5cGUiOiJyaWNoIiwidmVyc2lvbiI6IjEuMCIsInRpdGxlIjoiQXRsw6l0aWNvIGRlIE1hZHJpZCBvbiBUd2l0dGVyIC8gWCIsImF1dGhvciI6IkF0bMOpdGljbyBkZSBNYWRyaWQiLCJhdXRob3JfdXJsIjoiaHR0cHM6Ly90d2l0dGVyLmNvbS9BdGxldGkiLCJwcm92aWRlcl9uYW1lIjoiVHdpdHRlciIsImRlc2NyaXB0aW9uIjoiwr9RdWnDqW4gcHJl8J2QqfCdkJrwnZCr8J2QmiBlbCBtYXRlPyBwaWMudHdpdHRlci5jb20vcTFtWFE4QWNpM+KAlCBBdGzDqXRpY28gZGUgTWFkcmlkIChAQXRsZXRpKSBBdWd1c3QgMjcsIDIwMjRcblxuXG4iLCJjYWNoZV9hZ2UiOjg2NDAwLCJvcHRpb25zIjp7Il9oaWRlX21lZGlhIjp7ImxhYmVsIjoiSGlkZSBwaG90b3MsIHZpZGVvcywgYW5kIGNhcmRzIiwidmFsdWUiOmZhbHNlfSwiX3RoZW1lIjp7InZhbHVlIjoiIiwidmFsdWVzIjp7ImRhcmsiOiJVc2UgZGFyayB0aGVtZSJ9fSwiX21heHdpZHRoIjp7InZhbHVlIjoiIiwibGFiZWwiOiJBZGp1c3Qgd2lkdGgiLCJwbGFjZWhvbGRlciI6IjIyMC01NTAsIGluIHB4In19fSZsdDsvc2NyaXB0Jmd0OyZsdDsvZGl2Jmd0Ow==\">\n<a data-iframely-url=\"\" href=\"https:\/\/twitter.com\/Atleti\/status\/1828423118181777778\">https:\/\/twitter.com\/Atleti\/status\/1828423118181777778<\/a>\n<\/div>\n<p>El Atl\u00e9tico anunci\u00f3 el acuerdo mediante un video en sus canales oficiales, en el que <b>alguien prepara un mate, junto a una bandera argentina<\/b>, sin verse su rostro, a la espera del comunicado cl\u00e1sico.<\/p>\n<p>As\u00ed las cosas, Musso es el sexto argentino del Colchonero versi\u00f3n 2024\/25 junto a <b>Rodrigo De Paul, Nahuel Molina, Juli\u00e1n \u00c1lvarez, \u00c1ngel Correa y Giuliano Simeone<\/b>.<\/p>\n<\/div>\n<p><script async src=\"\/\/platform.twitter.com\/widgets.js\" charset=\"utf-8\"><\/script><br \/><a href=\"https:\/\/www.pagina12.com.ar\/762845-juan-musso-un-nuevo-argentino-en-el-atletico-de-madrid\">source<\/a><\/p>\n","protected":false},"excerpt":{"rendered":"<p>El arquero Juan Musso, convocado por Lionel Scaloni para la pr\u00f3xima doble fecha de Eliminatorias,&#8230;<\/p>\n","protected":false},"author":3,"featured_media":14637,"comment_status":"closed","ping_status":"closed","sticky":false,"template":"","format":"standard","meta":{"footnotes":""},"categories":[21],"tags":[],"class_list":["post-14636","post","type-post","status-publish","format-standard","has-post-thumbnail","hentry","category-deportes"],"featured_image_urls":{"full":["https:\/\/fmamiga909.com.ar\/wp-content\/uploads\/2024\/08\/wp-header-logo-334.png",960,540,false],"thumbnail":["https:\/\/fmamiga909.com.ar\/wp-content\/uploads\/2024\/08\/wp-header-logo-334-150x150.png",150,150,true],"medium":["https:\/\/fmamiga909.com.ar\/wp-content\/uploads\/2024\/08\/wp-header-logo-334-300x169.png",300,169,true],"medium_large":["https:\/\/fmamiga909.com.ar\/wp-content\/uploads\/2024\/08\/wp-header-logo-334.png",960,540,false],"large":["https:\/\/fmamiga909.com.ar\/wp-content\/uploads\/2024\/08\/wp-header-logo-334.png",640,360,false],"1536x1536":["https:\/\/fmamiga909.com.ar\/wp-content\/uploads\/2024\/08\/wp-header-logo-334.png",960,540,false],"2048x2048":["https:\/\/fmamiga909.com.ar\/wp-content\/uploads\/2024\/08\/wp-header-logo-334.png",960,540,false],"newsium-slider-full":["https:\/\/fmamiga909.com.ar\/wp-content\/uploads\/2024\/08\/wp-header-logo-334.png",960,540,false],"newsium-featured":["https:\/\/fmamiga909.com.ar\/wp-content\/uploads\/2024\/08\/wp-header-logo-334.png",960,540,false],"newsium-medium":["https:\/\/fmamiga909.com.ar\/wp-content\/uploads\/2024\/08\/wp-header-logo-334-720x475.png",720,475,true]},"author_info":{"display_name":"Fredy Giuliano","author_link":"https:\/\/fmamiga909.com.ar\/?author=3"},"category_info":"<a href=\"https:\/\/fmamiga909.com.ar\/?cat=21\" rel=\"category\">Deportes<\/a>","tag_info":"Deportes","comment_count":"0","_links":{"self":[{"href":"https:\/\/fmamiga909.com.ar\/index.php?rest_route=\/wp\/v2\/posts\/14636","targetHints":{"allow":["GET"]}}],"collection":[{"href":"https:\/\/fmamiga909.com.ar\/index.php?rest_route=\/wp\/v2\/posts"}],"about":[{"href":"https:\/\/fmamiga909.com.ar\/index.php?rest_route=\/wp\/v2\/types\/post"}],"author":[{"embeddable":true,"href":"https:\/\/fmamiga909.com.ar\/index.php?rest_route=\/wp\/v2\/users\/3"}],"replies":[{"embeddable":true,"href":"https:\/\/fmamiga909.com.ar\/index.php?rest_route=%2Fwp%2Fv2%2Fcomments&post=14636"}],"version-history":[{"count":0,"href":"https:\/\/fmamiga909.com.ar\/index.php?rest_route=\/wp\/v2\/posts\/14636\/revisions"}],"wp:featuredmedia":[{"embeddable":true,"href":"https:\/\/fmamiga909.com.ar\/index.php?rest_route=\/wp\/v2\/media\/14637"}],"wp:attachment":[{"href":"https:\/\/fmamiga909.com.ar\/index.php?rest_route=%2Fwp%2Fv2%2Fmedia&parent=14636"}],"wp:term":[{"taxonomy":"category","embeddable":true,"href":"https:\/\/fmamiga909.com.ar\/index.php?rest_route=%2Fwp%2Fv2%2Fcategories&post=14636"},{"taxonomy":"post_tag","embeddable":true,"href":"https:\/\/fmamiga909.com.ar\/index.php?rest_route=%2Fwp%2Fv2%2Ftags&post=14636"}],"curies":[{"name":"wp","href":"https:\/\/api.w.org\/{rel}","templated":true}]}}