{"id":14812,"date":"2024-09-03T08:33:08","date_gmt":"2024-09-03T08:33:08","guid":{"rendered":"https:\/\/fmamiga909.com.ar\/?p=14812"},"modified":"2024-09-03T08:33:08","modified_gmt":"2024-09-03T08:33:08","slug":"el-nadador-basiloff-sumo-su-segunda-medalla-paralimpica","status":"publish","type":"post","link":"https:\/\/fmamiga909.com.ar\/?p=14812","title":{"rendered":"El nadador Basiloff sum\u00f3 su segunda medalla paral\u00edmpica"},"content":{"rendered":"<div>\n<p>El nadador I\u00f1aki Basiloff sum\u00f3 su segunda medalla en los Juegos Paral\u00edmpicos al finalizar tercero en los 400 metros libres en la categor\u00eda S7 y de esa manera consigui\u00f3 el quinto metal para la delegaci\u00f3n argentina en lo que va de la competencia.<\/p>\n<p>Basiloff, que hace unos d\u00edas hab\u00eda logrado la medalla de oro en los 200 metros medley, lider\u00f3 la competencia hasta los 250 metros y complet\u00f3 la distancia en 4m40s27 para quedarse con el tercer lugar del podio, a s\u00f3lo 10 cent\u00e9simas del ucraniano Andrii Trusov, que se ubic\u00f3 segundo. El ganador de la prueba result\u00f3 el italiano Federico Bicelli, con un registro de 4m38s70.<\/p>\n<p>La actuaci\u00f3n de Basiloff tuvo un m\u00e9rito adicional en esta prueba, ya que estaba lejos de ser considerado favorito y hab\u00eda llegado a la final con el s\u00e9ptimo puesto de la clasificaci\u00f3n, con una marca de 5m17s33, m\u00e1s de 37 segundos m\u00e1s lenta que la que consigui\u00f3 en la final.<\/p>\n<p>Con dos medallas en la valija, el neuquino de 23 a\u00f1os tiene otras dos oportunidades para seguir acumulando metales. Este martes competir\u00e1 en los 100 metros espalda y el s\u00e1bado completar\u00e1 su calendario con los 50 espalda.<\/p>\n<p>Hasta el momento, la delegaci\u00f3n argentina acumula una medalla dorada -ganada por Basiloff- y cuatro de bronce -esta de Basiloff, adem\u00e1s de la lanzadora\u00a0Antonella Ruiz D\u00edaz, el taekwondista Juan Samorano y el saltador Fernando V\u00e1zquez, que por la ma\u00f1ana logr\u00f3 su presea en el \u00faltimo intento que le quedaba.<\/p>\n<\/div>\n<p><a href=\"https:\/\/www.pagina12.com.ar\/764314-el-nadador-basiloff-sumo-su-segunda-medalla-paralimpica\">source<\/a><\/p>\n","protected":false},"excerpt":{"rendered":"<p>El nadador I\u00f1aki Basiloff sum\u00f3 su segunda medalla en los Juegos Paral\u00edmpicos al finalizar tercero&#8230;<\/p>\n","protected":false},"author":3,"featured_media":14813,"comment_status":"closed","ping_status":"closed","sticky":false,"template":"","format":"standard","meta":{"footnotes":""},"categories":[21],"tags":[],"class_list":["post-14812","post","type-post","status-publish","format-standard","has-post-thumbnail","hentry","category-deportes"],"featured_image_urls":{"full":["https:\/\/fmamiga909.com.ar\/wp-content\/uploads\/2024\/09\/wp-header-logo-32.png",960,540,false],"thumbnail":["https:\/\/fmamiga909.com.ar\/wp-content\/uploads\/2024\/09\/wp-header-logo-32-150x150.png",150,150,true],"medium":["https:\/\/fmamiga909.com.ar\/wp-content\/uploads\/2024\/09\/wp-header-logo-32-300x169.png",300,169,true],"medium_large":["https:\/\/fmamiga909.com.ar\/wp-content\/uploads\/2024\/09\/wp-header-logo-32.png",960,540,false],"large":["https:\/\/fmamiga909.com.ar\/wp-content\/uploads\/2024\/09\/wp-header-logo-32.png",640,360,false],"1536x1536":["https:\/\/fmamiga909.com.ar\/wp-content\/uploads\/2024\/09\/wp-header-logo-32.png",960,540,false],"2048x2048":["https:\/\/fmamiga909.com.ar\/wp-content\/uploads\/2024\/09\/wp-header-logo-32.png",960,540,false],"newsium-slider-full":["https:\/\/fmamiga909.com.ar\/wp-content\/uploads\/2024\/09\/wp-header-logo-32.png",960,540,false],"newsium-featured":["https:\/\/fmamiga909.com.ar\/wp-content\/uploads\/2024\/09\/wp-header-logo-32.png",960,540,false],"newsium-medium":["https:\/\/fmamiga909.com.ar\/wp-content\/uploads\/2024\/09\/wp-header-logo-32-720x475.png",720,475,true]},"author_info":{"display_name":"Fredy Giuliano","author_link":"https:\/\/fmamiga909.com.ar\/?author=3"},"category_info":"<a href=\"https:\/\/fmamiga909.com.ar\/?cat=21\" rel=\"category\">Deportes<\/a>","tag_info":"Deportes","comment_count":"0","_links":{"self":[{"href":"https:\/\/fmamiga909.com.ar\/index.php?rest_route=\/wp\/v2\/posts\/14812","targetHints":{"allow":["GET"]}}],"collection":[{"href":"https:\/\/fmamiga909.com.ar\/index.php?rest_route=\/wp\/v2\/posts"}],"about":[{"href":"https:\/\/fmamiga909.com.ar\/index.php?rest_route=\/wp\/v2\/types\/post"}],"author":[{"embeddable":true,"href":"https:\/\/fmamiga909.com.ar\/index.php?rest_route=\/wp\/v2\/users\/3"}],"replies":[{"embeddable":true,"href":"https:\/\/fmamiga909.com.ar\/index.php?rest_route=%2Fwp%2Fv2%2Fcomments&post=14812"}],"version-history":[{"count":0,"href":"https:\/\/fmamiga909.com.ar\/index.php?rest_route=\/wp\/v2\/posts\/14812\/revisions"}],"wp:featuredmedia":[{"embeddable":true,"href":"https:\/\/fmamiga909.com.ar\/index.php?rest_route=\/wp\/v2\/media\/14813"}],"wp:attachment":[{"href":"https:\/\/fmamiga909.com.ar\/index.php?rest_route=%2Fwp%2Fv2%2Fmedia&parent=14812"}],"wp:term":[{"taxonomy":"category","embeddable":true,"href":"https:\/\/fmamiga909.com.ar\/index.php?rest_route=%2Fwp%2Fv2%2Fcategories&post=14812"},{"taxonomy":"post_tag","embeddable":true,"href":"https:\/\/fmamiga909.com.ar\/index.php?rest_route=%2Fwp%2Fv2%2Ftags&post=14812"}],"curies":[{"name":"wp","href":"https:\/\/api.w.org\/{rel}","templated":true}]}}