{"id":15022,"date":"2024-10-07T20:00:13","date_gmt":"2024-10-07T20:00:13","guid":{"rendered":"https:\/\/fmamiga909.com.ar\/?p=15022"},"modified":"2024-10-07T20:00:13","modified_gmt":"2024-10-07T20:00:13","slug":"el-futbol-mundial-llora-la-muerte-de-johan-neeskens","status":"publish","type":"post","link":"https:\/\/fmamiga909.com.ar\/?p=15022","title":{"rendered":"El f\u00fatbol mundial llora la muerte de Johan Neeskens"},"content":{"rendered":"<div>\n<p>El exfutbolista neerland\u00e9s Johan Neeskens falleci\u00f3 a los 73 a\u00f1os, seg\u00fan inform\u00f3 este lunes la Real Asociaci\u00f3n Neerlandesa de F\u00fatbol (KNVB), que no especific\u00f3 las circunstancias de la muerte del entrenador, quien se encontraba en los \u00faltimos d\u00edas participando en Argelia en un programa de capacitaci\u00f3n de j\u00f3venes entrenadores.<\/p>\n<p>La KNVB asegur\u00f3 que ha recibido \u201ccon gran pesar\u201d la noticia del \u201cfallecimiento inesperado\u201d de Neeskens, a quien calific\u00f3 de \u201cuno de los (futbolistas neerlandesas) m\u00e1s grandes\u201d. \u00abLo vamos a extra\u00f1ar enormemente\u201d, a\u00f1adi\u00f3 la asociaci\u00f3n, que dese\u00f3 \u201cmucha fuerza\u201d a la familia del entrenador \u201cpara sobrellevar esta gran p\u00e9rdida\u201d.<\/p>\n<p>Neeskens ten\u00eda 73 a\u00f1os y falleci\u00f3 este domingo en Argelia, donde se encontraba como parte del proyecto WorldCoaches de la KNVB, un programa que capacita a j\u00f3venes de todo el mundo para convertirse en entrenadores de f\u00fatbol de su propia comunidad. \u201cNo hay palabras para describir esta enorme y repentina p\u00e9rdida. El mundo no solo se despide de un talentoso deportista, sino sobre todo de una persona comprometida, apasionada y maravillosa\u201d, subray\u00f3 la asociaci\u00f3n.<\/p>\n<p>Como internacional con su selecci\u00f3n\u00a0 jug\u00f3 49 partido y se lo recuerda por su gran papel en la Naranja Mec\u00e1nica, como en la final del Mundial de 1974 contra Alemania Occidental, cuando abri\u00f3 el marcador de penal, aunque luego Pa\u00edses Bajos perdi\u00f3 2-1 en ese encuentro. Tambi\u00e9n disput\u00f3 la final contra Argentina en el Mundial de cuatro a\u00f1os despu\u00e9s, con derrota 3-1 en tiempo suplementario.\u00a0<\/p>\n<p>Como futbolista de club, Neeskens brill\u00f3 en el Ajax entre 1968 y1973, y fue uno de los jugadores favoritos del Barcelona entre 1974-1979). Al club catal\u00e1n lleg\u00f3 de la mano del entrenador Johan Cruyff y vivi\u00f3 una \u00e9poca dorada, llegando a ser conocido como \u201cJohan Segundo\u201d. Despu\u00e9s emprendi\u00f3 una aventura en Estados Unidos, para acabar su carrera en Suiza, donde sigui\u00f3 viviendo mientras formaba parte de proyectos internacionales.<\/p>\n<p>\u201cLuchaba en cada partido al m\u00e1ximo, nunca se rend\u00eda, cubr\u00eda todo el campo, aparec\u00eda frecuentemente en el \u00e1rea rival y anotaba con regularidad. Fue amado en \u00c1msterdam, Barcelona, Nueva York y en el resto del mundo. Y, sobre todo, estaba orgulloso de haber llevado la camiseta de los Oranje durante once a\u00f1os\u201d, se\u00f1al\u00f3 la KNVB.<\/p>\n<p>Como t\u00e9cnico, fue asistente al seleccionador del equipo neerland\u00e9s durante varios a\u00f1os, trabajando junto a estrellas como Guus Hiddink y Frank Rijkaard, y en el a\u00f1o 2000 peg\u00f3 el salto como entrenador principal en el equipo local NEC de Nimega.<\/p>\n<p>El exfutbolista dedic\u00f3 los \u00faltimos a\u00f1os de su vida a viajar por todo el mundo, capacitando a entrenadores j\u00f3venes en pa\u00edses de bajos recursos, un proyecto, que le permiti\u00f3 usar \u201cel f\u00fatbol como herramienta para mejorar la vida, fue perfecto para \u00e9l: estar en el campo con otros amantes del f\u00fatbol, con la idea de lograr algo hermoso juntos, era Johan Neeskens en su esencia\u201d, seg\u00fan la asociaci\u00f3n neerlandesa, que le dedic\u00f3 un obituario con im\u00e1genes de su carrera.<\/p>\n<\/div>\n<p><a href=\"https:\/\/www.pagina12.com.ar\/772972-el-futbol-mundial-llora-la-muerte-de-johan-neeskens\">source<\/a><\/p>\n","protected":false},"excerpt":{"rendered":"<p>El exfutbolista neerland\u00e9s Johan Neeskens falleci\u00f3 a los 73 a\u00f1os, seg\u00fan inform\u00f3 este lunes la&#8230;<\/p>\n","protected":false},"author":3,"featured_media":15023,"comment_status":"closed","ping_status":"closed","sticky":false,"template":"","format":"standard","meta":{"footnotes":""},"categories":[21],"tags":[],"class_list":["post-15022","post","type-post","status-publish","format-standard","has-post-thumbnail","hentry","category-deportes"],"featured_image_urls":{"full":["https:\/\/fmamiga909.com.ar\/wp-content\/uploads\/2024\/10\/wp-header-logo-81.png",960,540,false],"thumbnail":["https:\/\/fmamiga909.com.ar\/wp-content\/uploads\/2024\/10\/wp-header-logo-81-150x150.png",150,150,true],"medium":["https:\/\/fmamiga909.com.ar\/wp-content\/uploads\/2024\/10\/wp-header-logo-81-300x169.png",300,169,true],"medium_large":["https:\/\/fmamiga909.com.ar\/wp-content\/uploads\/2024\/10\/wp-header-logo-81.png",960,540,false],"large":["https:\/\/fmamiga909.com.ar\/wp-content\/uploads\/2024\/10\/wp-header-logo-81.png",640,360,false],"1536x1536":["https:\/\/fmamiga909.com.ar\/wp-content\/uploads\/2024\/10\/wp-header-logo-81.png",960,540,false],"2048x2048":["https:\/\/fmamiga909.com.ar\/wp-content\/uploads\/2024\/10\/wp-header-logo-81.png",960,540,false],"newsium-slider-full":["https:\/\/fmamiga909.com.ar\/wp-content\/uploads\/2024\/10\/wp-header-logo-81.png",960,540,false],"newsium-featured":["https:\/\/fmamiga909.com.ar\/wp-content\/uploads\/2024\/10\/wp-header-logo-81.png",960,540,false],"newsium-medium":["https:\/\/fmamiga909.com.ar\/wp-content\/uploads\/2024\/10\/wp-header-logo-81-720x475.png",720,475,true]},"author_info":{"display_name":"Fredy Giuliano","author_link":"https:\/\/fmamiga909.com.ar\/?author=3"},"category_info":"<a href=\"https:\/\/fmamiga909.com.ar\/?cat=21\" rel=\"category\">Deportes<\/a>","tag_info":"Deportes","comment_count":"0","_links":{"self":[{"href":"https:\/\/fmamiga909.com.ar\/index.php?rest_route=\/wp\/v2\/posts\/15022","targetHints":{"allow":["GET"]}}],"collection":[{"href":"https:\/\/fmamiga909.com.ar\/index.php?rest_route=\/wp\/v2\/posts"}],"about":[{"href":"https:\/\/fmamiga909.com.ar\/index.php?rest_route=\/wp\/v2\/types\/post"}],"author":[{"embeddable":true,"href":"https:\/\/fmamiga909.com.ar\/index.php?rest_route=\/wp\/v2\/users\/3"}],"replies":[{"embeddable":true,"href":"https:\/\/fmamiga909.com.ar\/index.php?rest_route=%2Fwp%2Fv2%2Fcomments&post=15022"}],"version-history":[{"count":0,"href":"https:\/\/fmamiga909.com.ar\/index.php?rest_route=\/wp\/v2\/posts\/15022\/revisions"}],"wp:featuredmedia":[{"embeddable":true,"href":"https:\/\/fmamiga909.com.ar\/index.php?rest_route=\/wp\/v2\/media\/15023"}],"wp:attachment":[{"href":"https:\/\/fmamiga909.com.ar\/index.php?rest_route=%2Fwp%2Fv2%2Fmedia&parent=15022"}],"wp:term":[{"taxonomy":"category","embeddable":true,"href":"https:\/\/fmamiga909.com.ar\/index.php?rest_route=%2Fwp%2Fv2%2Fcategories&post=15022"},{"taxonomy":"post_tag","embeddable":true,"href":"https:\/\/fmamiga909.com.ar\/index.php?rest_route=%2Fwp%2Fv2%2Ftags&post=15022"}],"curies":[{"name":"wp","href":"https:\/\/api.w.org\/{rel}","templated":true}]}}