{"id":15044,"date":"2024-10-08T09:12:45","date_gmt":"2024-10-08T09:12:45","guid":{"rendered":"https:\/\/fmamiga909.com.ar\/?p=15044"},"modified":"2024-10-08T09:12:45","modified_gmt":"2024-10-08T09:12:45","slug":"river-preocupacion-por-las-lesiones-de-acuna-pezzella-y-bustos","status":"publish","type":"post","link":"https:\/\/fmamiga909.com.ar\/?p=15044","title":{"rendered":"River: preocupaci\u00f3n por las lesiones de Acu\u00f1a, Pezzella y Bustos"},"content":{"rendered":"<div>\n<p>El t\u00e9cnico de River, <b>Marcelo Gallardo<\/b>, <b>mostr\u00f3<\/b> su <b>preocupaci\u00f3n<\/b> en la conferencia de prensa tras el empate sin goles ante Platense, <b>debido a las lesiones que afectaron a<\/b> tres de sus defensores clave: los laterales <b>Marcos Acu\u00f1a<\/b> y <b>Fabricio Bustos<\/b>, <b>y <\/b>el zaguero<b> Germ\u00e1n Pezzella.<\/b><\/p>\n<p>En solo siete minutos, el equipo sufri\u00f3 la p\u00e9rdida de estos futbolistas, <b>encendiendo las alarmas <\/b>para el crucial enfrentamiento <b>contra Atl\u00e9tico Mineiro por <\/b>las semifinales de la <b>Copa Libertadores, el pr\u00f3ximo 22 de octubre.<\/b><\/p>\n<p><b>Acu\u00f1a fue diagnosticado con una distensi\u00f3n en el isquiotibial izquierdo<\/b> tras realizarse estudios m\u00e9dicos. Aunque la lesi\u00f3n no es grave &#8211;<b>no llega a ser un desgarro<\/b>-, <b>se espera que est\u00e9 fuera de las canchas entre 12 y 15 d\u00edas<\/b>, lo que pone en duda su participaci\u00f3n en el duelo de ida en Brasil. Adem\u00e1s,<b> fue desafectado de<\/b> su convocatoria <b>de la Selecci\u00f3n Argentina<\/b> <b>para<\/b> disputar la doble fecha de <b>Eliminatorias Sudamericanas.\u00a0<\/b><\/p>\n<p>Due\u00f1o del lateral izquierdo desde su llegada a mitad de a\u00f1o, <b>Acu\u00f1a fue una garant\u00eda en todos los partidos que disput\u00f3 con la camiseta de River. <\/b>Sin embargo, el \u00fanico duelo en el que descans\u00f3 (aunque ingres\u00f3 en la segunda parte) fue ante Boca, cuando Gallardo apel\u00f3 a la l\u00ednea de tres centrales y tuvo a Enzo D\u00edaz por izquierda. Y justamente esa podr\u00eda ser la alternativa t\u00e1ctica que elegir\u00eda para viajar a Brasil.\u00a0<\/p>\n<p><b>Por su parte, Bustos sufri\u00f3 un desgarro en su pierna derecha <\/b>y tambi\u00e9n ser\u00e1 evaluado en los pr\u00f3ximos d\u00edas para determinar si podr\u00e1 estar presente.\u00a0<\/p>\n<p>En cuanto a <b>Pezzella<\/b>, el zaguero <b>tuvo que salir del campo <\/b>en Vicente L\u00f3pez<b> tras recibir un codazo en el maxilar izquierdo que le provoc\u00f3 una microfractura. A pesar de la lesi\u00f3n<\/b>, el defensor campe\u00f3n del mundo<b> viaj\u00f3 con la Selecci\u00f3n Argentina para jugar ante Venezuela y Bolivia<\/b>, <b>aunque solamente podr\u00eda hacerlo utilizando una m\u00e1scara protectora. <\/b>Su presencia en las semifinales coperas ante los brasile\u00f1os a\u00fan es incierta, pero en River conf\u00edan en que estar\u00e1 disponible al menos para el partido de vuelta en el Monumental.<\/p>\n<p>Gallardo, por su parte, ya comienza a pensar en las posibles alternativas, por lo que los laterales <b>Milton Casco y Enzo D\u00edaz se perfilan como los reemplazantes naturales de Acu\u00f1a y Bustos. <\/b>La situaci\u00f3n de Pezzella genera optimismo, pero depender\u00e1 de su evoluci\u00f3n en los pr\u00f3ximos d\u00edas.<\/p>\n<p><b>El pr\u00f3ximo viernes, el Millonario deber\u00e1 enfrentar al puntero V\u00e9lez Sarsfield<\/b>, por la decimoctava fecha de la <b>Liga Profesional<\/b>. <b>Despu\u00e9s<\/b>, la delegaci\u00f3n riverplatense <b>viajar\u00e1 a Brasil, para enfrentar <\/b>el martes 22 <b>al Atl\u00e9tico Mineiro <\/b>por la Copa Libertadores.<\/p>\n<\/div>\n<p><a href=\"https:\/\/www.pagina12.com.ar\/773027-river-preocupacion-por-las-lesiones-de-acuna-pezzella-y-bust\">source<\/a><\/p>\n","protected":false},"excerpt":{"rendered":"<p>El t\u00e9cnico de River, Marcelo Gallardo, mostr\u00f3 su preocupaci\u00f3n en la conferencia de prensa tras&#8230;<\/p>\n","protected":false},"author":3,"featured_media":15045,"comment_status":"closed","ping_status":"closed","sticky":false,"template":"","format":"standard","meta":{"footnotes":""},"categories":[21],"tags":[],"class_list":["post-15044","post","type-post","status-publish","format-standard","has-post-thumbnail","hentry","category-deportes"],"featured_image_urls":{"full":["https:\/\/fmamiga909.com.ar\/wp-content\/uploads\/2024\/10\/wp-header-logo-90.png",960,540,false],"thumbnail":["https:\/\/fmamiga909.com.ar\/wp-content\/uploads\/2024\/10\/wp-header-logo-90-150x150.png",150,150,true],"medium":["https:\/\/fmamiga909.com.ar\/wp-content\/uploads\/2024\/10\/wp-header-logo-90-300x169.png",300,169,true],"medium_large":["https:\/\/fmamiga909.com.ar\/wp-content\/uploads\/2024\/10\/wp-header-logo-90.png",960,540,false],"large":["https:\/\/fmamiga909.com.ar\/wp-content\/uploads\/2024\/10\/wp-header-logo-90.png",640,360,false],"1536x1536":["https:\/\/fmamiga909.com.ar\/wp-content\/uploads\/2024\/10\/wp-header-logo-90.png",960,540,false],"2048x2048":["https:\/\/fmamiga909.com.ar\/wp-content\/uploads\/2024\/10\/wp-header-logo-90.png",960,540,false],"newsium-slider-full":["https:\/\/fmamiga909.com.ar\/wp-content\/uploads\/2024\/10\/wp-header-logo-90.png",960,540,false],"newsium-featured":["https:\/\/fmamiga909.com.ar\/wp-content\/uploads\/2024\/10\/wp-header-logo-90.png",960,540,false],"newsium-medium":["https:\/\/fmamiga909.com.ar\/wp-content\/uploads\/2024\/10\/wp-header-logo-90-720x475.png",720,475,true]},"author_info":{"display_name":"Fredy Giuliano","author_link":"https:\/\/fmamiga909.com.ar\/?author=3"},"category_info":"<a href=\"https:\/\/fmamiga909.com.ar\/?cat=21\" rel=\"category\">Deportes<\/a>","tag_info":"Deportes","comment_count":"0","_links":{"self":[{"href":"https:\/\/fmamiga909.com.ar\/index.php?rest_route=\/wp\/v2\/posts\/15044","targetHints":{"allow":["GET"]}}],"collection":[{"href":"https:\/\/fmamiga909.com.ar\/index.php?rest_route=\/wp\/v2\/posts"}],"about":[{"href":"https:\/\/fmamiga909.com.ar\/index.php?rest_route=\/wp\/v2\/types\/post"}],"author":[{"embeddable":true,"href":"https:\/\/fmamiga909.com.ar\/index.php?rest_route=\/wp\/v2\/users\/3"}],"replies":[{"embeddable":true,"href":"https:\/\/fmamiga909.com.ar\/index.php?rest_route=%2Fwp%2Fv2%2Fcomments&post=15044"}],"version-history":[{"count":0,"href":"https:\/\/fmamiga909.com.ar\/index.php?rest_route=\/wp\/v2\/posts\/15044\/revisions"}],"wp:featuredmedia":[{"embeddable":true,"href":"https:\/\/fmamiga909.com.ar\/index.php?rest_route=\/wp\/v2\/media\/15045"}],"wp:attachment":[{"href":"https:\/\/fmamiga909.com.ar\/index.php?rest_route=%2Fwp%2Fv2%2Fmedia&parent=15044"}],"wp:term":[{"taxonomy":"category","embeddable":true,"href":"https:\/\/fmamiga909.com.ar\/index.php?rest_route=%2Fwp%2Fv2%2Fcategories&post=15044"},{"taxonomy":"post_tag","embeddable":true,"href":"https:\/\/fmamiga909.com.ar\/index.php?rest_route=%2Fwp%2Fv2%2Ftags&post=15044"}],"curies":[{"name":"wp","href":"https:\/\/api.w.org\/{rel}","templated":true}]}}