{"id":15050,"date":"2024-10-08T19:53:39","date_gmt":"2024-10-08T19:53:39","guid":{"rendered":"https:\/\/fmamiga909.com.ar\/?p=15050"},"modified":"2024-10-08T19:53:39","modified_gmt":"2024-10-08T19:53:39","slug":"murio-omar-palma-idolo-de-rosario-central","status":"publish","type":"post","link":"https:\/\/fmamiga909.com.ar\/?p=15050","title":{"rendered":"Muri\u00f3 Omar Palma, \u00eddolo de Rosario Central"},"content":{"rendered":"<div>\n<p><b>Omar Arnaldo\u00a0Palma, el \u00abNegro\u00bb, \u00eddolo de Rosario Central, muri\u00f3 este martes a los 66 a\u00f1os<\/b>\u00a0tras estar internado en terapia intensiva en el Hospital Italiano de Rosario luego de sufrir un accidente cerebrovascular hemorr\u00e1gico (ACV) la semana pasada.<\/p>\n<p>El crack chaque\u00f1o hab\u00eda sido visto d\u00edas atr\u00e1s de lo ocurrido en la Ciudad Deportiva de Central para presenciar la jornada de cl\u00e1sicos ante Newell&#8217;s de las categor\u00edas juveniles.<\/p>\n<p>\u00abEl Club Atl\u00e9tico Rosario Central lamenta profundamente el fallecimiento de Omar Palma, \u00eddolo de nuestra instituci\u00f3n, quien se desempe\u00f1aba como colaborador de la actual gesti\u00f3n. Acompa\u00f1amos en este duro momento a la familia del Negro y a todo el pueblo canalla que despide a uno de nuestros m\u00e1ximos referentes hist\u00f3ricos\u00bb, lo despidi\u00f3 el club en sus redes, adem\u00e1s de realizar <b>un minuto de silencio en la previa del inicio de las pr\u00e1cticas de cada una de sus categor\u00edas<\/b>.<\/p>\n<div class=\"iframely-embed medium-embedded-content\" data-html=\"Jmx0O2Jsb2NrcXVvdGUgY2xhc3M9InR3aXR0ZXItdHdlZXQiIGRhdGEtZG50PSJ0cnVlIiBhbGlnbj0iY2VudGVyIiZndDsmbHQ7cCBsYW5nPSJlcyIgZGlyPSJsdHIiJmd0O0VsIHBsYW50ZWwgcHJvZmVzaW9uYWwgcmVhbGl6w7MsIHByZXZpbyBhbCBjb21pZW56byBkZSBsYSBwcsOhY3RpY2EgZGUgaG95LCB1biBtaW51dG8gZGUgc2lsZW5jaW8gZW4gaG9tZW5hamUgYSBPbWFyIFBhbG1hLiZsdDticiZndDsmbHQ7YnImZ3Q7wqFEZXNjYW5zw6EgZW4gcGF6LCBOZWdybyBxdWVyaWRvISAmbHQ7YSBocmVmPSJodHRwczovL3QuY28vdDRRSWRrbHB1SSImZ3Q7cGljLnR3aXR0ZXIuY29tL3Q0UUlka2xwdUkmbHQ7L2EmZ3Q7Jmx0Oy9wJmd0OyZhbXA7bWRhc2g7IFJvc2FyaW8gQ2VudHJhbCAoQFJvc2FyaW9DZW50cmFsKSAmbHQ7YSBocmVmPSJodHRwczovL3R3aXR0ZXIuY29tL1Jvc2FyaW9DZW50cmFsL3N0YXR1cy8xODQzNjQyNzU3NjAyMjU4OTg4P3JlZl9zcmM9dHdzcmMlNUV0ZnciJmd0O09jdG9iZXIgOCwgMjAyNCZsdDsvYSZndDsmbHQ7L2Jsb2NrcXVvdGUmZ3Q7CiZsdDtzY3JpcHQgYXN5bmMgc3JjPSJodHRwczovL3BsYXRmb3JtLnR3aXR0ZXIuY29tL3dpZGdldHMuanMiIGNoYXJzZXQ9InV0Zi04IiZndDsmbHQ7L3NjcmlwdCZndDsKCiZsdDtkaXYgY2xhc3M9Im1lZGl1bS1pbnNlcnQtZW1iZWRzLW1ldGEiJmd0OyZsdDtzY3JpcHQgdHlwZT0idGV4dC9qc29uIiZndDt7InVybCI6Imh0dHBzOi8vdHdpdHRlci5jb20vUm9zYXJpb0NlbnRyYWwvc3RhdHVzLzE4NDM2NDI3NTc2MDIyNTg5ODgiLCJ0eXBlIjoicmljaCIsInZlcnNpb24iOiIxLjAiLCJ0aXRsZSI6IlJvc2FyaW8gQ2VudHJhbCBvbiBUd2l0dGVyIC8gWCIsImF1dGhvciI6IlJvc2FyaW8gQ2VudHJhbCIsImF1dGhvcl91cmwiOiJodHRwczovL3R3aXR0ZXIuY29tL1Jvc2FyaW9DZW50cmFsIiwicHJvdmlkZXJfbmFtZSI6IlR3aXR0ZXIiLCJkZXNjcmlwdGlvbiI6IkVsIHBsYW50ZWwgcHJvZmVzaW9uYWwgcmVhbGl6w7MsIHByZXZpbyBhbCBjb21pZW56byBkZSBsYSBwcsOhY3RpY2EgZGUgaG95LCB1biBtaW51dG8gZGUgc2lsZW5jaW8gZW4gaG9tZW5hamUgYSBPbWFyIFBhbG1hLsKhRGVzY2Fuc8OhIGVuIHBheiwgTmVncm8gcXVlcmlkbyEgcGljLnR3aXR0ZXIuY29tL3Q0UUlka2xwdUnigJQgUm9zYXJpbyBDZW50cmFsIChAUm9zYXJpb0NlbnRyYWwpIE9jdG9iZXIgOCwgMjAyNFxuXG5cbiIsImNhY2hlX2FnZSI6ODY0MDAsIm9wdGlvbnMiOnsiX2hpZGVfbWVkaWEiOnsibGFiZWwiOiJIaWRlIHBob3RvcywgdmlkZW9zLCBhbmQgY2FyZHMiLCJ2YWx1ZSI6ZmFsc2V9LCJfdGhlbWUiOnsidmFsdWUiOiIiLCJ2YWx1ZXMiOnsiZGFyayI6IlVzZSBkYXJrIHRoZW1lIn19LCJfbWF4d2lkdGgiOnsidmFsdWUiOiIiLCJsYWJlbCI6IkFkanVzdCB3aWR0aCIsInBsYWNlaG9sZGVyIjoiMjIwLTU1MCwgaW4gcHgifX19Jmx0Oy9zY3JpcHQmZ3Q7Jmx0Oy9kaXYmZ3Q7\">\n<a data-iframely-url=\"\" href=\"https:\/\/twitter.com\/RosarioCentral\/status\/1843642757602258988\">https:\/\/twitter.com\/RosarioCentral\/status\/1843642757602258988<\/a>\n<\/div>\n<p>Palma debut\u00f3 como futbolista en Rosario Central en 1979 e\u00a0<b>integr\u00f3 los dos \u00faltimos equipos campeones del Canalla en ligas de Primera Divisi\u00f3n. En el Nacional 1980,<\/b> uno de los torneos que tuvo al Pelusa Maradona como goleador, fue pieza clave de los dirigidos por Angel Tulio Zof, que hicieron un campa\u00f1\u00f3n como locales (nueve de sus diez triunfos fueron en Arroyito). Con nombres como Bauza, Carnevali y Marchetti eliminaron a Uni\u00f3n en cuartos, <b>a Newell&#8217;s en semis -nada menos- <\/b>y vencieron en la final al recordado Racing de C\u00f3rdoba del Coco Basile.<\/p>\n<p>Luego vino la coronaci\u00f3n en el <b>Campeonato 1986\/87, repitiendo un hito que no ocurr\u00eda en el f\u00fatbol argentino desde 1933 <\/b>(Dock Sud) ya que Central era un reci\u00e9n ascendido en ese torneo. Otra vez con Don Angel como DT y nombres como Hern\u00e1n D\u00edaz, Bauza, Lanari y Pichi Escudero, el equipo liderado por Palma fue campe\u00f3n en la \u00faltima fecha tras empatar en cancha de Temperley, llegando a los 49 puntos y <b>sac\u00e1ndole uno a su escolta, nada menos que Newell&#8217;s. El \u00abNegro\u00bb, en todo su esplendor, fue goleador del torneo con 20 festejos<\/b>.<\/p>\n<div class=\"iframely-embed medium-embedded-content\" data-html=\"Jmx0O2RpdiZndDsmbHQ7ZGl2IHN0eWxlPSJsZWZ0OiAwOyB3aWR0aDogMTAwJTsgaGVpZ2h0OiAwOyBwb3NpdGlvbjogcmVsYXRpdmU7IHBhZGRpbmctYm90dG9tOiA1Ni40NTgzJTsiJmd0OyZsdDtpZnJhbWUgc3JjPSIvL2Nkbi5pZnJhbWUubHkvYXBpL2lmcmFtZT9jbGlja190b19wbGF5PTEmYW1wO3VybD1odHRwcyUzQSUyRiUyRmdlby5kYWlseW1vdGlvbi5jb20lMkZwbGF5ZXIlMkZ4dDVlZS5odG1sJTNGdmlkZW8lM0R4OTcwNWk0JmFtcDtrZXk9Mjg0ZDZiNDkyOTM0NjY2Mjc0NTYzZTNlMWE2N2NhZGQiIHN0eWxlPSJ0b3A6IDA7IGxlZnQ6IDA7IHdpZHRoOiAxMDAlOyBoZWlnaHQ6IDEwMCU7IHBvc2l0aW9uOiBhYnNvbHV0ZTsgYm9yZGVyOiAwOyIgYWxsb3dmdWxsc2NyZWVuIHNjcm9sbGluZz0ibm8iIGFsbG93PSJlbmNyeXB0ZWQtbWVkaWEgKjsiJmd0OyZsdDsvaWZyYW1lJmd0OyZsdDsvZGl2Jmd0OyZsdDsvZGl2Jmd0OyZsdDtkaXYgY2xhc3M9Im1lZGl1bS1pbnNlcnQtZW1iZWRzLW1ldGEiJmd0OyZsdDtzY3JpcHQgdHlwZT0idGV4dC9qc29uIiZndDt7InVybCI6Imh0dHBzOi8vZ2VvLmRhaWx5bW90aW9uLmNvbS9wbGF5ZXIveHQ1ZWUuaHRtbD92aWRlbz14OTcwNWk0IiwidHlwZSI6InZpZGVvIiwidmVyc2lvbiI6IjEuMCIsInRpdGxlIjoiR29sYXpvIGRlIE9tYXIgXCJFbCBOZWdyb1wiIFBhbG1hIC0gUm9zYXJpbyBDZW50cmFsIHZzIE5ld2VsbCdzIiwiYXV0aG9yIjoiUMOhZ2luYTEyIiwiYXV0aG9yX3VybCI6Imh0dHBzOi8vd3d3LmRhaWx5bW90aW9uLmNvbS9QYWdpbmExMiIsInByb3ZpZGVyX25hbWUiOiJEYWlseW1vdGlvbiIsImRlc2NyaXB0aW9uIjoiVmVyIEdvbGF6byBkZSBPbWFyIFwiRWwgTmVncm9cIiBQYWxtYSAtIFJvc2FyaW8gQ2VudHJhbCB2cyBOZXdlbGwncyAtIFDDoWdpbmExMiBlbiBEYWlseW1vdGlvbiIsInRodW1ibmFpbF91cmwiOiJodHRwczovL3MyLmRtY2RuLm5ldC92L1g4cVJTMWQxTzQ5VlN3RWo4L3gyNDAiLCJ0aHVtYm5haWxfd2lkdGgiOjQyNSwidGh1bWJuYWlsX2hlaWdodCI6MjQwLCJjYWNoZV9hZ2UiOjg2NDAwfSZsdDsvc2NyaXB0Jmd0OyZsdDsvZGl2Jmd0Ow==\">\n<a data-iframely-url=\"\" href=\"https:\/\/geo.dailymotion.com\/player\/xt5ee.html?video=x9705i4\">https:\/\/geo.dailymotion.com\/player\/xt5ee.html?video=x9705i4<\/a>\n<\/div>\n<p>Palma, cuya especialidad era asistir a sus compa\u00f1eros y esquinar los tiros libres para hacerlos inatajables, tambi\u00e9n form\u00f3 parte del plantel que logr\u00f3 la <b>Copa Conmebol en 1995<\/b>, el \u00fanico t\u00edtulo internacional en la historia del club. Aquel equipo dirigido por Zof protagoniz\u00f3 <b>una de las finales m\u00e1s incre\u00edbles del f\u00fatbol:<\/b> luego de perder 4-0 la ida en Brasil contra Atl\u00e9tico Mineiro, gole\u00f3 4-0 en Rosario con goles de \u00abPolillita\u00bb Da Silva, \u00abPetaco\u00bb Carbonari (2) y \u00abChapul\u00edn\u00bb Cardetti para llevar la cosa a los penales. Palma encamin\u00f3 la historia al marcar el primero.<\/p>\n<p>El \u00abNegro\u00bb jug\u00f3 hasta los 41 a\u00f1os y es considerado por muchos como el m\u00e1ximo \u00eddolo de la instituci\u00f3n rosarina, donde firm\u00f3 un total de 390 partidos y 64 goles.\u00a0<b>Se retir\u00f3 de la actividad profesional en 1998<\/b>, aunque siempre sigui\u00f3 ligado a Central. Como t\u00e9cnico tuvo un err\u00e1tico paso en 2011 cuando el club estaba en Segunda Divisi\u00f3n: dirigi\u00f3 11 partidos con 4 triunfos, 2 empates y 5 derrotas.<\/p>\n<p>Adem\u00e1s de sus tres pasos por Central (1979-84, 1985-86 y 1992-98), Palma tambi\u00e9n visti\u00f3 las camisetas de <b>Col\u00f3n de Santa Fe (1986), River (1987-89) y Veracruz de M\u00e9xico (1989-92)<\/b>.<\/p>\n<div class=\"iframely-embed medium-embedded-content\" data-html=\"Jmx0O2Jsb2NrcXVvdGUgY2xhc3M9InR3aXR0ZXItdHdlZXQiIGRhdGEtZG50PSJ0cnVlIiBhbGlnbj0iY2VudGVyIiZndDsmbHQ7cCBsYW5nPSJlcyIgZGlyPSJsdHIiJmd0O0xhbWVudGFtb3MgZWwgZmFsbGVjaW1pZW50byBkZSBPbWFyIFBhbG1hLCBmaWd1cmEgZGVsIGbDunRib2wgYXJnZW50aW5vIHF1ZSBkZWrDsyBzdSByZWN1ZXJkbyBlbiBSaXZlciwgZG9uZGUgb2J0dXZvIGxhIENvcGEgSW50ZXJhbWVyaWNhbmEgMTk4NyB5IG1hcmPDsyBlbCBnb2wgcXVlIGRlZmluacOzIHVubyBkZSBsb3MgbWVqb3JlcyBTdXBlcmNsw6FzaWNvcyBkZSBsYSBoaXN0b3JpYS4gRWwgQ2x1YiBhY29tcGHDsWEgYSBzdSBmYW1pbGlhIHkgc2VyZXMgcXVlcmlkb3MgZW4gZXN0b3PigKYgJmx0O2EgaHJlZj0iaHR0cHM6Ly90LmNvL1p3eUtSczVoM2MiJmd0O3BpYy50d2l0dGVyLmNvbS9ad3lLUnM1aDNjJmx0Oy9hJmd0OyZsdDsvcCZndDsmYW1wO21kYXNoOyBSaXZlciBQbGF0ZSAoQFJpdmVyUGxhdGUpICZsdDthIGhyZWY9Imh0dHBzOi8vdHdpdHRlci5jb20vUml2ZXJQbGF0ZS9zdGF0dXMvMTg0MzYzNTcyMDMyNzQ3MTUwMj9yZWZfc3JjPXR3c3JjJTVFdGZ3IiZndDtPY3RvYmVyIDgsIDIwMjQmbHQ7L2EmZ3Q7Jmx0Oy9ibG9ja3F1b3RlJmd0OwombHQ7c2NyaXB0IGFzeW5jIHNyYz0iaHR0cHM6Ly9wbGF0Zm9ybS50d2l0dGVyLmNvbS93aWRnZXRzLmpzIiBjaGFyc2V0PSJ1dGYtOCImZ3Q7Jmx0Oy9zY3JpcHQmZ3Q7CgombHQ7ZGl2IGNsYXNzPSJtZWRpdW0taW5zZXJ0LWVtYmVkcy1tZXRhIiZndDsmbHQ7c2NyaXB0IHR5cGU9InRleHQvanNvbiImZ3Q7eyJ1cmwiOiJodHRwczovL3R3aXR0ZXIuY29tL1JpdmVyUGxhdGUvc3RhdHVzLzE4NDM2MzU3MjAzMjc0NzE1MDIiLCJ0eXBlIjoicmljaCIsInZlcnNpb24iOiIxLjAiLCJ0aXRsZSI6IlJpdmVyIFBsYXRlIG9uIFR3aXR0ZXIgLyBYIiwiYXV0aG9yIjoiUml2ZXIgUGxhdGUiLCJhdXRob3JfdXJsIjoiaHR0cHM6Ly90d2l0dGVyLmNvbS9SaXZlclBsYXRlIiwicHJvdmlkZXJfbmFtZSI6IlR3aXR0ZXIiLCJkZXNjcmlwdGlvbiI6IkxhbWVudGFtb3MgZWwgZmFsbGVjaW1pZW50byBkZSBPbWFyIFBhbG1hLCBmaWd1cmEgZGVsIGbDunRib2wgYXJnZW50aW5vIHF1ZSBkZWrDsyBzdSByZWN1ZXJkbyBlbiBSaXZlciwgZG9uZGUgb2J0dXZvIGxhIENvcGEgSW50ZXJhbWVyaWNhbmEgMTk4NyB5IG1hcmPDsyBlbCBnb2wgcXVlIGRlZmluacOzIHVubyBkZSBsb3MgbWVqb3JlcyBTdXBlcmNsw6FzaWNvcyBkZSBsYSBoaXN0b3JpYS4gRWwgQ2x1YiBhY29tcGHDsWEgYSBzdSBmYW1pbGlhIHkgc2VyZXMgcXVlcmlkb3MgZW4gZXN0b3PigKYgcGljLnR3aXR0ZXIuY29tL1p3eUtSczVoM2PigJQgUml2ZXIgUGxhdGUgKEBSaXZlclBsYXRlKSBPY3RvYmVyIDgsIDIwMjRcblxuXG4iLCJjYWNoZV9hZ2UiOjg2NDAwLCJvcHRpb25zIjp7Il9oaWRlX21lZGlhIjp7ImxhYmVsIjoiSGlkZSBwaG90b3MsIHZpZGVvcywgYW5kIGNhcmRzIiwidmFsdWUiOmZhbHNlfSwiX3RoZW1lIjp7InZhbHVlIjoiIiwidmFsdWVzIjp7ImRhcmsiOiJVc2UgZGFyayB0aGVtZSJ9fSwiX21heHdpZHRoIjp7InZhbHVlIjoiIiwibGFiZWwiOiJBZGp1c3Qgd2lkdGgiLCJwbGFjZWhvbGRlciI6IjIyMC01NTAsIGluIHB4In19fSZsdDsvc2NyaXB0Jmd0OyZsdDsvZGl2Jmd0Ow==\">\n<a data-iframely-url=\"\" href=\"https:\/\/twitter.com\/RiverPlate\/status\/1843635720327471502\">https:\/\/twitter.com\/RiverPlate\/status\/1843635720327471502<\/a>\n<\/div>\n<p>Por su parte, River tambi\u00e9n despidi\u00f3 al diez rememorando dos de sus logros durante su paso por N\u00fa\u00f1ez: \u00abLamentamos el fallecimiento de Omar Palma, figura del f\u00fatbol argentino que <b>dej\u00f3 su recuerdo en River, donde obtuvo la Copa Interamericana 1987 y marc\u00f3 el gol que defini\u00f3 uno de los mejores Supercl\u00e1sicos de la historia<\/b>. El club acompa\u00f1a a su familia y seres queridos en estos momentos de dolor\u00bb.<\/p>\n<h2>El Supercl\u00e1sico con gol de Palma<\/h2>\n<div class=\"iframely-embed medium-embedded-content\" data-html=\"Jmx0O2RpdiZndDsmbHQ7ZGl2IHN0eWxlPSJsZWZ0OiAwOyB3aWR0aDogMTAwJTsgaGVpZ2h0OiAwOyBwb3NpdGlvbjogcmVsYXRpdmU7IHBhZGRpbmctYm90dG9tOiA3NSU7IiZndDsmbHQ7aWZyYW1lIHNyYz0iLy9jZG4uaWZyYW1lLmx5L2FwaS9pZnJhbWU\/Y2xpY2tfdG9fcGxheT0xJmFtcDt1cmw9aHR0cHMlM0ElMkYlMkZnZW8uZGFpbHltb3Rpb24uY29tJTJGcGxheWVyJTJGeHQ1ZWUuaHRtbCUzRnZpZGVvJTNEeDk3MDVsdSZhbXA7a2V5PTI4NGQ2YjQ5MjkzNDY2NjI3NDU2M2UzZTFhNjdjYWRkIiBzdHlsZT0idG9wOiAwOyBsZWZ0OiAwOyB3aWR0aDogMTAwJTsgaGVpZ2h0OiAxMDAlOyBwb3NpdGlvbjogYWJzb2x1dGU7IGJvcmRlcjogMDsiIGFsbG93ZnVsbHNjcmVlbiBzY3JvbGxpbmc9Im5vIiBhbGxvdz0iZW5jcnlwdGVkLW1lZGlhICo7IiZndDsmbHQ7L2lmcmFtZSZndDsmbHQ7L2RpdiZndDsmbHQ7L2RpdiZndDsmbHQ7ZGl2IGNsYXNzPSJtZWRpdW0taW5zZXJ0LWVtYmVkcy1tZXRhIiZndDsmbHQ7c2NyaXB0IHR5cGU9InRleHQvanNvbiImZ3Q7eyJ1cmwiOiJodHRwczovL2dlby5kYWlseW1vdGlvbi5jb20vcGxheWVyL3h0NWVlLmh0bWw\/dmlkZW89eDk3MDVsdSIsInR5cGUiOiJ2aWRlbyIsInZlcnNpb24iOiIxLjAiLCJ0aXRsZSI6IlJpdmVyIDMgLSBCb2NhIDIgKFRlbXBvcmFkYSAxOTg3Lzg4KSIsImF1dGhvciI6IlDDoWdpbmExMiIsImF1dGhvcl91cmwiOiJodHRwczovL3d3dy5kYWlseW1vdGlvbi5jb20vUGFnaW5hMTIiLCJwcm92aWRlcl9uYW1lIjoiRGFpbHltb3Rpb24iLCJkZXNjcmlwdGlvbiI6IlZlciBSaXZlciAzIC0gQm9jYSAyIChUZW1wb3JhZGEgMTk4Ny84OCkgLSBQw6FnaW5hMTIgZW4gRGFpbHltb3Rpb24iLCJ0aHVtYm5haWxfdXJsIjoiaHR0cHM6Ly9zMS5kbWNkbi5uZXQvdi9YOHFUWTFkMU81RGRvOFRhay94MjQwIiwidGh1bWJuYWlsX3dpZHRoIjozMjAsInRodW1ibmFpbF9oZWlnaHQiOjI0MCwiY2FjaGVfYWdlIjo4NjQwMH0mbHQ7L3NjcmlwdCZndDsmbHQ7L2RpdiZndDs=\">\n<a data-iframely-url=\"\" href=\"https:\/\/geo.dailymotion.com\/player\/xt5ee.html?video=x9705lu\">https:\/\/geo.dailymotion.com\/player\/xt5ee.html?video=x9705lu<\/a>\n<\/div>\n<\/div>\n<p><script async src=\"\/\/platform.twitter.com\/widgets.js\" charset=\"utf-8\"><\/script><br \/><a href=\"https:\/\/www.pagina12.com.ar\/773158-murio-omar-palma-idolo-de-rosario-central\">source<\/a><\/p>\n","protected":false},"excerpt":{"rendered":"<p>Omar Arnaldo\u00a0Palma, el \u00abNegro\u00bb, \u00eddolo de Rosario Central, muri\u00f3 este martes a los 66 a\u00f1os\u00a0tras&#8230;<\/p>\n","protected":false},"author":3,"featured_media":15051,"comment_status":"closed","ping_status":"closed","sticky":false,"template":"","format":"standard","meta":{"footnotes":""},"categories":[21],"tags":[],"class_list":["post-15050","post","type-post","status-publish","format-standard","has-post-thumbnail","hentry","category-deportes"],"featured_image_urls":{"full":["https:\/\/fmamiga909.com.ar\/wp-content\/uploads\/2024\/10\/wp-header-logo-93.png",960,540,false],"thumbnail":["https:\/\/fmamiga909.com.ar\/wp-content\/uploads\/2024\/10\/wp-header-logo-93-150x150.png",150,150,true],"medium":["https:\/\/fmamiga909.com.ar\/wp-content\/uploads\/2024\/10\/wp-header-logo-93-300x169.png",300,169,true],"medium_large":["https:\/\/fmamiga909.com.ar\/wp-content\/uploads\/2024\/10\/wp-header-logo-93.png",960,540,false],"large":["https:\/\/fmamiga909.com.ar\/wp-content\/uploads\/2024\/10\/wp-header-logo-93.png",640,360,false],"1536x1536":["https:\/\/fmamiga909.com.ar\/wp-content\/uploads\/2024\/10\/wp-header-logo-93.png",960,540,false],"2048x2048":["https:\/\/fmamiga909.com.ar\/wp-content\/uploads\/2024\/10\/wp-header-logo-93.png",960,540,false],"newsium-slider-full":["https:\/\/fmamiga909.com.ar\/wp-content\/uploads\/2024\/10\/wp-header-logo-93.png",960,540,false],"newsium-featured":["https:\/\/fmamiga909.com.ar\/wp-content\/uploads\/2024\/10\/wp-header-logo-93.png",960,540,false],"newsium-medium":["https:\/\/fmamiga909.com.ar\/wp-content\/uploads\/2024\/10\/wp-header-logo-93-720x475.png",720,475,true]},"author_info":{"display_name":"Fredy Giuliano","author_link":"https:\/\/fmamiga909.com.ar\/?author=3"},"category_info":"<a href=\"https:\/\/fmamiga909.com.ar\/?cat=21\" rel=\"category\">Deportes<\/a>","tag_info":"Deportes","comment_count":"0","_links":{"self":[{"href":"https:\/\/fmamiga909.com.ar\/index.php?rest_route=\/wp\/v2\/posts\/15050","targetHints":{"allow":["GET"]}}],"collection":[{"href":"https:\/\/fmamiga909.com.ar\/index.php?rest_route=\/wp\/v2\/posts"}],"about":[{"href":"https:\/\/fmamiga909.com.ar\/index.php?rest_route=\/wp\/v2\/types\/post"}],"author":[{"embeddable":true,"href":"https:\/\/fmamiga909.com.ar\/index.php?rest_route=\/wp\/v2\/users\/3"}],"replies":[{"embeddable":true,"href":"https:\/\/fmamiga909.com.ar\/index.php?rest_route=%2Fwp%2Fv2%2Fcomments&post=15050"}],"version-history":[{"count":0,"href":"https:\/\/fmamiga909.com.ar\/index.php?rest_route=\/wp\/v2\/posts\/15050\/revisions"}],"wp:featuredmedia":[{"embeddable":true,"href":"https:\/\/fmamiga909.com.ar\/index.php?rest_route=\/wp\/v2\/media\/15051"}],"wp:attachment":[{"href":"https:\/\/fmamiga909.com.ar\/index.php?rest_route=%2Fwp%2Fv2%2Fmedia&parent=15050"}],"wp:term":[{"taxonomy":"category","embeddable":true,"href":"https:\/\/fmamiga909.com.ar\/index.php?rest_route=%2Fwp%2Fv2%2Fcategories&post=15050"},{"taxonomy":"post_tag","embeddable":true,"href":"https:\/\/fmamiga909.com.ar\/index.php?rest_route=%2Fwp%2Fv2%2Ftags&post=15050"}],"curies":[{"name":"wp","href":"https:\/\/api.w.org\/{rel}","templated":true}]}}