{"id":15597,"date":"2024-10-28T22:44:16","date_gmt":"2024-10-28T22:44:16","guid":{"rendered":"https:\/\/fmamiga909.com.ar\/?p=15597"},"modified":"2024-10-28T22:44:16","modified_gmt":"2024-10-28T22:44:16","slug":"gala-del-balon-de-oro-2024-la-lista-de-ganadores","status":"publish","type":"post","link":"https:\/\/fmamiga909.com.ar\/?p=15597","title":{"rendered":"Gala del Bal\u00f3n de Oro 2024: la lista de ganadores"},"content":{"rendered":"<div id=\"post-1906\">\n<div class=\"col 2-col\">\n<h2>Qu\u00e9 dijo Rodri tras ganar el Bal\u00f3n de oro<\/h2>\n<p>El Bal\u00f3n de Oro 2024 fue para Rodri,\u00a0jugador de Manchester City\u00a0y de la selecci\u00f3n de Espa\u00f1a. El premio fue entregado por el legendario jugador liberiano, George Weah.\u00a0<\/p>\n<p>\u00abAgradezco a France Futbol y a la UEFA por el galard\u00f3n y por estar ac\u00e1 una vez m\u00e1s. Tambi\u00e9n, quiero agradecer a todo el mundo que me ha votado y ha confiado en mi para darme este galard\u00f3n. S\u00e9 que es hoy un d\u00eda muy especial, no solo para mi, sino tambi\u00e9n para mi familia y para mi pa\u00eds\u00bb, expres\u00f3 Rodri, visiblemente emocionado.<\/p>\n<p>Adem\u00e1s, sum\u00f3 un agradecimiento especial a su novia Laura y a su familia, que \u00absin ellos nada de esto hubiese sido posible\u00bb, afirm\u00f3. \u00abTampoco me quiero olvidar de mis compa\u00f1eros. Es cierto que el f\u00fatbol es un deporte colectivo y sin ellos hoy no estar\u00eda aqu\u00ed\u00bb, a\u00f1adi\u00f3.\u00a0<\/p>\n<p>\u00abAl Manchester City, a todo el staff. Para m\u00ed es muy especial, sin vosotros no hubiera podido conseguirlo. Estoy, en lo que para m\u00ed, es el mejor club del mundo y gracias a ellos todo es mucho m\u00e1s f\u00e1cil. Gracias a la Selecci\u00f3n, a Luis por confiar siempre en m\u00ed. A mis compa\u00f1eros que ganemos la Eurocopa\u00bb, continu\u00f3 el espa\u00f1ol.\u00a0<\/p>\n<p>\u00abNo es una victoria solo m\u00eda, sino de todo el f\u00fatbol espa\u00f1ol\u00bb, complet\u00f3.\u00a0<\/p>\n<p>Desde el a\u00f1o 1960 que un espa\u00f1ol no se quedaba con el premio. En aquella oportunidad, fue el delantero Luis Su\u00e1rez, que por aquellos a\u00f1os vest\u00eda la camiseta de Barcelona. A la terna la completaron Dani Carvajal, Jude Bellingham y Vinicius Jr, todos de Real Madrid.<\/p>\n<div class=\"iframely-embed medium-embedded-content\" data-html=\"Jmx0O2Jsb2NrcXVvdGUgY2xhc3M9InR3aXR0ZXItdHdlZXQiIGRhdGEtZG50PSJ0cnVlIiBhbGlnbj0iY2VudGVyIiZndDsmbHQ7cCBsYW5nPSJlbiIgZGlyPSJsdHIiJmd0O1JPRFJJIElTIFRIRSAyMDI0IE1FTiZhbXA7IzM5O1MgQkFMTE9OIEQmYW1wOyMzOTtPUiEgICZsdDthIGhyZWY9Imh0dHBzOi8vdHdpdHRlci5jb20vaGFzaHRhZy9iYWxsb25kb3I\/c3JjPWhhc2gmYW1wO2FtcDtyZWZfc3JjPXR3c3JjJTVFdGZ3IiZndDsjYmFsbG9uZG9yJmx0Oy9hJmd0OyAmbHQ7YSBocmVmPSJodHRwczovL3R3aXR0ZXIuY29tL01hbkNpdHk\/cmVmX3NyYz10d3NyYyU1RXRmdyImZ3Q7QE1hbkNpdHkmbHQ7L2EmZ3Q7ICZsdDthIGhyZWY9Imh0dHBzOi8vdHdpdHRlci5jb20vQ2hhbXBpb25zTGVhZ3VlP3JlZl9zcmM9dHdzcmMlNUV0ZnciJmd0O0BDaGFtcGlvbnNMZWFndWUmbHQ7L2EmZ3Q7ICZsdDthIGhyZWY9Imh0dHBzOi8vdC5jby9oZVd2U1FzT3huIiZndDtwaWMudHdpdHRlci5jb20vaGVXdlNRc094biZsdDsvYSZndDsmbHQ7L3AmZ3Q7JmFtcDttZGFzaDsgQmFsbG9uIGQmYW1wOyMzOTtPciAoQGJhbGxvbmRvcikgJmx0O2EgaHJlZj0iaHR0cHM6Ly90d2l0dGVyLmNvbS9iYWxsb25kb3Ivc3RhdHVzLzE4NTEwMTcwNzM2NjY3MjAxMzQ\/cmVmX3NyYz10d3NyYyU1RXRmdyImZ3Q7T2N0b2JlciAyOCwgMjAyNCZsdDsvYSZndDsmbHQ7L2Jsb2NrcXVvdGUmZ3Q7CiZsdDtzY3JpcHQgYXN5bmMgc3JjPSJodHRwczovL3BsYXRmb3JtLnR3aXR0ZXIuY29tL3dpZGdldHMuanMiIGNoYXJzZXQ9InV0Zi04IiZndDsmbHQ7L3NjcmlwdCZndDsKCiZsdDtkaXYgY2xhc3M9Im1lZGl1bS1pbnNlcnQtZW1iZWRzLW1ldGEiJmd0OyZsdDtzY3JpcHQgdHlwZT0idGV4dC9qc29uIiZndDt7InVybCI6Imh0dHBzOi8vdHdpdHRlci5jb20vYmFsbG9uZG9yL3N0YXR1cy8xODUxMDE3MDczNjY2NzIwMTM0IiwidHlwZSI6InJpY2giLCJ2ZXJzaW9uIjoiMS4wIiwidGl0bGUiOiJCYWxsb24gZCdPciBvbiBUd2l0dGVyIC8gWCIsImF1dGhvciI6IkJhbGxvbiBkJ09yIiwiYXV0aG9yX3VybCI6Imh0dHBzOi8vdHdpdHRlci5jb20vYmFsbG9uZG9yIiwicHJvdmlkZXJfbmFtZSI6IlR3aXR0ZXIiLCJkZXNjcmlwdGlvbiI6IlJPRFJJIElTIFRIRSAyMDI0IE1FTidTIEJBTExPTiBEJ09SISAgI2JhbGxvbmRvciBATWFuQ2l0eSBAQ2hhbXBpb25zTGVhZ3VlIHBpYy50d2l0dGVyLmNvbS9oZVd2U1FzT3hu4oCUIEJhbGxvbiBkJ09yIChAYmFsbG9uZG9yKSBPY3RvYmVyIDI4LCAyMDI0XG5cblxuIiwiY2FjaGVfYWdlIjo4NjQwMCwib3B0aW9ucyI6eyJfaGlkZV9tZWRpYSI6eyJsYWJlbCI6IkhpZGUgcGhvdG9zLCB2aWRlb3MsIGFuZCBjYXJkcyIsInZhbHVlIjpmYWxzZX0sIl90aGVtZSI6eyJ2YWx1ZSI6IiIsInZhbHVlcyI6eyJkYXJrIjoiVXNlIGRhcmsgdGhlbWUifX0sIl9tYXh3aWR0aCI6eyJ2YWx1ZSI6IiIsImxhYmVsIjoiQWRqdXN0IHdpZHRoIiwicGxhY2Vob2xkZXIiOiIyMjAtNTUwLCBpbiBweCJ9fX0mbHQ7L3NjcmlwdCZndDsmbHQ7L2RpdiZndDs=\">\n                <a data-iframely-url=\"\" href=\"https:\/\/twitter.com\/ballondor\/status\/1851017073666720134\">https:\/\/twitter.com\/ballondor\/status\/1851017073666720134<\/a>\n              <\/div>\n<\/p><\/div>\n<\/div>\n<div id=\"post-1830\">\n<div class=\"col 2-col\">\n<h2>Aitana Bonmat\u00ed: \u00abEstoy muy agradecida\u00bb<\/h2>\n<p>Aitana Bonmat\u00ed, jugadora de Barcelona, se qued\u00f3 con el m\u00e1ximo premio por segunda vez consecutiva. El galard\u00f3n fue entregado por la actriz Natalie Portman, fan\u00e1tica del f\u00fatbol.<\/p>\n<p>\u00abEstoy\u00a0 muy agradecida de volver a estar aqu\u00ed. No es f\u00e1cil todo lo que hacemos cada a\u00f1o. Formo parte de un deporte colectivo y me encuentro rodeada de magn\u00edficas futbolistas tanto en el Barca como en la selecci\u00f3n y solo puedo dar gracias porque sin ellas no ser\u00eda la futbolista que soy\u00bb, expres\u00f3 la flamante ganadora.\u00a0<\/p>\n<\/div>\n<\/div>\n<div id=\"post-1811\">\n<div class=\"col 2-col\">\n<h2>Emma Hayes y\u00a0Carlo Ancelotti, los mejores entrenadores<\/h2>\n<p>El premio a la mejor entrenadora de un club o selecci\u00f3n femenina fue para Emma Hayes, de la selecci\u00f3n de Inglaterra, de Chelsea y tambi\u00e9n de los Estados Unidos. En tanto, el galard\u00f3n masculino fue Carlo Ancelotti, DT del Real Madrid.\u00a0<\/p>\n<p>Ancelotti, que super\u00f3 en su terna a Lionel Scaloni, no estuvo presente para recibir el galard\u00f3n por la decisi\u00f3n de Real Madrid de no enviar a nadie de la delegaci\u00f3n.<\/p>\n<\/div>\n<\/div>\n<div id=\"post-1800\">\n<div class=\"col 2-col\">\n<h2>Jennifer Hermoso, ganadora del Premio S\u00f3crates\u00a0\u00a0<\/h2>\n<p>El Premio S\u00f3crates para la futbolista m\u00e1s comprometida con causas sociales fue para la espa\u00f1ola Jennifer Hermoso.<\/p>\n<p>\u00abEste premio significa much\u00edsimo para m\u00ed. Me hace ser aun m\u00e1s consciente de la responsabilidad que tenemos todos los deportistas tanto dentro como afuera del campo\u00bb, expres\u00f3 Hermoso.\u00a0<\/p>\n<p>Y sum\u00f3: \u00abY hablo en plural porque este premio no es solo mio, sino de todas mis compa\u00f1eras con las que comparto un terreno donde la igualdad no siempre es un hecho. Por eso todas trabajamos d\u00eda a d\u00eda, para dejar al futbol femenino en un gran lugar para las nuevas generaciones\u00bb.\u00a0<\/p>\n<p>\u00abLuego, record\u00f3 que una ni\u00f1a le dijo que, recientemente, una ni\u00f1a le dijo que quer\u00eda ser una futbolista como ella, y se comprometi\u00f3 a seguir trabajando porque \u00abesa ni\u00f1a, al igual que todas las mujeres, se merece un f\u00fatbol femenino libre de prejuicio y libre de violencia de g\u00e9nero. Es por ella y por todas las mujeres que no dejar\u00e9 de luchar, de ser valiente\u00bb, subray\u00f3.\u00a0<\/p>\n<p>\u00abEste premio va por todas y por cada una de nosotras\u00bb, concluy\u00f3 la futbolista.\u00a0<\/p>\n<\/div>\n<\/div>\n<div id=\"post-1750\">\n<div class=\"col 2-col\">\n<h2>\u00abJam\u00e1s pens\u00e9 ganar dos veces seguidas el premio al mejor arquero\u00bb<\/h2>\n<p>\u00abVengo de un lugar chico, siempre lo recuerdo, y eso es lo que motiva a seguir queriendo crecer. Obsesionado con mejorar, con conseguir cosas grupales. Para mi lo individual viene siempre despu\u00e9s de lo grupal. As\u00ed que, gracias a todos\u00bb, comenz\u00f3 su discurso El Dibu Mart\u00ednez, como flamante ganador del premio al mejor arquero del mundo.<\/p>\n<p>Y sum\u00f3: \u00abJam\u00e1s pens\u00e9 ganar dos veces seguidas el premio al mejor arquero. Lo comparto con mi familia, con mis amigos y los hinchas\u00bb.\u00a0<\/p>\n<p>\u00abA veces en la cancha te comportas como te sale, soy tranquilo afuera de la cancha, soy hermano, marido, hago todo lo que puedo para ayudar a mi equipo y a la selecci\u00f3n. Para ser justos, no me veo como el mejor. Hay arqueros que son muy buenos, lo que me importa es el equipo, trabajamos con los entrenadores para mejorar todos los d\u00edas\u201d, cerr\u00f3.<\/p>\n<p>Lautaro Mart\u00ednez, quien le entreg\u00f3 el premio, sum\u00f3: \u201cEmiliano es especial porque es ganador y eso es importante, ayuda a los m\u00e1s j\u00f3venes, a los chicos que vienen a entrenar con nosotros. Y despu\u00e9s, solo palabras bonitas para \u00e9l: todo lo que hace es porque quiere ganar y no va m\u00e1s all\u00e1 de eso\u201d.<\/p>\n<div class=\"iframely-embed medium-embedded-content\" data-html=\"Jmx0O2Jsb2NrcXVvdGUgY2xhc3M9InR3aXR0ZXItdHdlZXQiIGRhdGEtZG50PSJ0cnVlIiBhbGlnbj0iY2VudGVyIiZndDsmbHQ7cCBsYW5nPSJlbiIgZGlyPSJsdHIiJmd0O0VNSUxJQU5PIE1BUlRJTkVaIElTIFRIRSAyMDI0IFlBQ0hJTkUgVFJPUEhZIFdJTk5FUiEgIEFyZ2VudGluYSBnb2Fsa2VlcGVyIGV4dGVuZHMgaGlzIHJlaWduISAgICZsdDthIGhyZWY9Imh0dHBzOi8vdHdpdHRlci5jb20vaGFzaHRhZy9Ucm9waCVDMyVBOWVZYWNoaW5lP3NyYz1oYXNoJmFtcDthbXA7cmVmX3NyYz10d3NyYyU1RXRmdyImZ3Q7I1Ryb3Bow6llWWFjaGluZSZsdDsvYSZndDsgJmx0O2EgaHJlZj0iaHR0cHM6Ly90d2l0dGVyLmNvbS9oYXNodGFnL2JhbGxvbmRvcj9zcmM9aGFzaCZhbXA7YW1wO3JlZl9zcmM9dHdzcmMlNUV0ZnciJmd0OyNiYWxsb25kb3ImbHQ7L2EmZ3Q7ICZsdDthIGhyZWY9Imh0dHBzOi8vdHdpdHRlci5jb20vQVZGQ09mZmljaWFsP3JlZl9zcmM9dHdzcmMlNUV0ZnciJmd0O0BBVkZDT2ZmaWNpYWwmbHQ7L2EmZ3Q7ICZsdDthIGhyZWY9Imh0dHBzOi8vdHdpdHRlci5jb20vQ2hhbXBpb25zTGVhZ3VlP3JlZl9zcmM9dHdzcmMlNUV0ZnciJmd0O0BjaGFtcGlvbnNsZWFndWUmbHQ7L2EmZ3Q7ICZsdDthIGhyZWY9Imh0dHBzOi8vdC5jby9scHlrR3gzOHpWIiZndDtwaWMudHdpdHRlci5jb20vbHB5a0d4Mzh6ViZsdDsvYSZndDsmbHQ7L3AmZ3Q7JmFtcDttZGFzaDsgQmFsbG9uIGQmYW1wOyMzOTtPciAoQGJhbGxvbmRvcikgJmx0O2EgaHJlZj0iaHR0cHM6Ly90d2l0dGVyLmNvbS9iYWxsb25kb3Ivc3RhdHVzLzE4NTEwMDIyODkyNDg3NDc2NjA\/cmVmX3NyYz10d3NyYyU1RXRmdyImZ3Q7T2N0b2JlciAyOCwgMjAyNCZsdDsvYSZndDsmbHQ7L2Jsb2NrcXVvdGUmZ3Q7CiZsdDtzY3JpcHQgYXN5bmMgc3JjPSJodHRwczovL3BsYXRmb3JtLnR3aXR0ZXIuY29tL3dpZGdldHMuanMiIGNoYXJzZXQ9InV0Zi04IiZndDsmbHQ7L3NjcmlwdCZndDsKCiZsdDtkaXYgY2xhc3M9Im1lZGl1bS1pbnNlcnQtZW1iZWRzLW1ldGEiJmd0OyZsdDtzY3JpcHQgdHlwZT0idGV4dC9qc29uIiZndDt7InVybCI6Imh0dHBzOi8vdHdpdHRlci5jb20vYmFsbG9uZG9yL3N0YXR1cy8xODUxMDAyMjg5MjQ4NzQ3NjYwIiwidHlwZSI6InJpY2giLCJ2ZXJzaW9uIjoiMS4wIiwidGl0bGUiOiJCYWxsb24gZCdPciBvbiBUd2l0dGVyIC8gWCIsImF1dGhvciI6IkJhbGxvbiBkJ09yIiwiYXV0aG9yX3VybCI6Imh0dHBzOi8vdHdpdHRlci5jb20vYmFsbG9uZG9yIiwicHJvdmlkZXJfbmFtZSI6IlR3aXR0ZXIiLCJkZXNjcmlwdGlvbiI6IkVNSUxJQU5PIE1BUlRJTkVaIElTIFRIRSAyMDI0IFlBQ0hJTkUgVFJPUEhZIFdJTk5FUiEgIEFyZ2VudGluYSBnb2Fsa2VlcGVyIGV4dGVuZHMgaGlzIHJlaWduISAgICNUcm9waMOpZVlhY2hpbmUgI2JhbGxvbmRvciBAQVZGQ09mZmljaWFsIEBjaGFtcGlvbnNsZWFndWUgcGljLnR3aXR0ZXIuY29tL2xweWtHeDM4elbigJQgQmFsbG9uIGQnT3IgKEBiYWxsb25kb3IpIE9jdG9iZXIgMjgsIDIwMjRcblxuXG4iLCJjYWNoZV9hZ2UiOjg2NDAwLCJvcHRpb25zIjp7Il9oaWRlX21lZGlhIjp7ImxhYmVsIjoiSGlkZSBwaG90b3MsIHZpZGVvcywgYW5kIGNhcmRzIiwidmFsdWUiOmZhbHNlfSwiX3RoZW1lIjp7InZhbHVlIjoiIiwidmFsdWVzIjp7ImRhcmsiOiJVc2UgZGFyayB0aGVtZSJ9fSwiX21heHdpZHRoIjp7InZhbHVlIjoiIiwibGFiZWwiOiJBZGp1c3Qgd2lkdGgiLCJwbGFjZWhvbGRlciI6IjIyMC01NTAsIGluIHB4In19fSZsdDsvc2NyaXB0Jmd0OyZsdDsvZGl2Jmd0Ow==\">\n                <a data-iframely-url=\"\" href=\"https:\/\/twitter.com\/ballondor\/status\/1851002289248747660\">https:\/\/twitter.com\/ballondor\/status\/1851002289248747660<\/a>\n              <\/div>\n<\/p><\/div>\n<\/div>\n<div id=\"post-1747\">\n<div class=\"col 2-col\">\n<h2>El Dibu Martinez, el mejor arquero<\/h2>\n<p>Emiliano \u00abDibu\u00bb Mart\u00ednez volvi\u00f3 a quedarse con el premio Yashin al mejor arquero de la temporada. El trofeo se lo entreg\u00f3 Lautaro Mart\u00ednez, compa\u00f1ero en la Selecci\u00f3n argentina.\u00a0<\/p>\n<p>\u201cEs un honor volver a estar ac\u00e1, siempre agradecido a mis compa\u00f1eros de la selecci\u00f3n y Aston Villa, hoy tengo la suerte de estar con mis entrenadores de arquero, vengo de un lugar chico y quiero seguir logrando premios\u00bb, expres\u00f3 El Dibu.\u00a0<\/p>\n<\/div>\n<\/div>\n<p><script async src=\"\/\/platform.twitter.com\/widgets.js\" charset=\"utf-8\"><\/script><br \/><a href=\"https:\/\/www.pagina12.com.ar\/778146-a-que-hora-se-entrega-el-balon-de-oro-2024-donde-verlo-en-vi\">source<\/a><\/p>\n","protected":false},"excerpt":{"rendered":"<p>Qu\u00e9 dijo Rodri tras ganar el Bal\u00f3n de oro El Bal\u00f3n de Oro 2024 fue&#8230;<\/p>\n","protected":false},"author":3,"featured_media":15598,"comment_status":"closed","ping_status":"closed","sticky":false,"template":"","format":"standard","meta":{"footnotes":""},"categories":[21],"tags":[],"class_list":["post-15597","post","type-post","status-publish","format-standard","has-post-thumbnail","hentry","category-deportes"],"featured_image_urls":{"full":["https:\/\/fmamiga909.com.ar\/wp-content\/uploads\/2024\/10\/wp-header-logo-358.png",960,540,false],"thumbnail":["https:\/\/fmamiga909.com.ar\/wp-content\/uploads\/2024\/10\/wp-header-logo-358-150x150.png",150,150,true],"medium":["https:\/\/fmamiga909.com.ar\/wp-content\/uploads\/2024\/10\/wp-header-logo-358-300x169.png",300,169,true],"medium_large":["https:\/\/fmamiga909.com.ar\/wp-content\/uploads\/2024\/10\/wp-header-logo-358.png",960,540,false],"large":["https:\/\/fmamiga909.com.ar\/wp-content\/uploads\/2024\/10\/wp-header-logo-358.png",640,360,false],"1536x1536":["https:\/\/fmamiga909.com.ar\/wp-content\/uploads\/2024\/10\/wp-header-logo-358.png",960,540,false],"2048x2048":["https:\/\/fmamiga909.com.ar\/wp-content\/uploads\/2024\/10\/wp-header-logo-358.png",960,540,false],"newsium-slider-full":["https:\/\/fmamiga909.com.ar\/wp-content\/uploads\/2024\/10\/wp-header-logo-358.png",960,540,false],"newsium-featured":["https:\/\/fmamiga909.com.ar\/wp-content\/uploads\/2024\/10\/wp-header-logo-358.png",960,540,false],"newsium-medium":["https:\/\/fmamiga909.com.ar\/wp-content\/uploads\/2024\/10\/wp-header-logo-358-720x475.png",720,475,true]},"author_info":{"display_name":"Fredy Giuliano","author_link":"https:\/\/fmamiga909.com.ar\/?author=3"},"category_info":"<a href=\"https:\/\/fmamiga909.com.ar\/?cat=21\" rel=\"category\">Deportes<\/a>","tag_info":"Deportes","comment_count":"0","_links":{"self":[{"href":"https:\/\/fmamiga909.com.ar\/index.php?rest_route=\/wp\/v2\/posts\/15597","targetHints":{"allow":["GET"]}}],"collection":[{"href":"https:\/\/fmamiga909.com.ar\/index.php?rest_route=\/wp\/v2\/posts"}],"about":[{"href":"https:\/\/fmamiga909.com.ar\/index.php?rest_route=\/wp\/v2\/types\/post"}],"author":[{"embeddable":true,"href":"https:\/\/fmamiga909.com.ar\/index.php?rest_route=\/wp\/v2\/users\/3"}],"replies":[{"embeddable":true,"href":"https:\/\/fmamiga909.com.ar\/index.php?rest_route=%2Fwp%2Fv2%2Fcomments&post=15597"}],"version-history":[{"count":0,"href":"https:\/\/fmamiga909.com.ar\/index.php?rest_route=\/wp\/v2\/posts\/15597\/revisions"}],"wp:featuredmedia":[{"embeddable":true,"href":"https:\/\/fmamiga909.com.ar\/index.php?rest_route=\/wp\/v2\/media\/15598"}],"wp:attachment":[{"href":"https:\/\/fmamiga909.com.ar\/index.php?rest_route=%2Fwp%2Fv2%2Fmedia&parent=15597"}],"wp:term":[{"taxonomy":"category","embeddable":true,"href":"https:\/\/fmamiga909.com.ar\/index.php?rest_route=%2Fwp%2Fv2%2Fcategories&post=15597"},{"taxonomy":"post_tag","embeddable":true,"href":"https:\/\/fmamiga909.com.ar\/index.php?rest_route=%2Fwp%2Fv2%2Ftags&post=15597"}],"curies":[{"name":"wp","href":"https:\/\/api.w.org\/{rel}","templated":true}]}}