{"id":15607,"date":"2024-10-28T23:24:49","date_gmt":"2024-10-28T23:24:49","guid":{"rendered":"https:\/\/fmamiga909.com.ar\/?p=15607"},"modified":"2024-10-28T23:24:49","modified_gmt":"2024-10-28T23:24:49","slug":"la-sorpresiva-decision-que-tomaron-vinicius-junior-y-real-madrid-antes-del-balon-de-oro-2024","status":"publish","type":"post","link":"https:\/\/fmamiga909.com.ar\/?p=15607","title":{"rendered":"La sorpresiva decisi\u00f3n que tomaron Vin\u00edcius J\u00fanior y Real Madrid antes del Bal\u00f3n de Oro 2024"},"content":{"rendered":"<div id=\"post-1125\">\n<div class=\"pin\"><img decoding=\"async\" class=\"\" src=\"https:\/\/www.pagina12.com.ar\/assets\/media\/assets\/article\/pin-lbp.svg\" alt=\"Pin para indicar un LiveBlogPost fijado\"\/><\/div>\n<div class=\"col 2-col\">\n<h2>Vin\u00edcius J\u00fanior y Real Madrid no viajan el Bal\u00f3n de Oro<\/h2>\n<p>Seg\u00fan confirman medios como Marca o el prestigioso periodista Fabrizio Romano, ni <b>Vin\u00edcius J\u00fanior<\/b> ni ning\u00fan representante del<b> Real Madrid<\/b> viajar\u00e1 a Par\u00eds para la gala del<b> Bal\u00f3n de Oro 2024<\/b>. Hasta hace algunas horas parec\u00eda una certeza que el delantero brasile\u00f1o ganar\u00eda el premio, pero el club <i>Merengue <\/i>cancel\u00f3 el vuelo que ten\u00eda preparado para salir del\u00a0Aeropuerto Adolfo Su\u00e1rez Madrid-Barajas.<\/p>\n<p>El club ten\u00eda nominados tambi\u00e9n a\u00a0<b>Jude Bellingham, Federico Valverde, Toni Kroos (retirado), Carvajal, Mbapp\u00e9 y R\u00fcdiger<\/b> para el premio mayor. <b>Carlo Ancelotti<\/b> est\u00e1 nominado a mejor DT, pero tampoco ser\u00eda el ganador. <b>Arda G\u00fcler<\/b> est\u00e1 nominado al trofeo Kopa que premia al mejor jugador menor de 21 a\u00f1os. <b>Andriy Lunin<\/b> a Mejor Arquero.\u00a0<\/p>\n<\/div>\n<\/div>\n<div id=\"post-1346\">\n<div class=\"col 2-col\">\n<h2>Argentinos que ganaron el Bal\u00f3n de Oro<\/h2>\n<p><b>Argentina <\/b>tiene 12 Balones de Oro y es el pa\u00eds que m\u00e1s veces lo ha ganado, seguido por <b>Alemania, Portugal, Francia y Pa\u00edses Bajos<\/b> con 7. A los mencionados 8 de Messi (2009, 2010, 2011, 2012, 2015, 2019, 2021 y 2023) y 2 de Di St\u00e9fano (1957 y 1959) hay que sumarle el de Omar Sivori en 1961. El delantero de la Juventus ten\u00eda tambi\u00e9n la ciudadan\u00eda italiana, lo que le permiti\u00f3 competir por el premio. En la mencionada temporada marc\u00f3 28 goles en 29 partidos y gan\u00f3 la <b>Serie A<\/b>.<\/p>\n<\/div>\n<\/div>\n<div id=\"post-1245\">\n<div class=\"col 2-col\">\n<h2>Qui\u00e9n gan\u00f3 m\u00e1s veces el Bal\u00f3n de Oro masculino: cu\u00e1ntos tienen Cristiano Ronaldo y Messi<\/h2>\n<p>El <b>Bal\u00f3n de Oro<\/b> se entrega desde 1956, pero reci\u00e9n a partir de 1995 se incluy\u00f3 a futbolistas que no fueran de origen europeo. El argentino <b>Alfredo Di Stefano<\/b> \u2014gloria del <b>Real Madrid<\/b>\u2014 lo gan\u00f3 en 1957 y 1959, pero pudo ser parte de los nominados porque tambi\u00e9n era ciudadano espa\u00f1ol.<\/p>\n<p><b>Lionel Messi <\/b>con<b> 8 consagraciones<\/b> (2009, 2010, 2011, 2012, 2015, 2019, 2021 y 2023) es el futbolista que en m\u00e1s oportunidades se alz\u00f3 con el premio. Lo sigue <b>Cristiano Ronaldo<\/b> \u2014con quien se disput\u00f3 la cima del f\u00fatbol mundial durante m\u00e1s de una d\u00e9cada\u2014 con 5 distinciones (2008, 2013, 2014, 2016 y 2017). <\/p>\n<ul>\n<li><strong>Lionel Messi <\/strong>(8): 2009, 2010, 2011, 2012, 2015, 2019, 2021 y 2023.<\/li>\n<li><strong>Cristiano Ronaldo <\/strong>(5): 2008, 2013, 2014, 2016 y 2017.<\/li>\n<li><strong>Michel Platini <\/strong>(3): 1983, 1984 y 1985.<\/li>\n<li><strong>Johan Cruyff <\/strong>(3): 1971, 1973 y 1974.<\/li>\n<li><strong>Franz Beckenbauer <\/strong>(2): 1972 y 1976.<\/li>\n<li><strong>Ronaldo Naz\u00e1rio <\/strong>(2): 1997 y 2002.<\/li>\n<li><strong>Alfredo Di St\u00e9fano <\/strong>(2): 1957 y 1959.<\/li>\n<li><strong>Kevin Keegan <\/strong>(2): 1978 y 1979.<\/li>\n<li><strong>Karl-Heinz Rummenigge <\/strong>(2): 1980 y 1991.<\/li>\n<\/ul>\n<\/div>\n<\/div>\n<div id=\"post-1214\">\n<div class=\"col 2-col\">\n<h2>La temporada de Rodri, el gran candidato a ganar el Bal\u00f3n de Oro<\/h2>\n<p>El talentoso mediocampista espa\u00f1ol jug\u00f3 50 partidos con el <b>Manchester City <\/b>en la temporada 2023\/2024, en los que marc\u00f3 9 goles y dio 14 asistencias. Fue clave para que su equipo ganara la Premier League \u2014la cuarta consecutiva\u2014 y el <b>Mundial de Clubes<\/b> por la <b>Champions League 2022\/23<\/b>. En la edici\u00f3n 23\/24 del torneo europeo de clubes perdi\u00f3 en cuartos de final con el <b>Real Madrid<\/b>: 3 a 3 en la ida en el Santiago Bernabeu y 1 a 1 en el Etihad Stadium, para luego caer 4 a 3 en los penales. Adem\u00e1s, fue una de las grandes figuras de la selecci\u00f3n de <b>Espa\u00f1a campeona de la Eurocopa<\/b> en Alemania.\u00a0<\/p>\n<\/div>\n<\/div>\n<div id=\"post-1158\">\n<div class=\"col 2-col\">\n<h2>El primer Bal\u00f3n de Oro sin Messi ni Cristiano en 21 a\u00f1os<\/h2>\n<p>El <b>Bal\u00f3n de Oro 2024<\/b> ser\u00e1 el primero en 21 a\u00f1os en el que no est\u00e9n nominados ni <b>Lionel Messi<\/b> ni <b>Cristiano Ronaldo<\/b>. El argentino es el m\u00e1ximo ganador hist\u00f3rico con 8 consagraciones (2009, 2010, 2011, 2012, 2015, 2019, 2021 y 2023), seguido por el portugu\u00e9s con 5 (2008, 2013, 2014, 2016 y 2017).\u00a0<\/p>\n<\/div>\n<\/div>\n<div id=\"post-1143\">\n<div class=\"col 2-col\">\n<h2>\u00bfRodri, el gran candidato al Bal\u00f3n de Oro?<\/h2>\n<p>Luego de que se conociera que el <b>Real Madrid<\/b> suspendi\u00f3 de manera sorpresiva su viaje a Par\u00eds para la gala del<b> Bal\u00f3n de Oro<\/b>, muy probablemente debido a que se filtr\u00f3 que <b>Vin\u00edcius J\u00fanior<\/b> no ser\u00e1 el ganador, el gran candidato a ganar el premio mayor\u00a0<b>Rodrigo Hern\u00e1ndez<\/b>, conocido como <b>Rodri<\/b>, mediocampista del <b>Manchester City<\/b> y de la <b>selecci\u00f3n de Espa\u00f1a<\/b>.<\/p>\n<\/div>\n<\/div>\n<p><a href=\"https:\/\/www.pagina12.com.ar\/778171-vinicius-no-va-a-ganar-el-balon-de-oro-2024\">source<\/a><\/p>\n","protected":false},"excerpt":{"rendered":"<p>Vin\u00edcius J\u00fanior y Real Madrid no viajan el Bal\u00f3n de Oro Seg\u00fan confirman medios como&#8230;<\/p>\n","protected":false},"author":3,"featured_media":15608,"comment_status":"closed","ping_status":"closed","sticky":false,"template":"","format":"standard","meta":{"footnotes":""},"categories":[21],"tags":[],"class_list":["post-15607","post","type-post","status-publish","format-standard","has-post-thumbnail","hentry","category-deportes"],"featured_image_urls":{"full":["https:\/\/fmamiga909.com.ar\/wp-content\/uploads\/2024\/10\/wp-header-logo-363.png",0,0,false],"thumbnail":["https:\/\/fmamiga909.com.ar\/wp-content\/uploads\/2024\/10\/wp-header-logo-363.png",1,1,false],"medium":["https:\/\/fmamiga909.com.ar\/wp-content\/uploads\/2024\/10\/wp-header-logo-363.png",1,1,false],"medium_large":["https:\/\/fmamiga909.com.ar\/wp-content\/uploads\/2024\/10\/wp-header-logo-363.png",0,0,false],"large":["https:\/\/fmamiga909.com.ar\/wp-content\/uploads\/2024\/10\/wp-header-logo-363.png",1,1,false],"1536x1536":["https:\/\/fmamiga909.com.ar\/wp-content\/uploads\/2024\/10\/wp-header-logo-363.png",1,1,false],"2048x2048":["https:\/\/fmamiga909.com.ar\/wp-content\/uploads\/2024\/10\/wp-header-logo-363.png",1,1,false],"newsium-slider-full":["https:\/\/fmamiga909.com.ar\/wp-content\/uploads\/2024\/10\/wp-header-logo-363.png",1,1,false],"newsium-featured":["https:\/\/fmamiga909.com.ar\/wp-content\/uploads\/2024\/10\/wp-header-logo-363.png",1,1,false],"newsium-medium":["https:\/\/fmamiga909.com.ar\/wp-content\/uploads\/2024\/10\/wp-header-logo-363.png",1,1,false]},"author_info":{"display_name":"Fredy Giuliano","author_link":"https:\/\/fmamiga909.com.ar\/?author=3"},"category_info":"<a href=\"https:\/\/fmamiga909.com.ar\/?cat=21\" rel=\"category\">Deportes<\/a>","tag_info":"Deportes","comment_count":"0","_links":{"self":[{"href":"https:\/\/fmamiga909.com.ar\/index.php?rest_route=\/wp\/v2\/posts\/15607","targetHints":{"allow":["GET"]}}],"collection":[{"href":"https:\/\/fmamiga909.com.ar\/index.php?rest_route=\/wp\/v2\/posts"}],"about":[{"href":"https:\/\/fmamiga909.com.ar\/index.php?rest_route=\/wp\/v2\/types\/post"}],"author":[{"embeddable":true,"href":"https:\/\/fmamiga909.com.ar\/index.php?rest_route=\/wp\/v2\/users\/3"}],"replies":[{"embeddable":true,"href":"https:\/\/fmamiga909.com.ar\/index.php?rest_route=%2Fwp%2Fv2%2Fcomments&post=15607"}],"version-history":[{"count":0,"href":"https:\/\/fmamiga909.com.ar\/index.php?rest_route=\/wp\/v2\/posts\/15607\/revisions"}],"wp:featuredmedia":[{"embeddable":true,"href":"https:\/\/fmamiga909.com.ar\/index.php?rest_route=\/wp\/v2\/media\/15608"}],"wp:attachment":[{"href":"https:\/\/fmamiga909.com.ar\/index.php?rest_route=%2Fwp%2Fv2%2Fmedia&parent=15607"}],"wp:term":[{"taxonomy":"category","embeddable":true,"href":"https:\/\/fmamiga909.com.ar\/index.php?rest_route=%2Fwp%2Fv2%2Fcategories&post=15607"},{"taxonomy":"post_tag","embeddable":true,"href":"https:\/\/fmamiga909.com.ar\/index.php?rest_route=%2Fwp%2Fv2%2Ftags&post=15607"}],"curies":[{"name":"wp","href":"https:\/\/api.w.org\/{rel}","templated":true}]}}