{"id":15654,"date":"2024-10-30T23:32:39","date_gmt":"2024-10-30T23:32:39","guid":{"rendered":"https:\/\/fmamiga909.com.ar\/?p=15654"},"modified":"2024-10-30T23:32:39","modified_gmt":"2024-10-30T23:32:39","slug":"veron-de-la-cancha-al-despacho-y-del-despacho-al-papel","status":"publish","type":"post","link":"https:\/\/fmamiga909.com.ar\/?p=15654","title":{"rendered":"Ver\u00f3n, de la cancha al despacho y del despacho al papel\u00a0"},"content":{"rendered":"<div><!-- Body --><\/p>\n<p>El origen y la construcci\u00f3n como dirigente pol\u00edtico del exfutbolista Juan Sebasti\u00e1n<br \/>\nVer\u00f3n, uno de los m\u00e1ximos emblemas de la historia de Estudiantes de La Plata, es el<br \/>\neje central del libro <i><b>Presidente<\/b><\/i>, escrito por el periodista Juan Rubinacci y publicado<br \/>\npor <b>Ediciones Al Arco<\/b> que ya fue presentado oficialmente.\u00a0<\/p>\n<p>El encuentro, del que participaron el \u00eddolo y el autor de la obra y fue moderado por el<br \/>\nperiodista <b>Mart\u00edn Strilinsky,<\/b> se desarroll\u00f3 en la sala 105 del edificio<br \/>\nSergio Karakachoff de la Universidad de La Plata (48 entre 6 y 7). Entre los invitados<br \/>\nhubo distintos protagonistas de la historia que se relata y se sintetiza, justamente, en<br \/>\nel subt\u00edtulo: <b>g\u00e9nesis y construcci\u00f3n pol\u00edtica de Juan Sebasti\u00e1n Ver\u00f3n.\u00a0<\/b><\/p>\n<p>El libro, cuya fotograf\u00eda de tapa es de Marcos G\u00f3mez, cuenta con pr\u00f3logo de otro<br \/>\nnotable periodista y escritor: <b>Ariel Scher.\u00a0<\/b><\/p>\n<p>\u201cEste libro reflexiona sobre la concepci\u00f3n, la construcci\u00f3n y la gesti\u00f3n pol\u00edtica de<br \/>\nVer\u00f3n, un dirigente deportivo que antes ejerci\u00f3 como futbolista hasta desentra\u00f1ar qu\u00e9<br \/>\nideas, qu\u00e9 influjos, qu\u00e9 pr\u00e1cticas, qu\u00e9 realizaciones definieron su andar pol\u00edtico e<br \/>\ninstitucional. Explora posiciones y ausculta latidos de poder. Es un documento sobre la<br \/>\ng\u00e9nesis familiar de Ver\u00f3n, <b>sobre algunas se\u00f1ales advertidas durante su trayecto<br \/>\ndestacado en las canchas, <\/b>su identidad con el club en el que se form\u00f3 y en el que<br \/>\nfungi\u00f3 crack y presidente, pero nunca es un libro s\u00f3lo sobre eso\u201d, dice Scher.\u00a0<\/p>\n<p>Y agrega: \u201cRegistra las maneras tradicionales a trav\u00e9s de la que se edifica poder en el<br \/>\nf\u00fatbol, pero no se agota all\u00ed porque las maneras con las que Ver\u00f3n <b>sum\u00f3 o extravi\u00f3<br \/>\npoder no se nutren \u00fanicamente de esa tradici\u00f3n\u201d.\u00a0<\/b><\/p>\n<p>El libro es un ejercicio riguroso de periodismo y reconstruye al detalle<br \/>\ncada paso de la \u00abBrujita\u00bb en su camino hacia el lugar que ocupa hoy; y tambi\u00e9n <b>repasa<br \/>\nlos momentos familiares y deportivos <\/b>que contribuyeron a su transformaci\u00f3n.\u00a0<\/p>\n<p>Para <i>Ediciones Al Arco<\/i>, en tanto, <i>Presidente<\/i> constituye el cierre del a\u00f1o, luego de la<br \/>\npublicaci\u00f3n, entre otros, de <i><b>Hab\u00eda una vez Maradona<\/b><\/i> (Rodolfo Braceli), <i>La Noche del<br \/>\nTrinche<\/i> (Ariel G\u00f3mez y Facundo Paredes) y <i><b>Argentina, el pa\u00eds del f\u00fatbol <\/b><\/i>(N\u00e9stor<br \/>\nVicente y Waldemar Iglesias), coeditado con Cultura AFA.<\/p>\n<p><!-- Live Blog Post --><\/div>\n<p><a href=\"https:\/\/www.pagina12.com.ar\/778971-veron-de-la-cancha-al-despacho-y-del-despacho-al-papel\">source<\/a><\/p>\n","protected":false},"excerpt":{"rendered":"<p>El origen y la construcci\u00f3n como dirigente pol\u00edtico del exfutbolista Juan Sebasti\u00e1n Ver\u00f3n, uno de&#8230;<\/p>\n","protected":false},"author":3,"featured_media":15655,"comment_status":"closed","ping_status":"closed","sticky":false,"template":"","format":"standard","meta":{"footnotes":""},"categories":[21],"tags":[],"class_list":["post-15654","post","type-post","status-publish","format-standard","has-post-thumbnail","hentry","category-deportes"],"featured_image_urls":{"full":["https:\/\/fmamiga909.com.ar\/wp-content\/uploads\/2024\/10\/wp-header-logo-385.png",960,540,false],"thumbnail":["https:\/\/fmamiga909.com.ar\/wp-content\/uploads\/2024\/10\/wp-header-logo-385-150x150.png",150,150,true],"medium":["https:\/\/fmamiga909.com.ar\/wp-content\/uploads\/2024\/10\/wp-header-logo-385-300x169.png",300,169,true],"medium_large":["https:\/\/fmamiga909.com.ar\/wp-content\/uploads\/2024\/10\/wp-header-logo-385.png",960,540,false],"large":["https:\/\/fmamiga909.com.ar\/wp-content\/uploads\/2024\/10\/wp-header-logo-385.png",640,360,false],"1536x1536":["https:\/\/fmamiga909.com.ar\/wp-content\/uploads\/2024\/10\/wp-header-logo-385.png",960,540,false],"2048x2048":["https:\/\/fmamiga909.com.ar\/wp-content\/uploads\/2024\/10\/wp-header-logo-385.png",960,540,false],"newsium-slider-full":["https:\/\/fmamiga909.com.ar\/wp-content\/uploads\/2024\/10\/wp-header-logo-385.png",960,540,false],"newsium-featured":["https:\/\/fmamiga909.com.ar\/wp-content\/uploads\/2024\/10\/wp-header-logo-385.png",960,540,false],"newsium-medium":["https:\/\/fmamiga909.com.ar\/wp-content\/uploads\/2024\/10\/wp-header-logo-385-720x475.png",720,475,true]},"author_info":{"display_name":"Fredy Giuliano","author_link":"https:\/\/fmamiga909.com.ar\/?author=3"},"category_info":"<a href=\"https:\/\/fmamiga909.com.ar\/?cat=21\" rel=\"category\">Deportes<\/a>","tag_info":"Deportes","comment_count":"0","_links":{"self":[{"href":"https:\/\/fmamiga909.com.ar\/index.php?rest_route=\/wp\/v2\/posts\/15654","targetHints":{"allow":["GET"]}}],"collection":[{"href":"https:\/\/fmamiga909.com.ar\/index.php?rest_route=\/wp\/v2\/posts"}],"about":[{"href":"https:\/\/fmamiga909.com.ar\/index.php?rest_route=\/wp\/v2\/types\/post"}],"author":[{"embeddable":true,"href":"https:\/\/fmamiga909.com.ar\/index.php?rest_route=\/wp\/v2\/users\/3"}],"replies":[{"embeddable":true,"href":"https:\/\/fmamiga909.com.ar\/index.php?rest_route=%2Fwp%2Fv2%2Fcomments&post=15654"}],"version-history":[{"count":0,"href":"https:\/\/fmamiga909.com.ar\/index.php?rest_route=\/wp\/v2\/posts\/15654\/revisions"}],"wp:featuredmedia":[{"embeddable":true,"href":"https:\/\/fmamiga909.com.ar\/index.php?rest_route=\/wp\/v2\/media\/15655"}],"wp:attachment":[{"href":"https:\/\/fmamiga909.com.ar\/index.php?rest_route=%2Fwp%2Fv2%2Fmedia&parent=15654"}],"wp:term":[{"taxonomy":"category","embeddable":true,"href":"https:\/\/fmamiga909.com.ar\/index.php?rest_route=%2Fwp%2Fv2%2Fcategories&post=15654"},{"taxonomy":"post_tag","embeddable":true,"href":"https:\/\/fmamiga909.com.ar\/index.php?rest_route=%2Fwp%2Fv2%2Ftags&post=15654"}],"curies":[{"name":"wp","href":"https:\/\/api.w.org\/{rel}","templated":true}]}}