{"id":15795,"date":"2024-11-04T23:32:50","date_gmt":"2024-11-04T23:32:50","guid":{"rendered":"https:\/\/fmamiga909.com.ar\/?p=15795"},"modified":"2024-11-04T23:32:50","modified_gmt":"2024-11-04T23:32:50","slug":"una-celebracion-que-salio-cara-el-aprevide-sanciono-a-racing-tras-los-festejos-contra-corinthians","status":"publish","type":"post","link":"https:\/\/fmamiga909.com.ar\/?p=15795","title":{"rendered":"Una celebraci\u00f3n que sali\u00f3 cara: El Aprevide sancion\u00f3 a Racing tras los festejos contra\u00a0Corinthians"},"content":{"rendered":"<div><!-- Body --><\/p>\n<p>Los hinchas de la Academia siguen con resaca tras la ag\u00f3nica victoria en la semifinal de la Sudamericana contra\u00a0Corinthians. Ahora, el Aprevide -el organismo encargado de la seguridad en el deporte- decidi\u00f3 que paguen los platos rotos de la fiesta: le aplic\u00f3 una sanci\u00f3n de 30 d\u00edas como castigo por el uso de bengalas y otros fuegos artificiales durante el partido de Copa.\u00a0<\/p>\n<p>As\u00ed, en lo que resta de ese mes, Racing podr\u00e1 hacer de local contra Independiente de Rivadavia pero sin p\u00fablico. El partido ser\u00e1 el del 10 de noviembre por la fecha 22 de la Liga Profesional.<\/p>\n<p>Tampoco podr\u00e1n ir al Cilindro aquellos hinchas que se queden afuera del viaje a Paraguay y quer\u00edan ver la final en el estadio Juan Domingo Per\u00f3n.<\/p>\n<p>El organismo que depende del gobierno de la provincia de Buenos Aires hab\u00eda anticipado que estaba en estudio la medida porque \u00abse arroj\u00f3 un saldo de no menos de veinte (20) heridos registrados por el servicio de atenci\u00f3n m\u00e9dica del evento\u00bb. Desde all\u00ed, dispuso \u00ab<strong>la clausura total de sectores de populares, plateas, palcos, y todo lugar habilitado para albergar concurrentes en el Estadio \u201cPresidente Per\u00f3n\u201d del Racing Club de Avellaneda<\/strong> durante todos los encuentros deportivos correspondientes a los torneos que organiza la Asociaci\u00f3n del F\u00fatbol Argentino (A.F.A) y todo evento relacionado con espect\u00e1culos deportivos de concurrencia masiva por un per\u00edodo de treinta d\u00edas desde la fecha de notificaci\u00f3n de la presente. Cuando el primer equipo de Racing Club de Avellaneda oficie de local ser\u00e1n sin la presencia de p\u00fablico, por lo que los mismos se desarrollaran a puertas cerradas conforme lo establece la Ley N\u00ba 11.929, sus modificaciones y Decreto Reglamentario N\u00b0 1863\/02, por falta de organizaci\u00f3n para el control y vigilancia acorde con la finalidad de la ley\u201d.<\/p>\n<h2>El comunicado completo del Aprevide<\/h2>\n<p><i>ART\u00cdCULO 1\u00b0: Disponer la clausura total de los sectores de populares, plateas, palcos y todo lugar habilitado para albergar concurrentes en el Estadio \u201cPresidente Per\u00f3n\u201d del Racing Club de Avellaneda durante todos los encuentros deportivos correspondientes a los torneos que organiza la Asociaci\u00f3n del F\u00fatbol Argentino (A.F.A) y todo evento relacionado con espect\u00e1culos deportivos de concurrencia masiva, por un per\u00edodo de treinta d\u00edas desde la fecha de notificaci\u00f3n de la presente. Cuando el primer equipo de Racing Club de Avellaneda oficie de local, ser\u00e1n sin la presencia de p\u00fablico, por lo que los mismos se desarrollar\u00e1n a puertas cerradas conforme lo establece la Ley N.\u00ba 11.929, sus modificaciones y el Decreto Reglamentario N.\u00ba 1863\/02, por falta de organizaci\u00f3n para el control y vigilancia acorde con la finalidad de la ley.<\/i><\/p>\n<p><i>ART\u00cdCULO 2\u00b0: Intimar a la comisi\u00f3n directiva de Racing Club de Avellaneda a que identifique a los dirigentes, socios, as\u00ed tambi\u00e9n como a aquellos colaboradores, y toda persona con un rol activo en el hecho generador de esta sanci\u00f3n.<\/i><\/p>\n<p><i>ART\u00cdCULO 3\u00b0: El cumplimiento de lo dispuesto en el art\u00edculo 2, por parte de las autoridades del mencionado Club, ser\u00e1 considerado a la hora de evaluar las situaciones futuras que se produzcan.<\/i><\/p>\n<p>Noticia en desarrollo<\/p>\n<p><!-- Live Blog Post --><\/div>\n<p><a href=\"https:\/\/www.pagina12.com.ar\/780198-un-festejo-que-salio-caro-el-aprevide-sanciono-a-racing-tras\">source<\/a><\/p>\n","protected":false},"excerpt":{"rendered":"<p>Los hinchas de la Academia siguen con resaca tras la ag\u00f3nica victoria en la semifinal&#8230;<\/p>\n","protected":false},"author":3,"featured_media":15796,"comment_status":"closed","ping_status":"closed","sticky":false,"template":"","format":"standard","meta":{"footnotes":""},"categories":[21],"tags":[],"class_list":["post-15795","post","type-post","status-publish","format-standard","has-post-thumbnail","hentry","category-deportes"],"featured_image_urls":{"full":["https:\/\/fmamiga909.com.ar\/wp-content\/uploads\/2024\/11\/wp-header-logo-49.png",960,540,false],"thumbnail":["https:\/\/fmamiga909.com.ar\/wp-content\/uploads\/2024\/11\/wp-header-logo-49-150x150.png",150,150,true],"medium":["https:\/\/fmamiga909.com.ar\/wp-content\/uploads\/2024\/11\/wp-header-logo-49-300x169.png",300,169,true],"medium_large":["https:\/\/fmamiga909.com.ar\/wp-content\/uploads\/2024\/11\/wp-header-logo-49.png",960,540,false],"large":["https:\/\/fmamiga909.com.ar\/wp-content\/uploads\/2024\/11\/wp-header-logo-49.png",640,360,false],"1536x1536":["https:\/\/fmamiga909.com.ar\/wp-content\/uploads\/2024\/11\/wp-header-logo-49.png",960,540,false],"2048x2048":["https:\/\/fmamiga909.com.ar\/wp-content\/uploads\/2024\/11\/wp-header-logo-49.png",960,540,false],"newsium-slider-full":["https:\/\/fmamiga909.com.ar\/wp-content\/uploads\/2024\/11\/wp-header-logo-49.png",960,540,false],"newsium-featured":["https:\/\/fmamiga909.com.ar\/wp-content\/uploads\/2024\/11\/wp-header-logo-49.png",960,540,false],"newsium-medium":["https:\/\/fmamiga909.com.ar\/wp-content\/uploads\/2024\/11\/wp-header-logo-49-720x475.png",720,475,true]},"author_info":{"display_name":"Fredy Giuliano","author_link":"https:\/\/fmamiga909.com.ar\/?author=3"},"category_info":"<a href=\"https:\/\/fmamiga909.com.ar\/?cat=21\" rel=\"category\">Deportes<\/a>","tag_info":"Deportes","comment_count":"0","_links":{"self":[{"href":"https:\/\/fmamiga909.com.ar\/index.php?rest_route=\/wp\/v2\/posts\/15795","targetHints":{"allow":["GET"]}}],"collection":[{"href":"https:\/\/fmamiga909.com.ar\/index.php?rest_route=\/wp\/v2\/posts"}],"about":[{"href":"https:\/\/fmamiga909.com.ar\/index.php?rest_route=\/wp\/v2\/types\/post"}],"author":[{"embeddable":true,"href":"https:\/\/fmamiga909.com.ar\/index.php?rest_route=\/wp\/v2\/users\/3"}],"replies":[{"embeddable":true,"href":"https:\/\/fmamiga909.com.ar\/index.php?rest_route=%2Fwp%2Fv2%2Fcomments&post=15795"}],"version-history":[{"count":0,"href":"https:\/\/fmamiga909.com.ar\/index.php?rest_route=\/wp\/v2\/posts\/15795\/revisions"}],"wp:featuredmedia":[{"embeddable":true,"href":"https:\/\/fmamiga909.com.ar\/index.php?rest_route=\/wp\/v2\/media\/15796"}],"wp:attachment":[{"href":"https:\/\/fmamiga909.com.ar\/index.php?rest_route=%2Fwp%2Fv2%2Fmedia&parent=15795"}],"wp:term":[{"taxonomy":"category","embeddable":true,"href":"https:\/\/fmamiga909.com.ar\/index.php?rest_route=%2Fwp%2Fv2%2Fcategories&post=15795"},{"taxonomy":"post_tag","embeddable":true,"href":"https:\/\/fmamiga909.com.ar\/index.php?rest_route=%2Fwp%2Fv2%2Ftags&post=15795"}],"curies":[{"name":"wp","href":"https:\/\/api.w.org\/{rel}","templated":true}]}}