{"id":15813,"date":"2024-11-05T23:14:16","date_gmt":"2024-11-05T23:14:16","guid":{"rendered":"https:\/\/fmamiga909.com.ar\/?p=15813"},"modified":"2024-11-05T23:14:16","modified_gmt":"2024-11-05T23:14:16","slug":"primera-nacional-paolo-goltz-se-retiro-del-futbol-a-los-39-anos","status":"publish","type":"post","link":"https:\/\/fmamiga909.com.ar\/?p=15813","title":{"rendered":"Primera Nacional: Paolo Goltz se retir\u00f3 del f\u00fatbol a los 39 a\u00f1os"},"content":{"rendered":"<div><!-- Body --><\/p>\n<p>El capit\u00e1n de Col\u00f3n, Paolo Goltz, se retir\u00f3 del f\u00fatbol profesional tras el empate 1-1 de este lunes con All Boys y posterior eliminaci\u00f3n del Reducido en la Primera Nacional. Los familiares directos del jugador confirmaron la noticia.<\/p>\n<p>El futbolista de 39 a\u00f1os lleg\u00f3 a formar parte de la historia del Sabalero cuando estuvo en el equipo que sali\u00f3 campe\u00f3n con Eduardo Dom\u00ednguez el 4 de junio de 2021, tras derrotar 3-0 a Racing y quedarse con la Copa de la Liga.<\/p>\n<p>A su vez, tambi\u00e9n fue parte de un dif\u00edcil momento en el club: el descenso en 2023. Si bien Goltz pod\u00eda irse y no defender la camiseta de Col\u00f3n en la Primera Nacional, decidi\u00f3 quedarse en busca del ascenso.<\/p>\n<p>El defensor central -que se inici\u00f3 en Hurac\u00e1n, y posteriormente jug\u00f3 en Lan\u00fas, Am\u00e9rica de M\u00e9xico, Boca y Gimnasia La Plata- cont\u00f3 con 136 partidos en el Sabalero y conquist\u00f3 dos t\u00edtulos. A su vez, en el a\u00f1o jug\u00f3 39 partidos de los 41 que deb\u00eda disputar entre los duelos por la Primera Nacional y la Copa Argentina.<\/p>\n<p><iframe style=\"border: 0px; position: absolute; top: 0px; left: 0px; height: 100%;\" allowfullscreen=\"\" frameborder=\"0\" src=\"https:\/\/www.youtube.com\/embed\/Akd7YY5iIXs\"><\/iframe><\/p>\n<p>El jugador gan\u00f3 otros t\u00edtulos a lo largo de su carrera: con Am\u00e9rica en el 2014, dos ligas y una Supercopa con Boca, la Copa Sudamericana en 2013 con Lan\u00fas y la Copa de la Liga en 2021 con Col\u00f3n.<\/p>\n<p>Si bien no se oficializ\u00f3, en redes sociales los familiares de Goltz dieron a entender que el futbolista de 39 a\u00f1os colgar\u00eda los botines despu\u00e9s de felicitarlo por su gran trayectoria: \u00abOrgulloso hasta los huesos por la carrera que hiciste. Dejaste todo hasta el \u00faltimo momento como el gladiador que sos\u00bb, escribi\u00f3 su hermano Iv\u00e1n.<\/p>\n<p>Por otro lado, su hija tambi\u00e9n le dedic\u00f3 un lindo mensaje: \u00abNo terminaste de la manera que quer\u00edas, pero dejaste todo siempre\u00bb.<\/p>\n<p><!-- Live Blog Post --><\/div>\n<p><a href=\"https:\/\/www.pagina12.com.ar\/780538-primera-nacional-paolo-goltz-se-retiro-del-futbol-a-los-39-a\">source<\/a><\/p>\n","protected":false},"excerpt":{"rendered":"<p>El capit\u00e1n de Col\u00f3n, Paolo Goltz, se retir\u00f3 del f\u00fatbol profesional tras el empate 1-1&#8230;<\/p>\n","protected":false},"author":3,"featured_media":15814,"comment_status":"closed","ping_status":"closed","sticky":false,"template":"","format":"standard","meta":{"footnotes":""},"categories":[21],"tags":[],"class_list":["post-15813","post","type-post","status-publish","format-standard","has-post-thumbnail","hentry","category-deportes"],"featured_image_urls":{"full":["https:\/\/fmamiga909.com.ar\/wp-content\/uploads\/2024\/11\/wp-header-logo-58.png",960,540,false],"thumbnail":["https:\/\/fmamiga909.com.ar\/wp-content\/uploads\/2024\/11\/wp-header-logo-58-150x150.png",150,150,true],"medium":["https:\/\/fmamiga909.com.ar\/wp-content\/uploads\/2024\/11\/wp-header-logo-58-300x169.png",300,169,true],"medium_large":["https:\/\/fmamiga909.com.ar\/wp-content\/uploads\/2024\/11\/wp-header-logo-58.png",960,540,false],"large":["https:\/\/fmamiga909.com.ar\/wp-content\/uploads\/2024\/11\/wp-header-logo-58.png",640,360,false],"1536x1536":["https:\/\/fmamiga909.com.ar\/wp-content\/uploads\/2024\/11\/wp-header-logo-58.png",960,540,false],"2048x2048":["https:\/\/fmamiga909.com.ar\/wp-content\/uploads\/2024\/11\/wp-header-logo-58.png",960,540,false],"newsium-slider-full":["https:\/\/fmamiga909.com.ar\/wp-content\/uploads\/2024\/11\/wp-header-logo-58.png",960,540,false],"newsium-featured":["https:\/\/fmamiga909.com.ar\/wp-content\/uploads\/2024\/11\/wp-header-logo-58.png",960,540,false],"newsium-medium":["https:\/\/fmamiga909.com.ar\/wp-content\/uploads\/2024\/11\/wp-header-logo-58-720x475.png",720,475,true]},"author_info":{"display_name":"Fredy Giuliano","author_link":"https:\/\/fmamiga909.com.ar\/?author=3"},"category_info":"<a href=\"https:\/\/fmamiga909.com.ar\/?cat=21\" rel=\"category\">Deportes<\/a>","tag_info":"Deportes","comment_count":"0","_links":{"self":[{"href":"https:\/\/fmamiga909.com.ar\/index.php?rest_route=\/wp\/v2\/posts\/15813","targetHints":{"allow":["GET"]}}],"collection":[{"href":"https:\/\/fmamiga909.com.ar\/index.php?rest_route=\/wp\/v2\/posts"}],"about":[{"href":"https:\/\/fmamiga909.com.ar\/index.php?rest_route=\/wp\/v2\/types\/post"}],"author":[{"embeddable":true,"href":"https:\/\/fmamiga909.com.ar\/index.php?rest_route=\/wp\/v2\/users\/3"}],"replies":[{"embeddable":true,"href":"https:\/\/fmamiga909.com.ar\/index.php?rest_route=%2Fwp%2Fv2%2Fcomments&post=15813"}],"version-history":[{"count":0,"href":"https:\/\/fmamiga909.com.ar\/index.php?rest_route=\/wp\/v2\/posts\/15813\/revisions"}],"wp:featuredmedia":[{"embeddable":true,"href":"https:\/\/fmamiga909.com.ar\/index.php?rest_route=\/wp\/v2\/media\/15814"}],"wp:attachment":[{"href":"https:\/\/fmamiga909.com.ar\/index.php?rest_route=%2Fwp%2Fv2%2Fmedia&parent=15813"}],"wp:term":[{"taxonomy":"category","embeddable":true,"href":"https:\/\/fmamiga909.com.ar\/index.php?rest_route=%2Fwp%2Fv2%2Fcategories&post=15813"},{"taxonomy":"post_tag","embeddable":true,"href":"https:\/\/fmamiga909.com.ar\/index.php?rest_route=%2Fwp%2Fv2%2Ftags&post=15813"}],"curies":[{"name":"wp","href":"https:\/\/api.w.org\/{rel}","templated":true}]}}