{"id":15850,"date":"2024-11-06T21:38:23","date_gmt":"2024-11-06T21:38:23","guid":{"rendered":"https:\/\/fmamiga909.com.ar\/?p=15850"},"modified":"2024-11-06T21:38:24","modified_gmt":"2024-11-06T21:38:24","slug":"una-gran-oportunidad-para-tener-en-cuenta","status":"publish","type":"post","link":"https:\/\/fmamiga909.com.ar\/?p=15850","title":{"rendered":"UNA GRAN OPORTUNIDAD PARA TENER EN CUENTA"},"content":{"rendered":"\n<p>El Ministerio de Cultura lanza una convocatoria abierta para conformar la Delegaci\u00f3n Oficial de Cosqu\u00edn 2025<\/p>\n\n\n\n<p>La Provincia de Santa Fe estar\u00e1 nuevamente representada en el festival folkl\u00f3rico m\u00e1s importante de la Argentina. La delegaci\u00f3n santafesina reunir\u00e1 a un ballet de 40 artistas y cinco cantantes, que le dar\u00e1n forma a una obra que combinar\u00e1 los lenguajes de dos exponentes santafesinos de renombre: Fernando Birri y Horacio Guarany.<\/p>\n\n\n\n<p>El <a><\/a>Ministerio de Cultura de Santa Fe abri\u00f3 la convocatoria para conformar la Delegaci\u00f3n Oficial que representar\u00e1 a la Provincia de Santa Fe en la edici\u00f3n 2025 del Festival de Cosqu\u00edn, el encuentro de m\u00fasica popular m\u00e1s importante de la Argentina. En esta ocasi\u00f3n, el elenco santafesino llegar\u00e1 a la Plaza Pr\u00f3spero Molina con un espect\u00e1culo que combinar\u00e1 la obra, est\u00e9tica y po\u00e9tica de dos artistas santafesinos ilustres: Fernando Birri y Horacio Guarany, en conmemoraci\u00f3n por el centenario de sus nacimientos. La convocatoria determinar\u00e1 al elenco de la delegaci\u00f3n, que estar\u00e1 conformada por un cuerpo de ballet de cuarenta integrantes y cinco cantantes.<\/p>\n\n\n\n<p>\u201cPara nosotros Cosqu\u00edn es una vidriera maravillosa para mostrar la gran diversidad cultural que tiene Santa Fe. La provincia que gener\u00f3 dos enormes talentos en la m\u00fasica y en el cine como son Horacio Guarany y Fernando Birri\u201d, subray\u00f3 la ministra de Cultura Susana Rueda y a\u00f1adi\u00f3: \u201cEn esta oportunidad estamos abriendo una amplia convocatoria que llega a cada rinc\u00f3n de la provincia, para homenajear a estos dos referentes de la cultura santafesina con un gran espect\u00e1culo de danza y m\u00fasica en el Festival Nacional de Cosqu\u00edn 2025\u201d.<\/p>\n\n\n\n<p>Desde el Ministerio de Cultura se sostendr\u00e1 el objetivo de que la delegaci\u00f3n se nutra de artistas provenientes de las cinco regiones de la provincia: Regi\u00f3n 1 \u2013 Nodo Reconquista; Regi\u00f3n 2 \u2013 Nodo Rafaela; Regi\u00f3n 3 \u2013 Nodo Santa Fe; Regi\u00f3n 4 \u2013 Nodo Rosario; y Regi\u00f3n 5 \u2013 Nodo Venado Tuerto. Los integrantes de la delegaci\u00f3n ser\u00e1n seleccionados en dos instancias por un Jurado \u201cAd Hoc\u201d dispuesto por la Secretar\u00eda de Desarrollos Culturales del Ministerio. En una primera instancia se evaluar\u00e1n antecedentes y demostraci\u00f3n art\u00edstica a trav\u00e9s de un video, seg\u00fan se indica en el Punto 4 de la convocatoria.<\/p>\n\n\n\n<p>A partir de esa primera instancia, las personas seleccionadas ser\u00e1n convocadas a una segunda instancia de audiciones presenciales, que se realizar\u00e1n en las cinco regiones: en Santa Fe (25\/11), Rosario (26\/11), Venado Tuerto (27\/11), Avellaneda (25\/11) y Sunchales (29\/11).<\/p>\n\n\n\n<p>Los bailarines y bailarinas que audicionen deber\u00e1n presentar una muestra de una danza folkl\u00f3rica argentina de 40 segundos como m\u00ednimo y un minuto como m\u00e1ximo. Quienes se presenten como cantantes deber\u00e1n preparar una pieza folcl\u00f3rica a elecci\u00f3n de 40 segundos como m\u00ednimo y un minuto como m\u00e1ximo, a partir de las siguientes opciones: \u201cPescador del Paran\u00e1\u201d (galopa), \u201cCuando ya nadie te nombre\u201d (zamba carpera), \u201cSi se calla el cantor\u201d (milonga), \u201cGuitarra de medianoche\u201d (zamba) y \u201cCaballo que no galopa\u201d (chacarera).<\/p>\n\n\n\n<p>Podr\u00e1n participar de la convocatoria personas mayores de 18 a\u00f1os de edad y que cuenten con residencia en el territorio de la provincia de Santa Fe desde, al menos, un a\u00f1o contado a partir de la inscripci\u00f3n. Asimismo, se solicita que cada postulante tenga disponibilidad para ensayos y presentaci\u00f3n. Los ensayos ser\u00e1n en la ciudad de Santa Fe en d\u00edas y horarios a definir, entre el 9 de diciembre de 2024 y el 25 enero de 2025. Se realizar\u00e1n seis ensayos, como m\u00ednimo, de cuatro horas de duraci\u00f3n cada uno. Deber\u00e1 contemplarse adem\u00e1s la posibilidad de realizar ensayos extraordinarios con un aviso previo de 48 horas. La presentaci\u00f3n en el escenario de Cosqu\u00edn ser\u00e1 en el d\u00eda y horario que la organizaci\u00f3n del Festival le asigne a la Provincia de Santa Fe, entre el 25 de enero y 2 de febrero de 2025.<\/p>\n\n\n\n<p>El per\u00edodo de recepci\u00f3n de las inscripciones ser\u00e1 hasta el viernes 15 de noviembre, inclusive. La convocatoria se ajustar\u00e1 al calendario, pudiendo ser modificada por razones de oportunidad, m\u00e9rito o conveniencia.<\/p>\n\n\n\n<p>MAS DATOS AQUI:<\/p>\n\n\n\n<p>www.santafecultura.gob.ar<\/p>\n\n\n\n<p><\/p>\n","protected":false},"excerpt":{"rendered":"<p>El Ministerio de Cultura lanza una convocatoria abierta para conformar la Delegaci\u00f3n Oficial de Cosqu\u00edn&#8230;<\/p>\n","protected":false},"author":3,"featured_media":15851,"comment_status":"closed","ping_status":"closed","sticky":false,"template":"","format":"standard","meta":{"footnotes":""},"categories":[20,3],"tags":[],"class_list":["post-15850","post","type-post","status-publish","format-standard","has-post-thumbnail","hentry","category-entrevistas","category-noticias"],"featured_image_urls":{"full":["https:\/\/fmamiga909.com.ar\/wp-content\/uploads\/2024\/11\/Cosquin-2024-01-27NID_279641O_5.jpeg",1600,1066,false],"thumbnail":["https:\/\/fmamiga909.com.ar\/wp-content\/uploads\/2024\/11\/Cosquin-2024-01-27NID_279641O_5-150x150.jpeg",150,150,true],"medium":["https:\/\/fmamiga909.com.ar\/wp-content\/uploads\/2024\/11\/Cosquin-2024-01-27NID_279641O_5-300x200.jpeg",300,200,true],"medium_large":["https:\/\/fmamiga909.com.ar\/wp-content\/uploads\/2024\/11\/Cosquin-2024-01-27NID_279641O_5.jpeg",1600,1066,false],"large":["https:\/\/fmamiga909.com.ar\/wp-content\/uploads\/2024\/11\/Cosquin-2024-01-27NID_279641O_5-1024x682.jpeg",640,426,true],"1536x1536":["https:\/\/fmamiga909.com.ar\/wp-content\/uploads\/2024\/11\/Cosquin-2024-01-27NID_279641O_5-1536x1023.jpeg",1536,1023,true],"2048x2048":["https:\/\/fmamiga909.com.ar\/wp-content\/uploads\/2024\/11\/Cosquin-2024-01-27NID_279641O_5.jpeg",1600,1066,false],"newsium-slider-full":["https:\/\/fmamiga909.com.ar\/wp-content\/uploads\/2024\/11\/Cosquin-2024-01-27NID_279641O_5-1280x845.jpeg",1280,845,true],"newsium-featured":["https:\/\/fmamiga909.com.ar\/wp-content\/uploads\/2024\/11\/Cosquin-2024-01-27NID_279641O_5-1024x682.jpeg",1024,682,true],"newsium-medium":["https:\/\/fmamiga909.com.ar\/wp-content\/uploads\/2024\/11\/Cosquin-2024-01-27NID_279641O_5-720x475.jpeg",720,475,true]},"author_info":{"display_name":"Fredy Giuliano","author_link":"https:\/\/fmamiga909.com.ar\/?author=3"},"category_info":"<a href=\"https:\/\/fmamiga909.com.ar\/?cat=20\" rel=\"category\">Entrevistas<\/a> <a href=\"https:\/\/fmamiga909.com.ar\/?cat=3\" rel=\"category\">Noticias<\/a>","tag_info":"Noticias","comment_count":"0","_links":{"self":[{"href":"https:\/\/fmamiga909.com.ar\/index.php?rest_route=\/wp\/v2\/posts\/15850","targetHints":{"allow":["GET"]}}],"collection":[{"href":"https:\/\/fmamiga909.com.ar\/index.php?rest_route=\/wp\/v2\/posts"}],"about":[{"href":"https:\/\/fmamiga909.com.ar\/index.php?rest_route=\/wp\/v2\/types\/post"}],"author":[{"embeddable":true,"href":"https:\/\/fmamiga909.com.ar\/index.php?rest_route=\/wp\/v2\/users\/3"}],"replies":[{"embeddable":true,"href":"https:\/\/fmamiga909.com.ar\/index.php?rest_route=%2Fwp%2Fv2%2Fcomments&post=15850"}],"version-history":[{"count":1,"href":"https:\/\/fmamiga909.com.ar\/index.php?rest_route=\/wp\/v2\/posts\/15850\/revisions"}],"predecessor-version":[{"id":15852,"href":"https:\/\/fmamiga909.com.ar\/index.php?rest_route=\/wp\/v2\/posts\/15850\/revisions\/15852"}],"wp:featuredmedia":[{"embeddable":true,"href":"https:\/\/fmamiga909.com.ar\/index.php?rest_route=\/wp\/v2\/media\/15851"}],"wp:attachment":[{"href":"https:\/\/fmamiga909.com.ar\/index.php?rest_route=%2Fwp%2Fv2%2Fmedia&parent=15850"}],"wp:term":[{"taxonomy":"category","embeddable":true,"href":"https:\/\/fmamiga909.com.ar\/index.php?rest_route=%2Fwp%2Fv2%2Fcategories&post=15850"},{"taxonomy":"post_tag","embeddable":true,"href":"https:\/\/fmamiga909.com.ar\/index.php?rest_route=%2Fwp%2Fv2%2Ftags&post=15850"}],"curies":[{"name":"wp","href":"https:\/\/api.w.org\/{rel}","templated":true}]}}