{"id":16104,"date":"2024-11-14T00:25:33","date_gmt":"2024-11-14T00:25:33","guid":{"rendered":"https:\/\/fmamiga909.com.ar\/?p=16104"},"modified":"2024-11-14T00:25:33","modified_gmt":"2024-11-14T00:25:33","slug":"lionel-scaloni-argentina-es-un-semillero-de-jugadores","status":"publish","type":"post","link":"https:\/\/fmamiga909.com.ar\/?p=16104","title":{"rendered":"Lionel Scaloni: &quot;Argentina es un semillero de jugadores&quot;"},"content":{"rendered":"<div><!-- Body --><\/p>\n<p>El seleccionado argentino afrontar\u00e1 una nueva doble fecha de eliminatorias, con la tranquilidad de que<b> lidera la tabla entre los equipos sudamericanos.<\/b> Entre esos n\u00fameros, tambi\u00e9n hay otros sobre las apariciones de jugadores que se presentaron durante el ciclo comandado por <b>Lionel Scaloni.<\/b><\/p>\n<p>El entrenador reconoci\u00f3 que no lleva esa estad\u00edstica, pero cuando fue consultado por <b>P\u00e1gina\/12<\/b> sobre los 49 futbolistas que hizo debutar en el conjunto mayor se asombr\u00f3. \u00abCreo que si han venido tantos chicos es porque <b>hay potencial.<\/b> Argentina es un semillero de jugadores, y s\u00f3lo hay que tener las ganas. Desde el cuerpo t\u00e9cnico tratamos de darle esa alegr\u00eda de ofrecerle la <b>responsabilidad de jugar\u00bb<\/b>, se\u00f1al\u00f3 Scaloni.<\/p>\n<p>Y agreg\u00f3 en ese aspecto: \u00abEllos (los protagonistas) despu\u00e9s hacen su camino y depende de cada uno ponerse la camiseta y <b>no sac\u00e1rsela m\u00e1s.<\/b> Mientras estemos nosotros ac\u00e1 seguir\u00e1 esa t\u00f3nica, la posibilidad de que esos chicos puedan jugar seguir\u00e1 estando. Es verdad que hay una base, e ir\u00e1n ingresando en la medida que <b>lo creamos oportuno\u00bb.<\/b><\/p>\n<p>En el caso de que <b>Enzo Barrenechea,<\/b> el nuevo citado para estos encuentros, pueda actuar ante Paraguay o frente a Per\u00fa, ser\u00e1 el <b>50 futbolista<\/b> que logre representar al conjunto nacional bajo el mando de Scaloni.<\/p>\n<p>El conductor brind\u00f3 una conferencia de prensa en el predio de Ezeiza, y destac\u00f3 precisamente que Barrenechea \u00abes un centrocampista que puede jugar <b>de volante central, de doble contenci\u00f3n, <\/b>de ocho, o de diez. Tiene un f\u00edsico importante. Le va a hacer bien estar con nosotros y juntar partidos en el Valencia. Su convocatoria se enmarca en la b\u00fasqueda de <b>jugadores que puedan estar con nosotros en el futuro.<\/b> Hoy, est\u00e1 entrenando y lo seguiremos viendo\u00bb. <\/p>\n<p>Las lesiones de algunos hombres provocaron que Scaloni haya tenido que convocar de urgencia a <b>Facundo Medina, del Lens de Francia, <\/b>y remarc\u00f3 el gesto que tuvo el ex Talleres de C\u00f3rdoba. \u00abFacundo se sac\u00f3 el pasaje solo de las ganas que ten\u00eda. Es algo valorable en estos momentos que vivimos. Para nosotros es algo genial. El no formaba parte de la prelista e hizo todo: <b>fue a hablar con el entrenador suyo,<\/b> sac\u00f3 el pasaje y lleg\u00f3 esta ma\u00f1ana. Es un mensaje sobre todo a sus compa\u00f1eros\u00bb.<\/p>\n<p>En relaci\u00f3n al \u00faltimo semestre que le toc\u00f3 transitar al plantel, con la Copa Am\u00e9rica incluida y la seguidilla en las eliminatorias, el t\u00e9cnico reconoci\u00f3 que fue \u00abmuy desgastante. <b>Los viajes, principalmente, repercuten mucho en el f\u00edsico,<\/b> y tuvimos viajes extenuantes. Cuando pasa eso hay que regular las cargas en los entrenamientos\u00bb.<\/p>\n<p>El equipo viaj\u00f3 por la tarde a Paraguay, para afrontar el duelo ante el seleccionado local en la ciudad de Asunci\u00f3n.<\/p>\n<p><a href=\"\/cdn-cgi\/l\/email-protection\" class=\"__cf_email__\" data-cfemail=\"1c7d78797e79727978757f68756f5c6c7d7b75727d2d2e327f7371327d6e\">[email\u00a0protected]<\/a><\/p>\n<h3><b>\u00abNo puede volver a pasar\u00bb<\/b><\/h3>\n<p>El t\u00e9cnico de la Selecci\u00f3n Argentina se pronunci\u00f3 de <b>forma contundente<\/b> sobre la pol\u00e9mica en torno al debut del streamer Iv\u00e1n Buhajeruk, conocido como \u00abSpreen\u00bb, quien <b>jug\u00f3 apenas un minuto en el partido entre Deportivo Riestra y V\u00e9lez.<\/b> \u00abCreo que el Comit\u00e9 de Etica va a trabajar sobre esto, que no vuelva a suceder\u00bb. Scaloni comparti\u00f3 que guarda un profundo respeto por el camino que lleva al debut profesional. \u00abTodos hemos dicho lo que cuesta llegar ah\u00ed. <b>Por el bien del f\u00fatbol, los que amamos a este deporte, creo que esto no tiene que volver a suceder, <\/b>sin faltarle el respeto a nadie\u00bb. El entrenador insisti\u00f3 en que estos hechos pueden menospreciar el esfuerzo y sacrificio que implica ganarse un lugar en la cancha, algo que \u00e9l mismo considera esencial para mantener la esencia del f\u00fatbol.<\/p>\n<p><!-- Live Blog Post --><\/div>\n<p><a href=\"https:\/\/www.pagina12.com.ar\/782525-lionel-scaloni-argentina-es-un-semillero-de-jugadores\">source<\/a><\/p>\n","protected":false},"excerpt":{"rendered":"<p>El seleccionado argentino afrontar\u00e1 una nueva doble fecha de eliminatorias, con la tranquilidad de que&#8230;<\/p>\n","protected":false},"author":3,"featured_media":16105,"comment_status":"closed","ping_status":"closed","sticky":false,"template":"","format":"standard","meta":{"footnotes":""},"categories":[21],"tags":[],"class_list":["post-16104","post","type-post","status-publish","format-standard","has-post-thumbnail","hentry","category-deportes"],"featured_image_urls":{"full":["https:\/\/fmamiga909.com.ar\/wp-content\/uploads\/2024\/11\/wp-header-logo-171.png",960,540,false],"thumbnail":["https:\/\/fmamiga909.com.ar\/wp-content\/uploads\/2024\/11\/wp-header-logo-171-150x150.png",150,150,true],"medium":["https:\/\/fmamiga909.com.ar\/wp-content\/uploads\/2024\/11\/wp-header-logo-171-300x169.png",300,169,true],"medium_large":["https:\/\/fmamiga909.com.ar\/wp-content\/uploads\/2024\/11\/wp-header-logo-171.png",960,540,false],"large":["https:\/\/fmamiga909.com.ar\/wp-content\/uploads\/2024\/11\/wp-header-logo-171.png",640,360,false],"1536x1536":["https:\/\/fmamiga909.com.ar\/wp-content\/uploads\/2024\/11\/wp-header-logo-171.png",960,540,false],"2048x2048":["https:\/\/fmamiga909.com.ar\/wp-content\/uploads\/2024\/11\/wp-header-logo-171.png",960,540,false],"newsium-slider-full":["https:\/\/fmamiga909.com.ar\/wp-content\/uploads\/2024\/11\/wp-header-logo-171.png",960,540,false],"newsium-featured":["https:\/\/fmamiga909.com.ar\/wp-content\/uploads\/2024\/11\/wp-header-logo-171.png",960,540,false],"newsium-medium":["https:\/\/fmamiga909.com.ar\/wp-content\/uploads\/2024\/11\/wp-header-logo-171-720x475.png",720,475,true]},"author_info":{"display_name":"Fredy Giuliano","author_link":"https:\/\/fmamiga909.com.ar\/?author=3"},"category_info":"<a href=\"https:\/\/fmamiga909.com.ar\/?cat=21\" rel=\"category\">Deportes<\/a>","tag_info":"Deportes","comment_count":"0","_links":{"self":[{"href":"https:\/\/fmamiga909.com.ar\/index.php?rest_route=\/wp\/v2\/posts\/16104","targetHints":{"allow":["GET"]}}],"collection":[{"href":"https:\/\/fmamiga909.com.ar\/index.php?rest_route=\/wp\/v2\/posts"}],"about":[{"href":"https:\/\/fmamiga909.com.ar\/index.php?rest_route=\/wp\/v2\/types\/post"}],"author":[{"embeddable":true,"href":"https:\/\/fmamiga909.com.ar\/index.php?rest_route=\/wp\/v2\/users\/3"}],"replies":[{"embeddable":true,"href":"https:\/\/fmamiga909.com.ar\/index.php?rest_route=%2Fwp%2Fv2%2Fcomments&post=16104"}],"version-history":[{"count":0,"href":"https:\/\/fmamiga909.com.ar\/index.php?rest_route=\/wp\/v2\/posts\/16104\/revisions"}],"wp:featuredmedia":[{"embeddable":true,"href":"https:\/\/fmamiga909.com.ar\/index.php?rest_route=\/wp\/v2\/media\/16105"}],"wp:attachment":[{"href":"https:\/\/fmamiga909.com.ar\/index.php?rest_route=%2Fwp%2Fv2%2Fmedia&parent=16104"}],"wp:term":[{"taxonomy":"category","embeddable":true,"href":"https:\/\/fmamiga909.com.ar\/index.php?rest_route=%2Fwp%2Fv2%2Fcategories&post=16104"},{"taxonomy":"post_tag","embeddable":true,"href":"https:\/\/fmamiga909.com.ar\/index.php?rest_route=%2Fwp%2Fv2%2Ftags&post=16104"}],"curies":[{"name":"wp","href":"https:\/\/api.w.org\/{rel}","templated":true}]}}