{"id":16110,"date":"2024-11-14T01:09:10","date_gmt":"2024-11-14T01:09:10","guid":{"rendered":"https:\/\/fmamiga909.com.ar\/?p=16110"},"modified":"2024-11-14T01:09:10","modified_gmt":"2024-11-14T01:09:10","slug":"boca-juniors-medina-esta-cerca-del-fenerbahce-y-suena-james-rodriguez","status":"publish","type":"post","link":"https:\/\/fmamiga909.com.ar\/?p=16110","title":{"rendered":"Boca Juniors: Medina est\u00e1 cerca del Fenerbah\u00e7e y suena\u00a0 James Rodr\u00edguez"},"content":{"rendered":"<div><!-- Body --><\/p>\n<p>El mediocampista de Boca Cristian Medina est\u00e1 a un paso de emigrar al Fenerbah\u00e7e de Turqu\u00eda, seg\u00fan inform\u00f3 el medio turco <i>Milliyet<\/i>, que se\u00f1ala que el club de Estambul habr\u00eda cerrado la compra del jugador por 15 millones de d\u00f3lares, con un contrato de cinco a\u00f1os que comenzar\u00eda en enero.<\/p>\n<p>   Aunque Boca a\u00fan no confirm\u00f3 oficialmente el traspaso, el acuerdo representar\u00eda una gran oportunidad para Medina de dar el salto a Europa, teniendo en cuenta que fue apartado del grupo en el Xeneize y que, adem\u00e1s, lo iban a \u00abcolgar\u00bb hasta el final de su contrato si no se daba su pase al club turco.<\/p>\n<p>   La relaci\u00f3n entre Medina y el actual entrenador de Boca, Fernando Gago, pas\u00f3 por momentos tensos. En medio de las negociaciones con el Fenerbah\u00e7e y ya concentrado para el partido de Copa Argentina frente a Gimnasia y Esgrima La Plata, el jugador pidi\u00f3 no ser incluido en el equipo y seg\u00fan fuentes cercanas, la incertidumbre sobre el avance del traspaso lo incomod\u00f3, por lo que Gago decidi\u00f3 respetar su deseo de quedar al margen. Desde entonces, Medina se entrena en solitario a la espera de que se resuelva su futuro.<\/p>\n<p>   Las negociaciones hasta las \u00faltimas novedades fueron que Boca hab\u00eda recibido una nueva oferta por parte del Fenerbah\u00e7e de Turqu\u00eda, pero esta vez con un ultim\u00e1tum de respuesta que venc\u00eda el viernes 8 de noviembre.<\/p>\n<p>   De parte del club de la Ribera, quer\u00edan que el club turco pague los impuestos, que rondaban en los 2,6 millones de d\u00f3lares, adem\u00e1s de aceptar las condiciones de pago. Adem\u00e1s, Boca pretend\u00eda cobrar en forma inmediata diez millones de d\u00f3lares, y en una cuota los otros cinco millones.<\/p>\n<p>   Por el lado de Fenerbah\u00e7e, no aceptaba subir los 2,6 millones de d\u00f3lares por impuestos y se manten\u00eda firme en su oferta de pagar 10 millones de d\u00f3lares en cuotas y otros cinco millones de d\u00f3lares en bonos por el 80 por ciento del pase, con una plusval\u00eda del 20 por ciento.<\/p>\n<p>   Por la informaci\u00f3n de los medios turcos, el Fenerbah\u00e7e lo habr\u00eda incorporado en su plantilla a Medina y pagar\u00eda al conjunto argentino la tarifa de 15 millones de d\u00f3lares. Mientras tanto, el volante de 22 a\u00f1os, contin\u00faa en un limbo, entrenando apartado del plantel y observando c\u00f3mo evoluciona su situaci\u00f3n.<\/p>\n<p>Por otra parte, en Boca suenan los nombre del volante colombiano James Rodr\u00edguez y del argentino Leandro Paredes. Mauricio Serna, integrante del Consejo de F\u00fatbol del club xeneize\u00a0 indic\u00f3 que \u00abser\u00eda un sue\u00f1o\u00bb James se sume al equipo de Gago e inform\u00f3 que ya \u00ablo apret\u00f3\u00bb para convencer al jugador que milita en el Rayo Vallecano de Espa\u00f1a. En este sentido, el peruano Lusi Adv\u00edncula se encuentra cerca de obtener la ciudadan\u00eda argentina tras m\u00e1s de tres a\u00f1os en Boca y de confirmase liberar\u00eda un cupo de extranjeros que Boca ya tiene cubierto.<\/p>\n<p>En el caso de Paredes, fue el propio jugador de la Roma el que dio una sugestiva respuesta que ilusion\u00f3 al hincha de Boca con un posible regreso. \u00abVamos a ver si Gago me llama o no\u00bb, se\u00f1al\u00f3 el tambi\u00e8n volante central de la Selecci\u00f3n.\u00a0<\/p>\n<p><!-- Live Blog Post --><\/div>\n<p><a href=\"https:\/\/www.pagina12.com.ar\/782536-boca-juniors-medina-esta-cerca-del-fenerbahce-y-suena-james-\">source<\/a><\/p>\n","protected":false},"excerpt":{"rendered":"<p>El mediocampista de Boca Cristian Medina est\u00e1 a un paso de emigrar al Fenerbah\u00e7e de&#8230;<\/p>\n","protected":false},"author":3,"featured_media":16111,"comment_status":"closed","ping_status":"closed","sticky":false,"template":"","format":"standard","meta":{"footnotes":""},"categories":[21],"tags":[],"class_list":["post-16110","post","type-post","status-publish","format-standard","has-post-thumbnail","hentry","category-deportes"],"featured_image_urls":{"full":["https:\/\/fmamiga909.com.ar\/wp-content\/uploads\/2024\/11\/wp-header-logo-174.png",960,540,false],"thumbnail":["https:\/\/fmamiga909.com.ar\/wp-content\/uploads\/2024\/11\/wp-header-logo-174-150x150.png",150,150,true],"medium":["https:\/\/fmamiga909.com.ar\/wp-content\/uploads\/2024\/11\/wp-header-logo-174-300x169.png",300,169,true],"medium_large":["https:\/\/fmamiga909.com.ar\/wp-content\/uploads\/2024\/11\/wp-header-logo-174.png",960,540,false],"large":["https:\/\/fmamiga909.com.ar\/wp-content\/uploads\/2024\/11\/wp-header-logo-174.png",640,360,false],"1536x1536":["https:\/\/fmamiga909.com.ar\/wp-content\/uploads\/2024\/11\/wp-header-logo-174.png",960,540,false],"2048x2048":["https:\/\/fmamiga909.com.ar\/wp-content\/uploads\/2024\/11\/wp-header-logo-174.png",960,540,false],"newsium-slider-full":["https:\/\/fmamiga909.com.ar\/wp-content\/uploads\/2024\/11\/wp-header-logo-174.png",960,540,false],"newsium-featured":["https:\/\/fmamiga909.com.ar\/wp-content\/uploads\/2024\/11\/wp-header-logo-174.png",960,540,false],"newsium-medium":["https:\/\/fmamiga909.com.ar\/wp-content\/uploads\/2024\/11\/wp-header-logo-174-720x475.png",720,475,true]},"author_info":{"display_name":"Fredy Giuliano","author_link":"https:\/\/fmamiga909.com.ar\/?author=3"},"category_info":"<a href=\"https:\/\/fmamiga909.com.ar\/?cat=21\" rel=\"category\">Deportes<\/a>","tag_info":"Deportes","comment_count":"0","_links":{"self":[{"href":"https:\/\/fmamiga909.com.ar\/index.php?rest_route=\/wp\/v2\/posts\/16110","targetHints":{"allow":["GET"]}}],"collection":[{"href":"https:\/\/fmamiga909.com.ar\/index.php?rest_route=\/wp\/v2\/posts"}],"about":[{"href":"https:\/\/fmamiga909.com.ar\/index.php?rest_route=\/wp\/v2\/types\/post"}],"author":[{"embeddable":true,"href":"https:\/\/fmamiga909.com.ar\/index.php?rest_route=\/wp\/v2\/users\/3"}],"replies":[{"embeddable":true,"href":"https:\/\/fmamiga909.com.ar\/index.php?rest_route=%2Fwp%2Fv2%2Fcomments&post=16110"}],"version-history":[{"count":0,"href":"https:\/\/fmamiga909.com.ar\/index.php?rest_route=\/wp\/v2\/posts\/16110\/revisions"}],"wp:featuredmedia":[{"embeddable":true,"href":"https:\/\/fmamiga909.com.ar\/index.php?rest_route=\/wp\/v2\/media\/16111"}],"wp:attachment":[{"href":"https:\/\/fmamiga909.com.ar\/index.php?rest_route=%2Fwp%2Fv2%2Fmedia&parent=16110"}],"wp:term":[{"taxonomy":"category","embeddable":true,"href":"https:\/\/fmamiga909.com.ar\/index.php?rest_route=%2Fwp%2Fv2%2Fcategories&post=16110"},{"taxonomy":"post_tag","embeddable":true,"href":"https:\/\/fmamiga909.com.ar\/index.php?rest_route=%2Fwp%2Fv2%2Ftags&post=16110"}],"curies":[{"name":"wp","href":"https:\/\/api.w.org\/{rel}","templated":true}]}}