{"id":16113,"date":"2024-11-14T13:46:42","date_gmt":"2024-11-14T13:46:42","guid":{"rendered":"https:\/\/fmamiga909.com.ar\/?p=16113"},"modified":"2024-11-14T13:46:42","modified_gmt":"2024-11-14T13:46:42","slug":"feriado-asueto-y-feriado-administrativo","status":"publish","type":"post","link":"https:\/\/fmamiga909.com.ar\/?p=16113","title":{"rendered":"Feriado, asueto y feriado administrativo"},"content":{"rendered":"\n<p>Feriado, asueto y feriado administrativo: qu\u00e9 pasa este viernes en la ciudad de Santa Fe<\/p>\n\n\n\n<p>La ciudad de Santa Fe celebra su aniversario este viernes con un feriado <a><\/a>administrativo. Cu\u00e1l es la diferencia entre feriado, asueto y feriado administrativo.<\/p>\n\n\n\n<p>Este viernes 15 de noviembre, la ciudad de Santa Fe celebra su 451\u00ba aniversario de su fundaci\u00f3n, la fecha se conmemora con un feriado administrativo provincial en todo el territorio santafesino.<\/p>\n\n\n\n<p>La naturaleza de este d\u00eda genera dudas en torno a las pausas laborales, como los feriados nacionales y los asuetos. A continuaci\u00f3n, te aclaramos las diferencias de cada uno y qu\u00e9 implica en cada caso para los santafesinos.<\/p>\n\n\n\n<p>\u00bfQu\u00e9 es un feriado administrativo provincial?<\/p>\n\n\n\n<p>Un feriado administrativo provincial, como el que se decretar\u00e1 este viernes 15 de noviembre en Santa Fe, es una jornada no laborable para la administraci\u00f3n p\u00fablica y las instituciones educativas de la provincia. Esto significa que los empleados estatales, como personal de oficinas p\u00fablicas y docentes, no tienen obligaci\u00f3n de trabajar.<\/p>\n\n\n\n<p>No obstante, este feriado es optativo para los sectores comercial, industrial y bancario, lo que implica que estas \u00e1reas pueden decidir si operan o no durante la jornada. Los feriados administrativos son comunes en el calendario provincial cuando se conmemoran fechas espec\u00edficas de la historia o cultura local, como aniversarios de fundaci\u00f3n o eventos significativos para la regi\u00f3n.<\/p>\n\n\n\n<p>\u00bfQu\u00e9 es un feriado?<\/p>\n\n\n\n<p>Un feriado, tal como se establece en el calendario nacional, es una jornada no laborable que aplica a \u00abtodas las actividades laborales en el pa\u00eds\u00bb. En estos d\u00edas, tanto el sector p\u00fablico como el privado est\u00e1n obligados a otorgar el descanso a sus empleados, y quienes trabajen deben recibir una remuneraci\u00f3n especial, generalmente el doble de la jornada regular. Los feriados nacionales, como el D\u00eda de la Independencia (9 de julio) o el D\u00eda de la Bandera (20 de junio), est\u00e1n definidos en la Ley Nacional de Contrato de Trabajo y aplican a todos los sectores y provincias por igual.<\/p>\n\n\n\n<p>En el caso de los feriados provinciales, estos afectan principalmente a los empleados de la administraci\u00f3n p\u00fablica local, pero pueden no ser obligatorios para las empresas y comercios, dependiendo de las regulaciones de cada provincia.<\/p>\n\n\n\n<p>\u00bfQu\u00e9 es un asueto?<\/p>\n\n\n\n<p>Un asueto es una jornada de descanso que se otorga con frecuencia en fechas especiales o v\u00edsperas de feriados largos y, por lo general, \u00abafecta exclusivamente al sector p\u00fablico\u00bb. A diferencia de un feriado, el asueto es de car\u00e1cter interno para empleados estatales, sin aplicaci\u00f3n obligatoria para el sector privado. Los asuetos son comunes en v\u00edsperas de Navidad o A\u00f1o Nuevo, cuando se busca reducir el horario laboral para permitir a los empleados p\u00fablicos reunirse con sus familias o viajar.<\/p>\n\n\n\n<p>La particularidad del 15 de noviembre en Santa Fe<\/p>\n\n\n\n<p>Este viernes 15 de noviembre, al celebrarse un nuevo aniversario de la fundaci\u00f3n de la ciudad de Santa Fe, se establece un feriado administrativo provincial. Esto implica que las oficinas de la administraci\u00f3n p\u00fablica provincial y las escuelas no funcionar\u00e1n, mientras que el sector comercial, bancario e industrial podr\u00e1 decidir si se adhiere o no al descanso.<\/p>\n\n\n\n<p>Por Redacci\u00f3n Aire Digital<\/p>\n","protected":false},"excerpt":{"rendered":"<p>Feriado, asueto y feriado administrativo: qu\u00e9 pasa este viernes en la ciudad de Santa Fe&#8230;<\/p>\n","protected":false},"author":3,"featured_media":16114,"comment_status":"closed","ping_status":"closed","sticky":false,"template":"","format":"standard","meta":{"footnotes":""},"categories":[20,3],"tags":[],"class_list":["post-16113","post","type-post","status-publish","format-standard","has-post-thumbnail","hentry","category-entrevistas","category-noticias"],"featured_image_urls":{"full":["https:\/\/fmamiga909.com.ar\/wp-content\/uploads\/2024\/11\/OIP-2.jpeg",474,285,false],"thumbnail":["https:\/\/fmamiga909.com.ar\/wp-content\/uploads\/2024\/11\/OIP-2-150x150.jpeg",150,150,true],"medium":["https:\/\/fmamiga909.com.ar\/wp-content\/uploads\/2024\/11\/OIP-2-300x180.jpeg",300,180,true],"medium_large":["https:\/\/fmamiga909.com.ar\/wp-content\/uploads\/2024\/11\/OIP-2.jpeg",474,285,false],"large":["https:\/\/fmamiga909.com.ar\/wp-content\/uploads\/2024\/11\/OIP-2.jpeg",474,285,false],"1536x1536":["https:\/\/fmamiga909.com.ar\/wp-content\/uploads\/2024\/11\/OIP-2.jpeg",474,285,false],"2048x2048":["https:\/\/fmamiga909.com.ar\/wp-content\/uploads\/2024\/11\/OIP-2.jpeg",474,285,false],"newsium-slider-full":["https:\/\/fmamiga909.com.ar\/wp-content\/uploads\/2024\/11\/OIP-2.jpeg",474,285,false],"newsium-featured":["https:\/\/fmamiga909.com.ar\/wp-content\/uploads\/2024\/11\/OIP-2.jpeg",474,285,false],"newsium-medium":["https:\/\/fmamiga909.com.ar\/wp-content\/uploads\/2024\/11\/OIP-2.jpeg",474,285,false]},"author_info":{"display_name":"Fredy Giuliano","author_link":"https:\/\/fmamiga909.com.ar\/?author=3"},"category_info":"<a href=\"https:\/\/fmamiga909.com.ar\/?cat=20\" rel=\"category\">Entrevistas<\/a> <a href=\"https:\/\/fmamiga909.com.ar\/?cat=3\" rel=\"category\">Noticias<\/a>","tag_info":"Noticias","comment_count":"0","_links":{"self":[{"href":"https:\/\/fmamiga909.com.ar\/index.php?rest_route=\/wp\/v2\/posts\/16113","targetHints":{"allow":["GET"]}}],"collection":[{"href":"https:\/\/fmamiga909.com.ar\/index.php?rest_route=\/wp\/v2\/posts"}],"about":[{"href":"https:\/\/fmamiga909.com.ar\/index.php?rest_route=\/wp\/v2\/types\/post"}],"author":[{"embeddable":true,"href":"https:\/\/fmamiga909.com.ar\/index.php?rest_route=\/wp\/v2\/users\/3"}],"replies":[{"embeddable":true,"href":"https:\/\/fmamiga909.com.ar\/index.php?rest_route=%2Fwp%2Fv2%2Fcomments&post=16113"}],"version-history":[{"count":1,"href":"https:\/\/fmamiga909.com.ar\/index.php?rest_route=\/wp\/v2\/posts\/16113\/revisions"}],"predecessor-version":[{"id":16115,"href":"https:\/\/fmamiga909.com.ar\/index.php?rest_route=\/wp\/v2\/posts\/16113\/revisions\/16115"}],"wp:featuredmedia":[{"embeddable":true,"href":"https:\/\/fmamiga909.com.ar\/index.php?rest_route=\/wp\/v2\/media\/16114"}],"wp:attachment":[{"href":"https:\/\/fmamiga909.com.ar\/index.php?rest_route=%2Fwp%2Fv2%2Fmedia&parent=16113"}],"wp:term":[{"taxonomy":"category","embeddable":true,"href":"https:\/\/fmamiga909.com.ar\/index.php?rest_route=%2Fwp%2Fv2%2Fcategories&post=16113"},{"taxonomy":"post_tag","embeddable":true,"href":"https:\/\/fmamiga909.com.ar\/index.php?rest_route=%2Fwp%2Fv2%2Ftags&post=16113"}],"curies":[{"name":"wp","href":"https:\/\/api.w.org\/{rel}","templated":true}]}}