{"id":16120,"date":"2024-11-14T21:29:34","date_gmt":"2024-11-14T21:29:34","guid":{"rendered":"https:\/\/fmamiga909.com.ar\/?p=16120"},"modified":"2024-11-14T21:29:34","modified_gmt":"2024-11-14T21:29:34","slug":"el-grito-que-une-no-a-las-sad","status":"publish","type":"post","link":"https:\/\/fmamiga909.com.ar\/?p=16120","title":{"rendered":"El grito que une: &quot;No a las SAD&quot;"},"content":{"rendered":"<div><!-- Body --><\/p>\n<p>Algo se mueve por abajo y sale a la superficie, como las corrientes marinas. Son los hinchas, socios y socias que van reuniendo fuerzas, empoder\u00e1ndose en su lucha para enfrentar a las Sociedades An\u00f3nimas Deportivas de Macri y Milei. El ide\u00f3logo y el ejecutor de una pol\u00edtica para apropiarse de bienes ajenos: los clubes. Casi como si tuvieran la idea fija. <\/p>\n<p>  Distintos espacios colectivos tuvieron el punto de partida para levantar su voz contra las SAD. Tres coordinadoras, la de Hinchas, la de Derechos Humanos del F\u00fatbol Argentino y la de F\u00fatbol Feminista se reunieron en el Sindicato de Licenciadas en Enfermer\u00eda de CABA. Tambi\u00e9n adhiri\u00f3 el Foro Social del Deporte y acompa\u00f1aron la iniciativa el <i>profe<\/i> Fernando Signorini, el relator Javier Vicente y la diputada Cele Fierro, del Frente de Izquierda.<\/p>\n<p>  Unas ochenta personas le dieron volumen a la convocatoria que prepara un segundo encuentro, pero mucho m\u00e1s ambicioso. Est\u00e1 proyectado para el mi\u00e9rcoles 18 de diciembre en la Plaza de Mayo. Habr\u00e1 una radio abierta, murgas, exhibiciones deportivas, otras expresiones de nuestra cultura popular y una campa\u00f1a que se extender\u00e1 a las canchas de f\u00fatbol en las \u00faltimas fechas de los campeonatos. <\/p>\n<p>  \u00abNo a las SAD, los clubes no se venden\u00bb, es la consigna que empieza a prender en estos grupos organizados que ya tienen un recorrido en defensa de las sociedades civiles sin fines de lucro como antagonistas de las SAD. Militan los DDHH, las pol\u00edticas de g\u00e9nero, custodian el capital real y simb\u00f3lico que levantaron generaciones de argentinos. <\/p>\n<p>  En el acto donde surgieron distintas ideas para frenar la iniciativa del gobierno, que transferir\u00eda patrimonios hist\u00f3ricos a manos ajenas, del pa\u00eds y de afuera, se escucharon propuestas diversas. Con una caracter\u00edstica que se destac\u00f3: la transversalidad. <\/p>\n<p>  Nadie quiere a gestores de bienes ajenos en estos espacios donde se dialoga de pol\u00edtica deportiva, donde se entiende al deporte como un derecho humano y se discuten l\u00edmites precisos al mercado. Rechazan a las sociedades <i>offshore<\/i>, fondos buitres, multinacionales de falsa bandera, empresas que empujan a generaciones j\u00f3venes hacia la ludopat\u00eda, mercaderes de espejitos de colores que solo cultivan dinero. <\/p>\n<p>  Signorini record\u00f3 que Diego Maradona, su amigo y a qui\u00e9n entren\u00f3 durante a\u00f1os, hubiera sido cr\u00edtico de las SAD. M\u00f3nica Santino, la entrenadora de f\u00fatbol femenino, fue la voz de las compa\u00f1eras que poblaban el local \u2013a la par de los hombres\u2013 y Vicente llam\u00f3 a pasar a la acci\u00f3n en la campa\u00f1a contra las sociedades an\u00f3nimas. <\/p>\n<p>  El gobierno t\u00f3xico de Milei pretende incluir su iniciativa a favor de las SAD en la guerra cultural que lleva adelante. Esa es una de sus grandes contradicciones. Los clubes no son bienes de orden p\u00fablico, como algunas de las empresas del Estado que pretender\u00eda rifar: Aerol\u00edneas Argentinas, YPF, ARSAT. <\/p>\n<p>  Las entidades deportivas son privadas y de sus socios, cientos de miles a lo largo del pa\u00eds. La AFA las representa, en el caso del f\u00fatbol. Por eso se ejerce la coerci\u00f3n sobre todas ellas por v\u00eda del DNU 70, la derogaci\u00f3n de ventajas impositivas, en definitiva con el objetivo de desfinanciar a instituciones claves que han reemplazado funciones sociales del Estado en momentos cruciales. Durante la pandemia o con la contenci\u00f3n a gente en situaci\u00f3n de calle durante el invierno.<\/p>\n<p>  En el acto dio su testimonio un hincha del club Lugano cuya sede fue tomada por dos dirigentes hace 26 a\u00f1os, cerraron actividades deportivas y clausuraron los padrones. Una afiliada de UTEDyC, el gremio que re\u00fane al personal de las entidades civiles, inform\u00f3 sobre las malas perspectivas que generar\u00edan las SAD para sus trabajadores. Un referente de Banfield evoc\u00f3 las campa\u00f1as de derechos humanos por los desaparecidos de la dictadura y Santiago Maldonado. Otro de Ferro difundi\u00f3 el homenaje que se realizar\u00e1 el pr\u00f3ximo s\u00e1bado \u2013no m\u00e1s\u2013 a un socio y jugador de beisbol federado del club, Eduardo Vega, detenido\u2013desaparecido en 1977. <\/p>\n<p>  Las voces presentes recorrieron los caminos compartidos y los que quedan por andar. Hoy todos y todas se identifican bajo una misma consigna: \u00abNo a las SAD\u00bb.<\/p>\n<p><a href=\"\/cdn-cgi\/l\/email-protection\" class=\"__cf_email__\" data-cfemail=\"98ffeefdf1fff9d8e8f9fff1f6f9a9aab6fbf7f5b6f9ea\">[email\u00a0protected]<\/a>\u00a0 \u00a0 \u00a0 \u00a0\u00a0<\/p>\n<p><!-- Live Blog Post --><\/div>\n<p><a href=\"https:\/\/www.pagina12.com.ar\/782778-el-grito-que-une-no-a-las-sad\">source<\/a><\/p>\n","protected":false},"excerpt":{"rendered":"<p>Algo se mueve por abajo y sale a la superficie, como las corrientes marinas. Son&#8230;<\/p>\n","protected":false},"author":3,"featured_media":16121,"comment_status":"closed","ping_status":"closed","sticky":false,"template":"","format":"standard","meta":{"footnotes":""},"categories":[21],"tags":[],"class_list":["post-16120","post","type-post","status-publish","format-standard","has-post-thumbnail","hentry","category-deportes"],"featured_image_urls":{"full":["https:\/\/fmamiga909.com.ar\/wp-content\/uploads\/2024\/11\/wp-header-logo-177.png",960,540,false],"thumbnail":["https:\/\/fmamiga909.com.ar\/wp-content\/uploads\/2024\/11\/wp-header-logo-177-150x150.png",150,150,true],"medium":["https:\/\/fmamiga909.com.ar\/wp-content\/uploads\/2024\/11\/wp-header-logo-177-300x169.png",300,169,true],"medium_large":["https:\/\/fmamiga909.com.ar\/wp-content\/uploads\/2024\/11\/wp-header-logo-177.png",960,540,false],"large":["https:\/\/fmamiga909.com.ar\/wp-content\/uploads\/2024\/11\/wp-header-logo-177.png",640,360,false],"1536x1536":["https:\/\/fmamiga909.com.ar\/wp-content\/uploads\/2024\/11\/wp-header-logo-177.png",960,540,false],"2048x2048":["https:\/\/fmamiga909.com.ar\/wp-content\/uploads\/2024\/11\/wp-header-logo-177.png",960,540,false],"newsium-slider-full":["https:\/\/fmamiga909.com.ar\/wp-content\/uploads\/2024\/11\/wp-header-logo-177.png",960,540,false],"newsium-featured":["https:\/\/fmamiga909.com.ar\/wp-content\/uploads\/2024\/11\/wp-header-logo-177.png",960,540,false],"newsium-medium":["https:\/\/fmamiga909.com.ar\/wp-content\/uploads\/2024\/11\/wp-header-logo-177-720x475.png",720,475,true]},"author_info":{"display_name":"Fredy Giuliano","author_link":"https:\/\/fmamiga909.com.ar\/?author=3"},"category_info":"<a href=\"https:\/\/fmamiga909.com.ar\/?cat=21\" rel=\"category\">Deportes<\/a>","tag_info":"Deportes","comment_count":"0","_links":{"self":[{"href":"https:\/\/fmamiga909.com.ar\/index.php?rest_route=\/wp\/v2\/posts\/16120","targetHints":{"allow":["GET"]}}],"collection":[{"href":"https:\/\/fmamiga909.com.ar\/index.php?rest_route=\/wp\/v2\/posts"}],"about":[{"href":"https:\/\/fmamiga909.com.ar\/index.php?rest_route=\/wp\/v2\/types\/post"}],"author":[{"embeddable":true,"href":"https:\/\/fmamiga909.com.ar\/index.php?rest_route=\/wp\/v2\/users\/3"}],"replies":[{"embeddable":true,"href":"https:\/\/fmamiga909.com.ar\/index.php?rest_route=%2Fwp%2Fv2%2Fcomments&post=16120"}],"version-history":[{"count":0,"href":"https:\/\/fmamiga909.com.ar\/index.php?rest_route=\/wp\/v2\/posts\/16120\/revisions"}],"wp:featuredmedia":[{"embeddable":true,"href":"https:\/\/fmamiga909.com.ar\/index.php?rest_route=\/wp\/v2\/media\/16121"}],"wp:attachment":[{"href":"https:\/\/fmamiga909.com.ar\/index.php?rest_route=%2Fwp%2Fv2%2Fmedia&parent=16120"}],"wp:term":[{"taxonomy":"category","embeddable":true,"href":"https:\/\/fmamiga909.com.ar\/index.php?rest_route=%2Fwp%2Fv2%2Fcategories&post=16120"},{"taxonomy":"post_tag","embeddable":true,"href":"https:\/\/fmamiga909.com.ar\/index.php?rest_route=%2Fwp%2Fv2%2Ftags&post=16120"}],"curies":[{"name":"wp","href":"https:\/\/api.w.org\/{rel}","templated":true}]}}