{"id":16210,"date":"2024-11-17T01:27:23","date_gmt":"2024-11-17T01:27:23","guid":{"rendered":"https:\/\/fmamiga909.com.ar\/?p=16210"},"modified":"2024-11-17T01:27:23","modified_gmt":"2024-11-17T01:27:23","slug":"copa-davis-el-equipo-argentino-viajo-a-malaga-con-toda-la-ilusion","status":"publish","type":"post","link":"https:\/\/fmamiga909.com.ar\/?p=16210","title":{"rendered":"Copa Davis: El equipo argentino viaj\u00f3 a M\u00e1laga con toda la ilusi\u00f3n"},"content":{"rendered":"<div><!-- Body --><\/p>\n<p>El plantel argentino de Copa Davis ya parti\u00f3 este s\u00e1bado rumbo a M\u00e1laga, donde se desarrollar\u00e1n los cuartos de final, la primera instancia de eliminaci\u00f3n directa de la semana definitoria denominada Final 8. El conjunto capitaneado por Guillermo Coria tendr\u00e1 un compromiso muy complicado nada menos que contra el vigente campe\u00f3n Italia, que tiene en sus filas al n\u00famero uno del mundo Jannik Sinner, finalista del Masters.<\/p>\n<p>El Final 8 tendr\u00e1 lugar del 19 al 24 de noviembre, en el Palacio de Deportes Jos\u00e9 Mar\u00eda Mart\u00edn Carpena, sobre cancha dura bajo techo, aunque Argentina se medir\u00e1 con los italianos reci\u00e9n el jueves 21, no antes del mediod\u00eda argentino. La serie constar\u00e1 de tres partidos: single 2 contra single 2, single 1 ante single 1 y, para cerrar, el doble, todos al mejor de tres sets. El ganador se cruzar\u00e1, el 22 o el 23 de noviembre, con Estados Unidos o Australia.<\/p>\n<p>\u00abArgentina merece estar donde est\u00e1, sobre todo por el compromiso de los jugadores. Estamos muy bien, muy unidos. Lo tomamos como una revancha de cuando nos ganaron en Bologna 2022; nos vamos a ir de M\u00e1laga con la frente en alto\u00bb, solt\u00f3 el capit\u00e1n en la despedida en el Tenis Club Argentino, en Palermo, donde estuvo acompa\u00f1ado por Sebasti\u00e1n B\u00e1ez y Francisco Cer\u00fandolo, los dos singlistas titulares. Completan el equipo Tom\u00e1s Etcheverry y los doblistas M\u00e1ximo Gonz\u00e1lez y Andr\u00e9s Molteni.<\/p>\n<p><!-- Live Blog Post --><\/div>\n<p><a href=\"https:\/\/www.pagina12.com.ar\/783322-copa-davis-el-equipo-argentino-viajo-a-malaga-con-toda-la-il\">source<\/a><\/p>\n","protected":false},"excerpt":{"rendered":"<p>El plantel argentino de Copa Davis ya parti\u00f3 este s\u00e1bado rumbo a M\u00e1laga, donde se&#8230;<\/p>\n","protected":false},"author":3,"featured_media":16211,"comment_status":"closed","ping_status":"closed","sticky":false,"template":"","format":"standard","meta":{"footnotes":""},"categories":[21],"tags":[],"class_list":["post-16210","post","type-post","status-publish","format-standard","has-post-thumbnail","hentry","category-deportes"],"featured_image_urls":{"full":["https:\/\/fmamiga909.com.ar\/wp-content\/uploads\/2024\/11\/wp-header-logo-220.png",960,540,false],"thumbnail":["https:\/\/fmamiga909.com.ar\/wp-content\/uploads\/2024\/11\/wp-header-logo-220-150x150.png",150,150,true],"medium":["https:\/\/fmamiga909.com.ar\/wp-content\/uploads\/2024\/11\/wp-header-logo-220-300x169.png",300,169,true],"medium_large":["https:\/\/fmamiga909.com.ar\/wp-content\/uploads\/2024\/11\/wp-header-logo-220.png",960,540,false],"large":["https:\/\/fmamiga909.com.ar\/wp-content\/uploads\/2024\/11\/wp-header-logo-220.png",640,360,false],"1536x1536":["https:\/\/fmamiga909.com.ar\/wp-content\/uploads\/2024\/11\/wp-header-logo-220.png",960,540,false],"2048x2048":["https:\/\/fmamiga909.com.ar\/wp-content\/uploads\/2024\/11\/wp-header-logo-220.png",960,540,false],"newsium-slider-full":["https:\/\/fmamiga909.com.ar\/wp-content\/uploads\/2024\/11\/wp-header-logo-220.png",960,540,false],"newsium-featured":["https:\/\/fmamiga909.com.ar\/wp-content\/uploads\/2024\/11\/wp-header-logo-220.png",960,540,false],"newsium-medium":["https:\/\/fmamiga909.com.ar\/wp-content\/uploads\/2024\/11\/wp-header-logo-220-720x475.png",720,475,true]},"author_info":{"display_name":"Fredy Giuliano","author_link":"https:\/\/fmamiga909.com.ar\/?author=3"},"category_info":"<a href=\"https:\/\/fmamiga909.com.ar\/?cat=21\" rel=\"category\">Deportes<\/a>","tag_info":"Deportes","comment_count":"0","_links":{"self":[{"href":"https:\/\/fmamiga909.com.ar\/index.php?rest_route=\/wp\/v2\/posts\/16210","targetHints":{"allow":["GET"]}}],"collection":[{"href":"https:\/\/fmamiga909.com.ar\/index.php?rest_route=\/wp\/v2\/posts"}],"about":[{"href":"https:\/\/fmamiga909.com.ar\/index.php?rest_route=\/wp\/v2\/types\/post"}],"author":[{"embeddable":true,"href":"https:\/\/fmamiga909.com.ar\/index.php?rest_route=\/wp\/v2\/users\/3"}],"replies":[{"embeddable":true,"href":"https:\/\/fmamiga909.com.ar\/index.php?rest_route=%2Fwp%2Fv2%2Fcomments&post=16210"}],"version-history":[{"count":0,"href":"https:\/\/fmamiga909.com.ar\/index.php?rest_route=\/wp\/v2\/posts\/16210\/revisions"}],"wp:featuredmedia":[{"embeddable":true,"href":"https:\/\/fmamiga909.com.ar\/index.php?rest_route=\/wp\/v2\/media\/16211"}],"wp:attachment":[{"href":"https:\/\/fmamiga909.com.ar\/index.php?rest_route=%2Fwp%2Fv2%2Fmedia&parent=16210"}],"wp:term":[{"taxonomy":"category","embeddable":true,"href":"https:\/\/fmamiga909.com.ar\/index.php?rest_route=%2Fwp%2Fv2%2Fcategories&post=16210"},{"taxonomy":"post_tag","embeddable":true,"href":"https:\/\/fmamiga909.com.ar\/index.php?rest_route=%2Fwp%2Fv2%2Ftags&post=16210"}],"curies":[{"name":"wp","href":"https:\/\/api.w.org\/{rel}","templated":true}]}}