{"id":16212,"date":"2024-11-17T17:11:17","date_gmt":"2024-11-17T17:11:17","guid":{"rendered":"https:\/\/fmamiga909.com.ar\/?p=16212"},"modified":"2024-11-17T17:11:17","modified_gmt":"2024-11-17T17:11:17","slug":"el-deporte-no-esta-en-la-agenda-del-gobierno","status":"publish","type":"post","link":"https:\/\/fmamiga909.com.ar\/?p=16212","title":{"rendered":"&quot;El deporte no est\u00e1 en la agenda del Gobierno&quot;"},"content":{"rendered":"<div><!-- Body --><\/p>\n<p>\u201cEl deporte no est\u00e1 en la agenda del gobierno y no se comprende que el deporte es salud, educaci\u00f3n, prevenci\u00f3n y el mejoramiento de la calidad de vida de los ciudadanos\u201d, afirma Sergio Turiace, director t\u00e9cnico nacional (DTN) del equipo argentino de esgrima a <b>P\u00e1gina 12<\/b>, al tiempo que reconoce que \u00abcuesta entender la asignaci\u00f3n de prioridades\u00bb del secretario de deportes, Daniel Scioli y asegura que \u00ablos valores actuales de las becas no cubren las necesidades b\u00e1sicas para poder cumplir con el objetivo buscado en el momento de su creaci\u00f3n\u00bb.<\/p>\n<p>Turiace, de 61 a\u00f1os y ganador de tres premios Olimpia de Plata (1983, 1987 y 1988), compiti\u00f3 en dos Juegos Ol\u00edmpicos: Los \u00c1ngeles 1984 y Se\u00fal 1988 y, adem\u00e1s, estuvo como t\u00e9cnico en otros tres: Sydney 2000, Atenas 2004 y Beijing 2008.\u00a0Turiace integra, adem\u00e1s, la agrupaci\u00f3n Deportistas del Campo Popular  (DdCP) junto con, entre otros,  el exvoleibolista John Uriarte \u2013bronceen los Juegos Ol\u00edmpicos de Se\u00fal 1988, y Laura Matinel\u00a0\u2013ex entrenadora de la judoca Paula Pareto, ganadora de la medalla de oro en los Juegos Ol\u00edmpicos de R\u00edo de Janeiro 2016 y de bronce en Beijing 2008.<\/p>\n<p><b>\u2013\u00bfCrees que se podr\u00eda cuantificar\u00a0en cu\u00e1nto se retir\u00f3 el Estado en estos once meses del gobierno de MIlei en el deporte amateur?<\/b><\/p>\n<p>\u2013Mi \u00e1rea de especialidad tiene que ver con lo metodol\u00f3gico. Con esto me refiero a la planificaci\u00f3n, diagramaci\u00f3n y del desarrollo de la actividad en el a\u00f1o pero puedo manifestar que en cuanto a la asignaci\u00f3n presupuestaria recibida en el ejercicio 2023, con respecto al 2024 se prioriz\u00f3 a los deportistas involucrados en el proceso de clasificaci\u00f3n ol\u00edmpica y luego a los ya clasificados a los Juegos Ol\u00edmpicos de\u00a0Par\u00eds 2024. Los deportistas de nivel Sudamericano y Panamericano no clasificados recibieron un apoyo de menos magnitud.<\/p>\n<p><b>\u2013\u00bfCu\u00e1l es el nivel de destrucci\u00f3n de eso?<\/b><\/p>\n<p>\u2013Teniendo en cuenta que la pol\u00edtica deportiva del Gobierno lleva casi un a\u00f1o y actualmente se est\u00e1 iniciando el nuevo ciclo ol\u00edmpico hacia los Juegos de\u00a0 Los \u00c1ngeles 2028, podemos decir que si se establecen las asignaciones presupuestarias adecuadas, se podr\u00edan optimizar la distribuci\u00f3n de los recursos para una adecuada planificaci\u00f3n en los tres niveles existentes.<\/p>\n<p><b>\u2013\u00bfC\u00f3mo calificas la gesti\u00f3n de Daniel Scioli al frente de la Secretaria de Deportes?<\/b><\/p>\n<p>\u2013En cuanto a la gesti\u00f3n del secretario de deportes Daniel Scioli cuesta entender la asignaci\u00f3n de prioridades. Por un lado le llev\u00f3 ocho meses solucionar el inconveniente del atraso del pago de las becas de los docentes de las escuelas de desarrollo deportivo que funcionan en todo el pa\u00eds y que dependen de la Secretar\u00eda de Deportes de la Naci\u00f3n y le permiten a miles de ni\u00f1os iniciarse en el deporte con los beneficios que implican en t\u00e9rminos de salud y educaci\u00f3n, y por otro lado apura las gestiones para traer la F\u00f3rmula Uno Internacional  al aut\u00f3dromo de la Ciudad de Buenos Aires para que unos pocos con capacidad econ\u00f3mica puedan ser espectadores de las virtudes de nuestro querido Franco Colapinto. Tambi\u00e9n se lo ve muy entusiasmado por introducir las Sociedades An\u00f3nimas Deportivas en el f\u00fatbol argentino, campe\u00f3n del mundo, y no se defiende con el mismo entusiasmo el presupuesto de los tradicionales Juegos Evita, dejando afuera de las pr\u00e1cticas deportivas y culturales a miles de ni\u00f1os, j\u00f3venes, ancianos y deportistas adaptados.<\/p>\n<p><b>\u2013\u00bfC\u00f3mo es el estado actual de la becas a los deportistas?<\/b><\/p>\n<p>\u2013Los valores actuales de las becas no cubren las necesidades b\u00e1sicas para poder cumplir con el objetivo buscado en el momento de su creaci\u00f3n. El actual monto de las becas resulta insuficiente para cubrir las necesidades de nuestros deportistas y en particular la de nuestros entrenadores.<\/p>\n<p><b>\u2013En marzo expresaste \u201cest\u00e1 en marcha el plan de venta del Cenard (Centro Nacional de Alto Rendimiento Deportivo)\u201d. Sin embargo, no ocurri\u00f3. \u00bfQue informaci\u00f3n manej\u00e1s sobre ese punto?<\/b><\/p>\n<p>\u2013Considero que en este momento no est\u00e1n dadas las condiciones debido a la gran resistencia que ofreci\u00f3 la comunidad deportiva en su conjunto. Tambi\u00e9n deber\u00eda tenerse en cuenta el decreto 1272\/07 del Poder Ejecutivo Nacional, donde se declara Monumento Hist\u00f3rico Nacional al Teatro Auditorio \u00abPresidente Per\u00f3n\u00bb y dem\u00e1s instalaciones del Cenard. <\/p>\n<p><b>\u2013\u00bfLos clubes c\u00f3mo llevan el impacto de la crisis?<\/b><\/p>\n<p>\u2013Los clubes inevitablemente ante el aumento significativo de los costos operativos y las tarifas de los servicios han tenido que reestructurar su funcionamiento recortando algunas actividades deportivas y culturales. En el plano de la infraestructura se est\u00e1n postergando reparaciones y mantenimiento de instalaciones que si no se corrige a la brevedad ser\u00e1 dif\u00edcil revertir. Tambi\u00e9n afecta econ\u00f3micamente la baja de socios por la imposibilidad de abonar la cuota social.<\/p>\n<p><b>\u2013\u00bfY  el deporte social?<\/b><\/p>\n<p>\u2013El desarrollo del deporte social es responsabilidad primaria de las administraciones provinciales.<\/p>\n<p><b>\u2013Integr\u00e1s la agrupaci\u00f3n Deportistas del Campo Popular. \u00bfQu\u00e9 dicen tus pares en sus respectivos deportes?<\/b><\/p>\n<p>\u2013Todos estamos preocupados porque el deporte no est\u00e1 en la agenda del Gobierno y no se comprende que el deporte es salud, educaci\u00f3n, prevenci\u00f3n y el mejoramiento de la calidad de vida de los ciudadanos.<\/p>\n<p><b>\u2013\u00bfCu\u00e1l es la radiograf\u00eda del estado actual de la esgrima nacional?<\/b><\/p>\n<p>\u2013Los resultados obtenidos en los Juegos Panamericanos de Santiago 2023 marcaron la consolidaci\u00f3n de nuestro equipo en el nivel continental. Podemos destacar la medalla dorada en espada individual que obtuvo Isabel Di Tella quien port\u00f3 la bandera argentina en la ceremonia de cierre de los mismos. Tambi\u00e9n se pudo lograr la presencia de la esgrima en todos los Juegos Ol\u00edmpicos donde particip\u00f3 el Comit\u00e9 Ol\u00edmpico Argentino a trav\u00e9s de sus cien  a\u00f1os de existencia, con la participaci\u00f3n de Pascual Di Tella en los Juegos de Pars. En cuanto a las categor\u00edas menores se est\u00e1 trabajando adecuadamente para obtener un buen recambio generacional que nos permita seguir en un sendero de crecimiento en las distintas especialidades que conforman la esgrima argentina.<\/p>\n<p><!-- Live Blog Post --><\/div>\n<p><a href=\"https:\/\/www.pagina12.com.ar\/783391-el-deporte-no-esta-en-la-agenda-del-gobierno\">source<\/a><\/p>\n","protected":false},"excerpt":{"rendered":"<p>\u201cEl deporte no est\u00e1 en la agenda del gobierno y no se comprende que el&#8230;<\/p>\n","protected":false},"author":3,"featured_media":16213,"comment_status":"closed","ping_status":"closed","sticky":false,"template":"","format":"standard","meta":{"footnotes":""},"categories":[21],"tags":[],"class_list":["post-16212","post","type-post","status-publish","format-standard","has-post-thumbnail","hentry","category-deportes"],"featured_image_urls":{"full":["https:\/\/fmamiga909.com.ar\/wp-content\/uploads\/2024\/11\/wp-header-logo-221.png",960,540,false],"thumbnail":["https:\/\/fmamiga909.com.ar\/wp-content\/uploads\/2024\/11\/wp-header-logo-221-150x150.png",150,150,true],"medium":["https:\/\/fmamiga909.com.ar\/wp-content\/uploads\/2024\/11\/wp-header-logo-221-300x169.png",300,169,true],"medium_large":["https:\/\/fmamiga909.com.ar\/wp-content\/uploads\/2024\/11\/wp-header-logo-221.png",960,540,false],"large":["https:\/\/fmamiga909.com.ar\/wp-content\/uploads\/2024\/11\/wp-header-logo-221.png",640,360,false],"1536x1536":["https:\/\/fmamiga909.com.ar\/wp-content\/uploads\/2024\/11\/wp-header-logo-221.png",960,540,false],"2048x2048":["https:\/\/fmamiga909.com.ar\/wp-content\/uploads\/2024\/11\/wp-header-logo-221.png",960,540,false],"newsium-slider-full":["https:\/\/fmamiga909.com.ar\/wp-content\/uploads\/2024\/11\/wp-header-logo-221.png",960,540,false],"newsium-featured":["https:\/\/fmamiga909.com.ar\/wp-content\/uploads\/2024\/11\/wp-header-logo-221.png",960,540,false],"newsium-medium":["https:\/\/fmamiga909.com.ar\/wp-content\/uploads\/2024\/11\/wp-header-logo-221-720x475.png",720,475,true]},"author_info":{"display_name":"Fredy Giuliano","author_link":"https:\/\/fmamiga909.com.ar\/?author=3"},"category_info":"<a href=\"https:\/\/fmamiga909.com.ar\/?cat=21\" rel=\"category\">Deportes<\/a>","tag_info":"Deportes","comment_count":"0","_links":{"self":[{"href":"https:\/\/fmamiga909.com.ar\/index.php?rest_route=\/wp\/v2\/posts\/16212","targetHints":{"allow":["GET"]}}],"collection":[{"href":"https:\/\/fmamiga909.com.ar\/index.php?rest_route=\/wp\/v2\/posts"}],"about":[{"href":"https:\/\/fmamiga909.com.ar\/index.php?rest_route=\/wp\/v2\/types\/post"}],"author":[{"embeddable":true,"href":"https:\/\/fmamiga909.com.ar\/index.php?rest_route=\/wp\/v2\/users\/3"}],"replies":[{"embeddable":true,"href":"https:\/\/fmamiga909.com.ar\/index.php?rest_route=%2Fwp%2Fv2%2Fcomments&post=16212"}],"version-history":[{"count":0,"href":"https:\/\/fmamiga909.com.ar\/index.php?rest_route=\/wp\/v2\/posts\/16212\/revisions"}],"wp:featuredmedia":[{"embeddable":true,"href":"https:\/\/fmamiga909.com.ar\/index.php?rest_route=\/wp\/v2\/media\/16213"}],"wp:attachment":[{"href":"https:\/\/fmamiga909.com.ar\/index.php?rest_route=%2Fwp%2Fv2%2Fmedia&parent=16212"}],"wp:term":[{"taxonomy":"category","embeddable":true,"href":"https:\/\/fmamiga909.com.ar\/index.php?rest_route=%2Fwp%2Fv2%2Fcategories&post=16212"},{"taxonomy":"post_tag","embeddable":true,"href":"https:\/\/fmamiga909.com.ar\/index.php?rest_route=%2Fwp%2Fv2%2Ftags&post=16212"}],"curies":[{"name":"wp","href":"https:\/\/api.w.org\/{rel}","templated":true}]}}