{"id":16216,"date":"2024-11-17T20:49:38","date_gmt":"2024-11-17T20:49:38","guid":{"rendered":"https:\/\/fmamiga909.com.ar\/?p=16216"},"modified":"2024-11-17T20:49:38","modified_gmt":"2024-11-17T20:49:38","slug":"del-potro-se-prepara-de-cara-a-la-exhibicion-ante-djokovic-el-adios-final","status":"publish","type":"post","link":"https:\/\/fmamiga909.com.ar\/?p=16216","title":{"rendered":"Del Potro se prepara de cara a la exhibici\u00f3n ante Djokovic: &quot;El adi\u00f3s final&quot;\u00a0"},"content":{"rendered":"<div><!-- Body --><\/p>\n<p>El <b>extenista argentino Juan Mart\u00edn Del Potro comparti\u00f3 una imagen en sus redes mientras se prepara de cara a la exhibici\u00f3n que protagonizar\u00e1 ante el serbio Novak Djokovic <\/b>y dej\u00f3 una frase que toca las fibras m\u00e1s \u00edntimas de sus fan\u00e1ticos: <b>\u00abEl adi\u00f3s final\u00bb, partido que se disputar\u00e1 el 1\u00ba de diciembre, en el Parque Roca<\/b>, en un evento al que se le puso de t\u00edtulo \u00abEl \u00faltimo desaf\u00edo\u00bb.<\/p>\n<p>La Torre de Tandil comparti\u00f3 una historia en el gimnasio mientras se pone a punto para enfrentar al mejor tenista de la historia y dej\u00f3 el siguiente mensaje: <b>\u00ab\u00daltimos d\u00edas de gym para el adi\u00f3s final\u00bb<\/b>. En la imagen tambi\u00e9n se puede observar una rodillera justamente en su pierna derecha, donde sufri\u00f3 las lesiones entre 2018 y 2019 que lo obligaron a ponerle punto final a su carrera.<\/p>\n<p><b>   Del Potro y Djokovic mantienen una muy buena relaci\u00f3n pese a haberse cruzado en los escenarios m\u00e1s importantes del mundo<\/b>. La \u00faltima vez que Del Potro jug\u00f3 de manera oficial fue en el Argentina Open 2022, donde cay\u00f3 en la primera ronda ante su compatriota Federico Delbonis. En aquella ocasi\u00f3n, Delpo aclar\u00f3 que ese torneo iba a ser su regreso y despedida del tenis, ya que nunca pudo encontrar una soluci\u00f3n para los problemas en la rodilla derecha que le permitieran competir al m\u00e1ximo nivel.<\/p>\n<p>   A lo largo de su carrera, que estuvo plagada de graves lesiones (estuvo varios a\u00f1os alejado del circuito por problemas con sus mu\u00f1ecas),<b> Del Potro lleg\u00f3 a ser n\u00famero 3 del mundo, gan\u00f3 el US Open 2009, la medalla de plata en los Juegos Ol\u00edmpicos de R\u00edo 2016 y la de bronce en Londres 2012 (eliminando en ambas ediciones a Djokovic) <\/b>y gui\u00f3 a la Argentina a su primer y hasta ahora \u00fanico t\u00edtulo de Copa Davis.<\/p>\n<p><b>   Djokovic, por su parte, es el m\u00e1ximo ganador de Grand Slam en la historia del tenis con 24 conquistas y este a\u00f1o obtuvo la obtenci\u00f3n de la medalla de oro en los Juegos Ol\u00edmpicos de Par\u00eds<\/b>, que era el \u00fanico gran logro que faltaba en su carrera. El serbio terminar\u00e1 el a\u00f1o en la s\u00e9ptima colocaci\u00f3n del ranking ATP, pero en la segunda mitad del 2024 demostr\u00f3 que todav\u00eda est\u00e1 vigente para dar pelea en los grandes torneos.<\/p>\n<p><!-- Live Blog Post --><\/div>\n<p><a href=\"https:\/\/www.pagina12.com.ar\/783404-del-potro-se-prepara-de-cara-a-la-exhibicion-ante-djokovic-e\">source<\/a><\/p>\n","protected":false},"excerpt":{"rendered":"<p>El extenista argentino Juan Mart\u00edn Del Potro comparti\u00f3 una imagen en sus redes mientras se&#8230;<\/p>\n","protected":false},"author":3,"featured_media":16217,"comment_status":"closed","ping_status":"closed","sticky":false,"template":"","format":"standard","meta":{"footnotes":""},"categories":[21],"tags":[],"class_list":["post-16216","post","type-post","status-publish","format-standard","has-post-thumbnail","hentry","category-deportes"],"featured_image_urls":{"full":["https:\/\/fmamiga909.com.ar\/wp-content\/uploads\/2024\/11\/wp-header-logo-223.png",960,540,false],"thumbnail":["https:\/\/fmamiga909.com.ar\/wp-content\/uploads\/2024\/11\/wp-header-logo-223-150x150.png",150,150,true],"medium":["https:\/\/fmamiga909.com.ar\/wp-content\/uploads\/2024\/11\/wp-header-logo-223-300x169.png",300,169,true],"medium_large":["https:\/\/fmamiga909.com.ar\/wp-content\/uploads\/2024\/11\/wp-header-logo-223.png",960,540,false],"large":["https:\/\/fmamiga909.com.ar\/wp-content\/uploads\/2024\/11\/wp-header-logo-223.png",640,360,false],"1536x1536":["https:\/\/fmamiga909.com.ar\/wp-content\/uploads\/2024\/11\/wp-header-logo-223.png",960,540,false],"2048x2048":["https:\/\/fmamiga909.com.ar\/wp-content\/uploads\/2024\/11\/wp-header-logo-223.png",960,540,false],"newsium-slider-full":["https:\/\/fmamiga909.com.ar\/wp-content\/uploads\/2024\/11\/wp-header-logo-223.png",960,540,false],"newsium-featured":["https:\/\/fmamiga909.com.ar\/wp-content\/uploads\/2024\/11\/wp-header-logo-223.png",960,540,false],"newsium-medium":["https:\/\/fmamiga909.com.ar\/wp-content\/uploads\/2024\/11\/wp-header-logo-223-720x475.png",720,475,true]},"author_info":{"display_name":"Fredy Giuliano","author_link":"https:\/\/fmamiga909.com.ar\/?author=3"},"category_info":"<a href=\"https:\/\/fmamiga909.com.ar\/?cat=21\" rel=\"category\">Deportes<\/a>","tag_info":"Deportes","comment_count":"0","_links":{"self":[{"href":"https:\/\/fmamiga909.com.ar\/index.php?rest_route=\/wp\/v2\/posts\/16216","targetHints":{"allow":["GET"]}}],"collection":[{"href":"https:\/\/fmamiga909.com.ar\/index.php?rest_route=\/wp\/v2\/posts"}],"about":[{"href":"https:\/\/fmamiga909.com.ar\/index.php?rest_route=\/wp\/v2\/types\/post"}],"author":[{"embeddable":true,"href":"https:\/\/fmamiga909.com.ar\/index.php?rest_route=\/wp\/v2\/users\/3"}],"replies":[{"embeddable":true,"href":"https:\/\/fmamiga909.com.ar\/index.php?rest_route=%2Fwp%2Fv2%2Fcomments&post=16216"}],"version-history":[{"count":0,"href":"https:\/\/fmamiga909.com.ar\/index.php?rest_route=\/wp\/v2\/posts\/16216\/revisions"}],"wp:featuredmedia":[{"embeddable":true,"href":"https:\/\/fmamiga909.com.ar\/index.php?rest_route=\/wp\/v2\/media\/16217"}],"wp:attachment":[{"href":"https:\/\/fmamiga909.com.ar\/index.php?rest_route=%2Fwp%2Fv2%2Fmedia&parent=16216"}],"wp:term":[{"taxonomy":"category","embeddable":true,"href":"https:\/\/fmamiga909.com.ar\/index.php?rest_route=%2Fwp%2Fv2%2Fcategories&post=16216"},{"taxonomy":"post_tag","embeddable":true,"href":"https:\/\/fmamiga909.com.ar\/index.php?rest_route=%2Fwp%2Fv2%2Ftags&post=16216"}],"curies":[{"name":"wp","href":"https:\/\/api.w.org\/{rel}","templated":true}]}}