{"id":16236,"date":"2024-11-18T20:24:54","date_gmt":"2024-11-18T20:24:54","guid":{"rendered":"https:\/\/fmamiga909.com.ar\/?p=16236"},"modified":"2024-11-18T20:24:54","modified_gmt":"2024-11-18T20:24:54","slug":"villaverde-el-impasable-numero-2-que-no-salia-en-los-diarios-ni-en-la-tele","status":"publish","type":"post","link":"https:\/\/fmamiga909.com.ar\/?p=16236","title":{"rendered":"Villaverde, el impasable n\u00famero 2 que no sal\u00eda en los diarios ni en la tele"},"content":{"rendered":"<div><!-- Body --><\/p>\n<p>\u201cUno de los mejores defensores centrales m\u00e1s veloces y acertados de nuestro f\u00fatbol: Villaverde. Como contrapartida, se retir\u00f3 sin haber convertido un solo gol en toda su carrera\u201d. As\u00ed defini\u00f3 el \u00abNegro\u00bb Roberto Fontanarrosa a Hugo Villaverde, uno de los m\u00e1ximos \u00eddolos de la historia de Independiente, quien este domingo 17 de noviembre falleci\u00f3 a sus 70 a\u00f1os. El texto se lee en un libro referencial del rosarino:\u00a0<i>No te vayas, campe\u00f3n<\/i>. En la foto, el 2 eterno del Rojo le pelea una pelota a Antonio Alzamendi, un uruguayo que en ese momento tiene la camiseta de River pero que, tambi\u00e9n, jug\u00f3 con el defensor en los &#8217;70 y &#8217;80, la \u00e9poca m\u00e1s memorable de Independiente.  <\/p>\n<p> Viendo esa foto, y viendo a Villaverde y a Alzamendi, un 7 incre\u00edble, los hinchas del Rojo no podemos m\u00e1s que sentir la melancol\u00eda imparable de aquello que fuimos. La muerte de Villaverde nos pone en evidencia, nos deja en offside: cada vez estamos m\u00e1s lejos de aquellos tiempos.  <\/p>\n<div class=\"medium-insert-embeds\">\n<figure><figcaption class=\"\">Villaverde y Alzamendi por la pelota. (Fuente: No te vayas, campe\u00f3n)<\/figcaption><\/figure>\n<\/div>\n<p>Soy de Independiente desde que tengo uso de raz\u00f3n. Crec\u00ed yendo a la cancha con mi viejo y mi padrino a verlo ganar. Eran los &#8217;70, los &#8217;80. Daba igual. Perder era una excepci\u00f3n y empatar, casi nunca. Entonces los equipos no se cambiaban de una temporada a otra. Pod\u00edan irse uno o dos y se incorporaban uno o dos. Pero hab\u00eda jugadores que no se iban. Entre ellos, Ricardo Bochini, Enzo Trossero y Hugo Villaverde. Bochini llevaba la 10 pegada a la espalda, Trossero la 6 y Villaverde la 2. Se sumaban cracks como Claudio Marangoni, Alejandro Barber\u00f3n, Ricardo Giusti o un pibe que ven\u00eda de las inferiores, Jorge Burruchaga.<\/p>\n<p> Trossero y Villaverde eran impasables y campeones. Trossero adem\u00e1s hac\u00eda goles de tiro libre y ten\u00eda unos cojones b\u00e1rbaros. Recuerdo la tarde en la que fuimos campeones del Metro &#8217;84 en la que le peg\u00f3 una pi\u00f1a de nocaut a un barra que salt\u00f3 a la cancha para celebrar antes de tiempo. El rival era Racing y si nos suspend\u00edan pod\u00edan quitarnos los puntos y quedarnos sin el t\u00edtulo. Fue la primera vez que vi algo as\u00ed en una cancha.  <\/p>\n<p> Villaverde era su compa\u00f1ero. Eran una suerte de Han Solo y Chewbacca. Mi pap\u00e1 dec\u00eda que Villaverde era el mejor 2 que hab\u00eda visto. Yo lo recuerdo tir\u00e1ndose al piso y gan\u00e1ndole la pelota a cada rival que se acercaba al \u00e1rea. Era impasable. Nunca m\u00e1s vi a alguien que hiciera lo mismo, con esa calidad. Seguramente lo hubo, pero mis ojos de pibe no me permitieron o no quisieron verlo. Me asombraba que s\u00f3lo sal\u00eda por lesi\u00f3n. Y se lesionaba seguido. No s\u00e9 si es cierto, pero mi viejo me contaba que en Santa Fe hab\u00eda tenido una infancia pobre y que no hab\u00eda comido como se debe. Eso le hab\u00eda provocado la descalcificaci\u00f3n de los huesos, lo que lo llevaba a lesionarse seguido.<\/p>\n<p> Otra cosa que me llamaba la atenci\u00f3n era que no sal\u00eda en los diarios ni en la tele. Y que tampoco lo escuch\u00e1bamos en las transmisiones post partido. Una vez un periodista le cambi\u00f3 una declaraci\u00f3n y decidi\u00f3 no hablar nunca m\u00e1s con la prensa. Cumpli\u00f3 a rajatabla.  <\/p>\n<p> Me gustaba su perfil bajo. Sal\u00eda, jugaba, la romp\u00eda y se iba. No necesitaba las luces para ganarse un lugar. As\u00ed le fue, claro, en la Selecci\u00f3n. Los t\u00e9cnicos de su generaci\u00f3n no le dieron lugar. C\u00e9sar Luis Menotti prefiri\u00f3 a Luis Galv\u00e1n y Carlos Bilardo parec\u00eda tener cierto rechazo por los de Independiente, que entonces le disputaban las finales a uno de los mejores Estudiantes de la historia. Daniel Passarella le gan\u00f3 el puesto a Trossero, por ejemplo. El \u00fanico que pudo consolidarse con Bilardo fue Jorge Burruchaga, a pesar de que tantos la romp\u00edan en ese Independiente inolvidable.<\/p>\n<p> Despu\u00e9s, el paso del tiempo. En el &#8217;89 fuimos campeones. Sin los lujos de a\u00f1os anteriores pero de manera merecida. Otros tiempos, tal vez. Lo que recuerdo de esos a\u00f1os es que todav\u00eda pod\u00edamos seguir siendo, aunque la llama se apagar\u00eda. Tambi\u00e9n me acuerdo de que Villaverde pas\u00f3 a ser suplente de Pedro Monz\u00f3n. Eso hablaba de algo, por m\u00e1s que Monz\u00f3n se convirtiera en referente. Tal vez ah\u00ed, creo, se empez\u00f3 a perder algo en lo que se conoce como \u201cestilo Independiente\u201d, que algunos llaman \u201cpaladar negro\u201d. No hace falta agregar m\u00e1s.<\/p>\n<p> Con Villaverde y Trossero aprend\u00ed que se pod\u00eda ser crack sin necesidad de hacer goles. Se pod\u00eda ser crack jugando con lo justo, sin nada ampuloso. Lo simple, sabemos, a veces es lo m\u00e1s complicado de hacer.  Y agrego algo que no es menor: el Pato Pastoriza era el DT y Pedro Iso el presidente de un Independiente ejemplar.<\/p>\n<p> Con el tiempo, cuando Independiente empez\u00f3 a caer y la mejor historia quedaba cada vez m\u00e1s lejos, empec\u00e9 a estudiar periodismo y pude darme el gusto de entrevistar una vez a Trossero y otra al Bocha para el suplemento deportivo de Cr\u00f3nica. Fui feliz cuando vi mi firma en esas notas que eran tapa de un diario que se vend\u00eda como pan caliente. Yo empezaba en la profesi\u00f3n y quer\u00eda que mis amigos, y en especial mi viejo, vean que hab\u00eda entrevistado a mis \u00eddolos. Siempre me qued\u00f3 pendiente Villaverde. Nunca intent\u00e9 charlar con \u00e9l porque sab\u00eda de su negativa. Hoy me queda la duda de \u201c\u00bfy si lo hubiera intentado?\u201d. Ya est\u00e1.<\/p>\n<p> Tal vez porque aquellas tardes de t\u00edtulos y noches coperas marcaron mi infancia y adolescencia es que ahora recuerdo con m\u00e1s emoci\u00f3n aquellos viejos buenos tiempos. Es cierto que la infancia es la patria de cada uno. Para bien o para mal. Hace poco, en una conferencia de prensa, Gabriel Milito, justamente otro central que estuvo a la altura de esa dupla Villaverde-Trossero, dijo sin vueltas que esos tiempos dorados de un pasado mejor se terminaron: \u201cBochini no juega m\u00e1s, el Chivo Pavoni no juega m\u00e1s, Pep\u00e9 Santoro no juega m\u00e1s, y eso hay que entenderlo como punto de partida. Volver a las bases es volver a las \u00e9pocas de los Gallego\u201d, dijo.<\/p>\n<p> Ojal\u00e1 la muerte de Hugo Villaverde -Magoo, como le dec\u00edan porque era corto de vista- sirva de punto de partida para tomar conciencia de que no se puede vivir de la historia. Que Villaverde sea la bandera de la resurrecci\u00f3n del Rojo.<\/p>\n<p><!-- Live Blog Post --><\/div>\n<p><a href=\"https:\/\/www.pagina12.com.ar\/783596-villaverde-el-impasable-numero-2-que-no-salia-en-los-diarios\">source<\/a><\/p>\n","protected":false},"excerpt":{"rendered":"<p>\u201cUno de los mejores defensores centrales m\u00e1s veloces y acertados de nuestro f\u00fatbol: Villaverde. Como&#8230;<\/p>\n","protected":false},"author":3,"featured_media":16237,"comment_status":"closed","ping_status":"closed","sticky":false,"template":"","format":"standard","meta":{"footnotes":""},"categories":[21],"tags":[],"class_list":["post-16236","post","type-post","status-publish","format-standard","has-post-thumbnail","hentry","category-deportes"],"featured_image_urls":{"full":["https:\/\/fmamiga909.com.ar\/wp-content\/uploads\/2024\/11\/wp-header-logo-233.png",960,540,false],"thumbnail":["https:\/\/fmamiga909.com.ar\/wp-content\/uploads\/2024\/11\/wp-header-logo-233-150x150.png",150,150,true],"medium":["https:\/\/fmamiga909.com.ar\/wp-content\/uploads\/2024\/11\/wp-header-logo-233-300x169.png",300,169,true],"medium_large":["https:\/\/fmamiga909.com.ar\/wp-content\/uploads\/2024\/11\/wp-header-logo-233.png",960,540,false],"large":["https:\/\/fmamiga909.com.ar\/wp-content\/uploads\/2024\/11\/wp-header-logo-233.png",640,360,false],"1536x1536":["https:\/\/fmamiga909.com.ar\/wp-content\/uploads\/2024\/11\/wp-header-logo-233.png",960,540,false],"2048x2048":["https:\/\/fmamiga909.com.ar\/wp-content\/uploads\/2024\/11\/wp-header-logo-233.png",960,540,false],"newsium-slider-full":["https:\/\/fmamiga909.com.ar\/wp-content\/uploads\/2024\/11\/wp-header-logo-233.png",960,540,false],"newsium-featured":["https:\/\/fmamiga909.com.ar\/wp-content\/uploads\/2024\/11\/wp-header-logo-233.png",960,540,false],"newsium-medium":["https:\/\/fmamiga909.com.ar\/wp-content\/uploads\/2024\/11\/wp-header-logo-233-720x475.png",720,475,true]},"author_info":{"display_name":"Fredy Giuliano","author_link":"https:\/\/fmamiga909.com.ar\/?author=3"},"category_info":"<a href=\"https:\/\/fmamiga909.com.ar\/?cat=21\" rel=\"category\">Deportes<\/a>","tag_info":"Deportes","comment_count":"0","_links":{"self":[{"href":"https:\/\/fmamiga909.com.ar\/index.php?rest_route=\/wp\/v2\/posts\/16236","targetHints":{"allow":["GET"]}}],"collection":[{"href":"https:\/\/fmamiga909.com.ar\/index.php?rest_route=\/wp\/v2\/posts"}],"about":[{"href":"https:\/\/fmamiga909.com.ar\/index.php?rest_route=\/wp\/v2\/types\/post"}],"author":[{"embeddable":true,"href":"https:\/\/fmamiga909.com.ar\/index.php?rest_route=\/wp\/v2\/users\/3"}],"replies":[{"embeddable":true,"href":"https:\/\/fmamiga909.com.ar\/index.php?rest_route=%2Fwp%2Fv2%2Fcomments&post=16236"}],"version-history":[{"count":0,"href":"https:\/\/fmamiga909.com.ar\/index.php?rest_route=\/wp\/v2\/posts\/16236\/revisions"}],"wp:featuredmedia":[{"embeddable":true,"href":"https:\/\/fmamiga909.com.ar\/index.php?rest_route=\/wp\/v2\/media\/16237"}],"wp:attachment":[{"href":"https:\/\/fmamiga909.com.ar\/index.php?rest_route=%2Fwp%2Fv2%2Fmedia&parent=16236"}],"wp:term":[{"taxonomy":"category","embeddable":true,"href":"https:\/\/fmamiga909.com.ar\/index.php?rest_route=%2Fwp%2Fv2%2Fcategories&post=16236"},{"taxonomy":"post_tag","embeddable":true,"href":"https:\/\/fmamiga909.com.ar\/index.php?rest_route=%2Fwp%2Fv2%2Ftags&post=16236"}],"curies":[{"name":"wp","href":"https:\/\/api.w.org\/{rel}","templated":true}]}}