{"id":16238,"date":"2024-11-18T20:32:50","date_gmt":"2024-11-18T20:32:50","guid":{"rendered":"https:\/\/fmamiga909.com.ar\/?p=16238"},"modified":"2024-11-18T20:32:50","modified_gmt":"2024-11-18T20:32:50","slug":"arrancan-las-finales-de-la-copa-davis-2024-con-rafa-nadal","status":"publish","type":"post","link":"https:\/\/fmamiga909.com.ar\/?p=16238","title":{"rendered":"Arrancan las Finales de la Copa Davis 2024 con Rafa Nadal"},"content":{"rendered":"<div><!-- Body --><\/p>\n<p>Con la participaci\u00f3n de la Argentina -debuta el jueves- y el espa\u00f1ol <b>Rafael Nadal <\/b>como protagonista absoluto, las <b>Finales de la Copa Davis <\/b>se pondr\u00e1n en marcha este martes en M\u00e1laga con la serie de cuartos de final entre los locales y Pa\u00edses Bajos. La cosa arrancar\u00e1<b> a las 13 (hora argentina) y se podr\u00e1 seguir por TyC Sports y DSports<\/b>.<\/p>\n<p><b>\u00abNo estoy aqu\u00ed para retirarme. Estoy para ayudar al equipo\u00bb<\/b>, subray\u00f3 Nadal, de 38 a\u00f1os, quien este lunes tuvo un peloteo bastante formal contra <b>Carlos Alcaraz<\/b>, primera raqueta del equipo, y sue\u00f1a con jugar alg\u00fan singles adem\u00e1s del dobles junto al joven maravilla.<\/p>\n<p>Las series de cuartos constan de tres puntos, dos singles y el dobles en el medio; los vencedores avanzan a semis y as\u00ed hasta la <b>final del domingo 24<\/b>.<\/p>\n<p>El ganador de Espa\u00f1a-Pa\u00edses Bajos ir\u00e1 contra el de Canad\u00e1-Alemania (a partir de ma\u00f1ana desde las 8), mientras que del otro lado est\u00e1n Estados Unidos-Australia e<b> Italia-Argentina (desde el jueves a las 8 y 13, respectivamente).<\/b><\/p>\n<p>Hay mucha expectativa por estos lares con el regreso de Argentina a las Finales. Capitaneada por Guillermo Coria, tiene a los singlistas <b>Seba B\u00e1ez, Fran Cer\u00fando y Tom\u00e1s Etcheverry<\/b>, y los doblistas <b>M\u00e1ximo Gonz\u00e1lez y Andr\u00e9s Molteni<\/b>.<\/p>\n<p>En Italia, mientras tanto, <b>es un misterio si se presentar\u00e1 el n\u00famero uno del mundo, Jannik Sinner,<\/b> quien viene de ganar el ATP Finals en Tur\u00edn y podr\u00eda bajarse de la Copa. A Sinner lo secundan <b>Lorenzo Musetti y\u00a0 Matteo Berrettini<\/b> y, como si el nivel de los singlistas fuera poco, el capit\u00e1n Filippo Volandri tambi\u00e9n convoc\u00f3 a una dupla de primer nivel, Andrea Vavassori y Simone Bolelli.<\/p>\n<p><!-- Live Blog Post --><\/div>\n<p><a href=\"https:\/\/www.pagina12.com.ar\/783595-arrancan-las-finales-de-la-copa-davis-2024-con-rafa-nadal\">source<\/a><\/p>\n","protected":false},"excerpt":{"rendered":"<p>Con la participaci\u00f3n de la Argentina -debuta el jueves- y el espa\u00f1ol Rafael Nadal como&#8230;<\/p>\n","protected":false},"author":3,"featured_media":16239,"comment_status":"closed","ping_status":"closed","sticky":false,"template":"","format":"standard","meta":{"footnotes":""},"categories":[21],"tags":[],"class_list":["post-16238","post","type-post","status-publish","format-standard","has-post-thumbnail","hentry","category-deportes"],"featured_image_urls":{"full":["https:\/\/fmamiga909.com.ar\/wp-content\/uploads\/2024\/11\/wp-header-logo-234.png",960,540,false],"thumbnail":["https:\/\/fmamiga909.com.ar\/wp-content\/uploads\/2024\/11\/wp-header-logo-234-150x150.png",150,150,true],"medium":["https:\/\/fmamiga909.com.ar\/wp-content\/uploads\/2024\/11\/wp-header-logo-234-300x169.png",300,169,true],"medium_large":["https:\/\/fmamiga909.com.ar\/wp-content\/uploads\/2024\/11\/wp-header-logo-234.png",960,540,false],"large":["https:\/\/fmamiga909.com.ar\/wp-content\/uploads\/2024\/11\/wp-header-logo-234.png",640,360,false],"1536x1536":["https:\/\/fmamiga909.com.ar\/wp-content\/uploads\/2024\/11\/wp-header-logo-234.png",960,540,false],"2048x2048":["https:\/\/fmamiga909.com.ar\/wp-content\/uploads\/2024\/11\/wp-header-logo-234.png",960,540,false],"newsium-slider-full":["https:\/\/fmamiga909.com.ar\/wp-content\/uploads\/2024\/11\/wp-header-logo-234.png",960,540,false],"newsium-featured":["https:\/\/fmamiga909.com.ar\/wp-content\/uploads\/2024\/11\/wp-header-logo-234.png",960,540,false],"newsium-medium":["https:\/\/fmamiga909.com.ar\/wp-content\/uploads\/2024\/11\/wp-header-logo-234-720x475.png",720,475,true]},"author_info":{"display_name":"Fredy Giuliano","author_link":"https:\/\/fmamiga909.com.ar\/?author=3"},"category_info":"<a href=\"https:\/\/fmamiga909.com.ar\/?cat=21\" rel=\"category\">Deportes<\/a>","tag_info":"Deportes","comment_count":"0","_links":{"self":[{"href":"https:\/\/fmamiga909.com.ar\/index.php?rest_route=\/wp\/v2\/posts\/16238","targetHints":{"allow":["GET"]}}],"collection":[{"href":"https:\/\/fmamiga909.com.ar\/index.php?rest_route=\/wp\/v2\/posts"}],"about":[{"href":"https:\/\/fmamiga909.com.ar\/index.php?rest_route=\/wp\/v2\/types\/post"}],"author":[{"embeddable":true,"href":"https:\/\/fmamiga909.com.ar\/index.php?rest_route=\/wp\/v2\/users\/3"}],"replies":[{"embeddable":true,"href":"https:\/\/fmamiga909.com.ar\/index.php?rest_route=%2Fwp%2Fv2%2Fcomments&post=16238"}],"version-history":[{"count":0,"href":"https:\/\/fmamiga909.com.ar\/index.php?rest_route=\/wp\/v2\/posts\/16238\/revisions"}],"wp:featuredmedia":[{"embeddable":true,"href":"https:\/\/fmamiga909.com.ar\/index.php?rest_route=\/wp\/v2\/media\/16239"}],"wp:attachment":[{"href":"https:\/\/fmamiga909.com.ar\/index.php?rest_route=%2Fwp%2Fv2%2Fmedia&parent=16238"}],"wp:term":[{"taxonomy":"category","embeddable":true,"href":"https:\/\/fmamiga909.com.ar\/index.php?rest_route=%2Fwp%2Fv2%2Fcategories&post=16238"},{"taxonomy":"post_tag","embeddable":true,"href":"https:\/\/fmamiga909.com.ar\/index.php?rest_route=%2Fwp%2Fv2%2Ftags&post=16238"}],"curies":[{"name":"wp","href":"https:\/\/api.w.org\/{rel}","templated":true}]}}