{"id":16279,"date":"2024-11-20T12:05:57","date_gmt":"2024-11-20T12:05:57","guid":{"rendered":"https:\/\/fmamiga909.com.ar\/agustin-calleri-de-cara-a-la-copa-davis-la-serie-con-italia-es-muy-abierta\/"},"modified":"2024-11-20T12:05:57","modified_gmt":"2024-11-20T12:05:57","slug":"agustin-calleri-de-cara-a-la-copa-davis-la-serie-con-italia-es-muy-abierta","status":"publish","type":"post","link":"https:\/\/fmamiga909.com.ar\/?p=16279","title":{"rendered":"Agust\u00edn Calleri, de cara a la Copa Davis: &quot;La serie con Italia es muy abierta&quot;"},"content":{"rendered":"<div><!-- Body --><\/p>\n<p>El equipo argentino de la <b><a href=\"https:\/\/www.pagina12.com.ar\/tags\/1344-copa-davis\">Copa Davis<\/a>\u00a0<\/b>ya est\u00e1 en M\u00e1laga, Espa\u00f1a, la ciudad en la que afrontar\u00e1 un desaf\u00edo may\u00fasculo: protagonizar\u00e1<b> los cuartos de final, la primera ronda de eliminaci\u00f3n directa en la \u00faltima semana en sede \u00fanica denominada Final 8,<\/b> nada menos que contra el vigente campe\u00f3n <b>Italia<\/b>, que tiene en sus filas al n\u00famero uno del mundo <b><a href=\"https:\/\/www.pagina12.com.ar\/tags\/67190-jannik-sinner\">Jannik Sinner<\/a>, <\/b>flamante <b><a href=\"https:\/\/www.pagina12.com.ar\/783406-atp-finals-sinner-no-tuvo-inconvenientes-ante-fritz-y-se-que\">ganador del Masters en Tur\u00edn.<\/a><\/b><\/p>\n<p><b>La acci\u00f3n comenzar\u00e1 este martes <\/b>y se extender\u00e1 hasta el pr\u00f3ximo domingo en el Palacio de Deportes Jos\u00e9 Mar\u00eda Mart\u00edn Carpena, sobre cancha dura bajo techo:\u00a0<b>Argentina reci\u00e9n se cruzar\u00e1 con los italianos el jueves 21, no antes del mediod\u00eda. <\/b>La serie constar\u00e1 de tres partidos:<b> single 2 contra single 2, single 1 ante single 1 y, para cerrar, el doble, todos al mejor de tres sets. <\/b>El ganador se medir\u00e1, el 22 o el 23 de noviembre, <b>con Estados Unidos o Australia.<\/b><\/p>\n<p>El equipo de <b><a href=\"https:\/\/www.pagina12.com.ar\/tags\/24510-guillermo-coria\">Guillermo Coria<\/a>, que estar\u00eda ante su \u00faltima semana como capit\u00e1n<\/b>, viene de provocar\u00a0<b>un verdadero vendaval en el AO Arena de Manchester<\/b>, el recinto en el que super\u00f3, contra muchos de los pron\u00f3sticos, la fase de grupos de las Finales: entr\u00f3 segundo de su zona y\u00a0<b><a href=\"https:\/\/www.pagina12.com.ar\/767448-milagro-argentino-clasificacion-de-oro-en-la-copa-davis-el-e\">logr\u00f3 la clasificaci\u00f3n a los cuartos de final<\/a>.<\/b><\/p>\n<p><a href=\"https:\/\/www.pagina12.com.ar\/tags\/24055-agustin-calleri\"><b>Agust\u00edn Calleri<\/b><\/a>, presidente de la Asociaci\u00f3n Argentina de Tenis (AAT) en pleno segundo mandato -asumi\u00f3 en 2018 y <b><a href=\"https:\/\/www.pagina12.com.ar\/433421-agustin-calleri-preguntas-y-respuestas-en-torno-al-nuevo-man\">revalid\u00f3 sin elecciones en 2022<\/a><\/b>&#8211; y titular de la delegaci\u00f3n que viaj\u00f3 a M\u00e1laga, <b>atendi\u00f3 a P\u00e1gina\/12 el d\u00eda antes de salir rumbo a Europa para palpitar la participaci\u00f3n de Argentina y analizar, entre otras cosas, el futuro de Coria y la reciente participaci\u00f3n del equipo femenino en la Billie Jean King Cup,<\/b> en la que sufri\u00f3 una ajustada derrota ante Brasil pese a haber tenido el plantel diezmado.<\/p>\n<p><b>\u201cNo lo tomamos como el final del camino.<\/b> Afrontamos una instancia que no jugamos desde 2019; creo que los chicos est\u00e1n muy bien. <b>No lo vemos como un final de nada, m\u00e1s bien al contrario\u201d,<\/b> solt\u00f3 el dirigente en torno a la vivencia en M\u00e1laga, la ciudad en la que atraves\u00f3 su propia experiencia imborrable: en las semifinales de 2003, con Espa\u00f1a en ventaja por 2-1, <b>el cordob\u00e9s le gan\u00f3 al n\u00famero uno del mundo Juan Carlos Ferrero por\u00a06-4, 7-5 y 6-1, casi sin atenuantes<\/b>; m\u00e1s tarde Gast\u00f3n Gaudio claudicar\u00eda ante Carlos Moy\u00e1 en el quinto punto.<\/p>\n<p><b>El equipo argentino del presente tambi\u00e9n se enfrentar\u00e1 al n\u00famero uno del momento<\/b> y Calleri, que era el 16\u00b0 del ranking cuando derrib\u00f3 al Mosquito en su casa, solt\u00f3 su an\u00e1lisis personal:\u00a0<b>\u201cLa serie contra Italia es muy abierta; por m\u00e1s que ellos lo tengan a Sinner creo que la serie es muy jugable. <\/b>Por supuesto que respetamos a Italia como equipo, pero nosotros tambi\u00e9n lo tenemos; <b>hay potencial para ganarle a Italia\u00bb.<\/b><\/p>\n<p><b>\u00bfM\u00e1laga entra en la percepci\u00f3n emocional como una final<\/b>, por tratarse de la semana definitoria? <b>El m\u00e1ximo dirigente de la AAT no lo ve de esa manera:\u00a0<\/b>\u201cEs una semana final pero son los cuartos de final. Es como en el Mundial de f\u00fatbol: pasaste la fase de grupos y ahora est\u00e1s en esta instancia. <b>Se juegan todos los partidos en una semana pero lo tomamos como los cuartos de final\u201d.<\/b><\/p>\n<p><b>El conjunto albiceleste repetir\u00e1 el mismo plantel que sac\u00f3 el pasaje a M\u00e1laga<\/b>, con la derrota ante Canad\u00e1 y las rimbombantes victorias frente a Gran Breta\u00f1a y Finlandia: los singlistas <b>Sebasti\u00e1n B\u00e1ez, Francisco Cer\u00fandolo y Tom\u00e1s Etcheverry, adem\u00e1s de los doblistas M\u00e1ximo Gonz\u00e1lez y Andr\u00e9s Molteni, <\/b>una n\u00f3mina que dej\u00f3 atr\u00e1s, acaso de manera definitiva,\u00a0<b><a href=\"https:\/\/www.pagina12.com.ar\/761273-cronica-de-un-rechazo-zeballos-declino-el-llamado-de-coria-p\">la disputa con el doblista n\u00famero uno del mundo Horacio Zeballos<\/a>, <\/b>marginado por Coria para los Juegos Ol\u00edmpicos de Par\u00eds 2024.<\/p>\n<p><b>Calleri <\/b>conf\u00eda en el armado de la Argentina: \u00abLos chicos son los que entran a la cancha, pero el grupo humano es b\u00e1rbaro: <b>escuchan, preguntan, piden opiniones, son abiertos. Podemos profundizar en el manejo de situaciones deportivas.<\/b> Le sirve mucho hablar con nosotros; <b>estamos para ayudarlos porque no somos s\u00f3lo dirigentes, somos ex jugadores\u201d.<\/b><\/p>\n<h2><b>\u00bfJuega Sinner?<\/b><\/h2>\n<p>Patriarca absoluto del circuito de la ATP, <b>Sinner viene de conquistar el Campeonato de Maestros en Tur\u00edn<\/b> como broche dorado de una temporada en la que gan\u00f3 dos Grand Slams y hasta fue\u00a0<b><a href=\"https:\/\/www.pagina12.com.ar\/761419-jannik-sinner-numero-uno-del-tenis-positivo-en-dos-controles\">absuelto por un pol\u00e9mico doble doping<\/a>. <\/b>Este domingo se impuso en la final ante el estadounidense Taylor Fritz apenas\u00a0<b>cuatro d\u00edas antes del duelo con Argentina. <\/b>En el ecosistema argentino sobrevuela un interrogante: <b>\u00bfestar\u00e1 en condiciones \u00f3ptimas para jugar?<\/b><\/p>\n<p><b>\u201cLa planificaci\u00f3n por la presencia o no de Sinner la va a analizar Guille <\/b>llegado el momento con el cuerpo t\u00e9cnico y con los jugadores mismos. <b>Si juega Sinner es una cosa, si no juega Sinner es otra.<\/b> Creo que lo van a ver una vez que tengan definido si va a jugar\u201d, dijo Calleri, mientras<b> el cuerpo t\u00e9cnico aguarda por saber el estado en el que llegar\u00e1 <\/b>el l\u00edder del listado de la ATP.<b><br \/><\/b><\/p>\n<p>Sin dudas el n\u00famero uno representa un foco importante para el equipo albiceleste: <b>la planificaci\u00f3n cambiar\u00eda de forma sustancial en torno a una eventual ausencia o, <\/b>en otro orden, con el partido en desarrollo si es que no se encuentra al cien por cien desde lo f\u00edsico.<b> \u00abNo hace falta decir nada de Sinner, le vamos a dar pelea si es que juega, pero tienen otros dos singlistas parejos <\/b>como nosotros: cualquiera de los tres puede ser single uno\u00bb, hab\u00eda deslizado Coria.<\/p>\n<h2><b>Qu\u00e9 tiene Italia<br \/><\/b><\/h2>\n<p><b><br \/>Italia, el vigente campe\u00f3n del mundo, gan\u00f3 las tres series en la fase de grupos<\/b> que disput\u00f3 como local en el Unipol Arena de Bologna. <b>Lo hizo sin Sinner. <\/b>Se impuso en las tres eliminatorias del grupo A por 2-1: <b>Brasil, B\u00e9lgica y Pa\u00edses Bajos. <\/b>La figura del plantel comandado por Filippo Volandri <b>fue Matteo Berrettini<\/b>, actual 35\u00b0 del ranking pero con el nivel que supo mostrar cuando <b>lleg\u00f3 a ser el 6\u00b0 y alcanz\u00f3 la final de Wimbledon.<\/b><\/p>\n<p>Con el regreso de Sinner el conjunto europeo tendr\u00e1 plantel completo:<b>\u00a0los singlistas Berrettini<\/b> -en la n\u00f3mina final reemplaz\u00f3 a\u00a0Flavio Cobolli- y\u00a0<b>Lorenzo Musetti (17\u00b0), <\/b>junto a\u00a0<strong>los doblistas Andrea Vavassori (7\u00b0) y Simone Bolelli (9\u00b0).<\/strong><\/p>\n<h2><b>\u00bfSe va Coria?<\/b><\/h2>\n<p>Muy lejos de estar confirmada su continuidad,<b> lo m\u00e1s probable es que el ciclo de Coria,<\/b> iniciado en 2022 y <b>signado por\u00a0<\/b><b>ciertos desmanejos internos y algunas decisiones fallidas,\u00a0<\/b><b>vaya a finalizar despu\u00e9s de M\u00e1laga, <\/b>en la que que podr\u00eda su \u00faltima semana en la silla del capit\u00e1n.<\/p>\n<p>M\u00e1s all\u00e1 del desgaste de los \u00faltimos tres a\u00f1os, y de <b>ciertos conflictos con los que sigue enganchado pese al presente exitista<\/b> -\u201cNos criticaron con mucha efusividad, incluso mezclando pol\u00edtica con tenis\u00bb-<b>,\u00a0<\/b>todav\u00eda no est\u00e1 hablado: <b>ni los dirigentes de la AAT ni el Mago intercambiaron palabras al respecto, al menos por lo que dicen en p\u00fablico. <\/b>En los pasillos ya merodean algunos nombres para 2025.<\/p>\n<p>Calleri sostuvo que esperar\u00e1n hasta despu\u00e9s de M\u00e1laga para tomar una determinaci\u00f3n: \u201cAhora cuando terminemos en M\u00e1laga hablaremos con Guille para ver qu\u00e9 piensa \u00e9l. <b>No hemos hablado ni mucho menos. <\/b>No hay nada ni pensamos nada.<b> No somos as\u00ed: nos gusta plantearlo despu\u00e9s de una serie, en el caso en que nos diga que no tiene ganas de seguir o analizarlo de otra manera. <\/b>No depende del resultado que siga\u201d.<\/p>\n<h2><b>El equipo femenino<\/b><\/h2>\n<p>El equipo de la <b><a href=\"https:\/\/www.pagina12.com.ar\/tags\/50279-billie-jean-king-cup\">Billie Jean King Cup<\/a><\/b>, ex Fed Cup, <b><a href=\"https:\/\/www.pagina12.com.ar\/783314-argentina-acaricio-la-hazana-en-la-copa-billie-jean-king\">estuvo al borde de la proeza en el cruce ante Brasil en San Pablo<\/a>,<\/b> sobre polvo de ladrillo bajo techo, por los playoffs para conseguir el pasaje a los Qualifiers 2025.<\/p>\n<p>Con las sensibles bajas de<b> Nadia Podoroska (80\u00aa) y Lourdes Carl\u00e9 (95\u00aa) <\/b>-las dos mejores argentinas del ranking-, el conjunto encabezado por la capitana <a href=\"https:\/\/www.pagina12.com.ar\/tags\/31773-mercedes-paz\">Mercedes Paz<\/a><b> <\/b>-en su sexto a\u00f1o consecutivo al frente del plantel- qued\u00f3 a las puertas de la haza\u00f1a. <b>Cay\u00f3 3-2 tras la derrota en el quinto punto de dobles<\/b> de Julia Riera -lesionada en el aductor -y Jazm\u00edn Ortenzi, quien hab\u00eda tenido dos match points en la primera jornada ante la l\u00edder local <b>Beatriz Haddad Maia (17\u00aa; ex 10\u00aa).<\/b><\/p>\n<p>Qued\u00f3 la sensaci\u00f3n de que Argentina estuvo a un punto de la gran gesta y <b>sobrevol\u00f3 cierta falta de compromiso de las dos jugadoras m\u00e1s destacadas ante una oportunidad \u00fanica de volver a la instancia equivalente al Grupo Mundial <\/b>por primera vez desde 2015. \u201cEn la Billie Jean King Cup sabemos que tenemos un equipo competitivo, m\u00e1s all\u00e1 de que esta vez algunas no pudieron viajar\u201d, expres\u00f3 Calleri, confiado en el plantel con vistas al futuro.<\/p>\n<p>Al mismo tiempo justific\u00f3 las bajas: <b>\u201cA fin de a\u00f1o los jugadores llegan cansados, hay lesiones. Es muy dif\u00edcil llegar entero a fin de a\u00f1o. <\/b>Est\u00e1 dentro de las posibilidades que un jugador o una jugadora tengan lesiones. El tenis pasa mucho por las sensaciones: si vos no te sent\u00eds con confianza es mejor darle la posibilidad a otro que se siente mejor.<b> Ellas, y tambi\u00e9n ellos, se tienen que sentir con la libertad de decir: \u2018Che, no estoy para jugar\u2019\u201d. <\/b>Si no est\u00e1s para jugar no pasa nada. Es una sensaci\u00f3n, el tenis es as\u00ed; uno lo vivi\u00f3 y sabe c\u00f3mo es. Tampoco lo pod\u00e9s saber\u2026 Juli (Riera) tuvo un desgarro; <b>Nadia no se sent\u00eda bien, sabemos que quiz\u00e1 a ella le cuesta un poquito m\u00e1s. Confiamos en el equipo que est\u00e1.<\/b> Ellas tienen la libertad de hablar con nosotros en todas las situaciones\u201d.<\/p>\n<p><a href=\"\/cdn-cgi\/l\/email-protection\" class=\"__cf_email__\" data-cfemail=\"2f5f4e424e4349465b4e41406f5f4e4846414e1e1d014c4042014e5d\">[email\u00a0protected]<\/a><\/p>\n<p><!-- Live Blog Post --><\/div>\n<p><a href=\"https:\/\/www.pagina12.com.ar\/783885-agustin-calleri-de-cara-a-la-copa-davis-la-serie-con-italia-\">source<\/a><\/p>\n","protected":false},"excerpt":{"rendered":"<p>El equipo argentino de la Copa Davis\u00a0ya est\u00e1 en M\u00e1laga, Espa\u00f1a, la ciudad en la&#8230;<\/p>\n","protected":false},"author":3,"featured_media":16280,"comment_status":"closed","ping_status":"closed","sticky":false,"template":"","format":"standard","meta":{"footnotes":""},"categories":[21],"tags":[],"class_list":["post-16279","post","type-post","status-publish","format-standard","has-post-thumbnail","hentry","category-deportes"],"featured_image_urls":{"full":["https:\/\/fmamiga909.com.ar\/wp-content\/uploads\/2024\/11\/wp-header-logo-253.png",960,540,false],"thumbnail":["https:\/\/fmamiga909.com.ar\/wp-content\/uploads\/2024\/11\/wp-header-logo-253-150x150.png",150,150,true],"medium":["https:\/\/fmamiga909.com.ar\/wp-content\/uploads\/2024\/11\/wp-header-logo-253-300x169.png",300,169,true],"medium_large":["https:\/\/fmamiga909.com.ar\/wp-content\/uploads\/2024\/11\/wp-header-logo-253.png",960,540,false],"large":["https:\/\/fmamiga909.com.ar\/wp-content\/uploads\/2024\/11\/wp-header-logo-253.png",640,360,false],"1536x1536":["https:\/\/fmamiga909.com.ar\/wp-content\/uploads\/2024\/11\/wp-header-logo-253.png",960,540,false],"2048x2048":["https:\/\/fmamiga909.com.ar\/wp-content\/uploads\/2024\/11\/wp-header-logo-253.png",960,540,false],"newsium-slider-full":["https:\/\/fmamiga909.com.ar\/wp-content\/uploads\/2024\/11\/wp-header-logo-253.png",960,540,false],"newsium-featured":["https:\/\/fmamiga909.com.ar\/wp-content\/uploads\/2024\/11\/wp-header-logo-253.png",960,540,false],"newsium-medium":["https:\/\/fmamiga909.com.ar\/wp-content\/uploads\/2024\/11\/wp-header-logo-253-720x475.png",720,475,true]},"author_info":{"display_name":"Fredy Giuliano","author_link":"https:\/\/fmamiga909.com.ar\/?author=3"},"category_info":"<a href=\"https:\/\/fmamiga909.com.ar\/?cat=21\" rel=\"category\">Deportes<\/a>","tag_info":"Deportes","comment_count":"0","_links":{"self":[{"href":"https:\/\/fmamiga909.com.ar\/index.php?rest_route=\/wp\/v2\/posts\/16279","targetHints":{"allow":["GET"]}}],"collection":[{"href":"https:\/\/fmamiga909.com.ar\/index.php?rest_route=\/wp\/v2\/posts"}],"about":[{"href":"https:\/\/fmamiga909.com.ar\/index.php?rest_route=\/wp\/v2\/types\/post"}],"author":[{"embeddable":true,"href":"https:\/\/fmamiga909.com.ar\/index.php?rest_route=\/wp\/v2\/users\/3"}],"replies":[{"embeddable":true,"href":"https:\/\/fmamiga909.com.ar\/index.php?rest_route=%2Fwp%2Fv2%2Fcomments&post=16279"}],"version-history":[{"count":0,"href":"https:\/\/fmamiga909.com.ar\/index.php?rest_route=\/wp\/v2\/posts\/16279\/revisions"}],"wp:featuredmedia":[{"embeddable":true,"href":"https:\/\/fmamiga909.com.ar\/index.php?rest_route=\/wp\/v2\/media\/16280"}],"wp:attachment":[{"href":"https:\/\/fmamiga909.com.ar\/index.php?rest_route=%2Fwp%2Fv2%2Fmedia&parent=16279"}],"wp:term":[{"taxonomy":"category","embeddable":true,"href":"https:\/\/fmamiga909.com.ar\/index.php?rest_route=%2Fwp%2Fv2%2Fcategories&post=16279"},{"taxonomy":"post_tag","embeddable":true,"href":"https:\/\/fmamiga909.com.ar\/index.php?rest_route=%2Fwp%2Fv2%2Ftags&post=16279"}],"curies":[{"name":"wp","href":"https:\/\/api.w.org\/{rel}","templated":true}]}}