{"id":16345,"date":"2024-11-21T22:37:01","date_gmt":"2024-11-21T22:37:01","guid":{"rendered":"https:\/\/fmamiga909.com.ar\/?p=16345"},"modified":"2024-11-21T22:37:01","modified_gmt":"2024-11-21T22:37:01","slug":"liga-profesional-barracas-y-belgrano-quedaron-a-mano","status":"publish","type":"post","link":"https:\/\/fmamiga909.com.ar\/?p=16345","title":{"rendered":"Liga Profesional: Barracas y Belgrano quedaron a mano"},"content":{"rendered":"<div><!-- Body --><\/p>\n<p><b>Barracas Central y Belgrano de C\u00f3rdoba empataron 1-1<\/b>\u00a0este jueves <b>en<\/b> el estadio de <b>Lan\u00fas<\/b>, por la <b>23\u00aa fecha<\/b> de la <b>Liga Profesional.<\/b> Con las emociones m\u00e1s importantes en la etapa inicial, <b>hubo reparto de puntos<\/b> en el Sur <b>que a ninguno de los dos le sirvi\u00f3\u00a0<\/b>demasiado.<\/p>\n<p><b>En el arranque<\/b> del encuentro, <b>el conjunto de Juan Cruz Real abri\u00f3 el marcador<\/b>:\u00a0 recuper\u00f3 Rol\u00f3n,<b> Vel\u00e1zquez remat\u00f3<\/b> al arco <b>y el rebote le qued\u00f3 servido a Franco Jara para que defina<\/b> ante la salida del arquero Ferrario.<\/p>\n<p>El Pirata era superior a su rival, pero <b>antes del descanso lleg\u00f3 el empate<\/b> del Guapo. Tras una gran acci\u00f3n colectiva, Ruiz toc\u00f3 para<b> Zalazar<\/b>, quien <b>habilit\u00f3 a Rodrigo Ins\u00faa para enviar un centro que Facundo Bruera empuj\u00f3 a la red.<\/b><\/p>\n<p><iframe style=\"border: 0px; position: absolute; top: 0px; left: 0px; height: 100%;\" allowfullscreen=\"\" frameborder=\"0\" src=\"https:\/\/www.youtube.com\/embed\/F1HAdgJL3Gg\"><\/iframe><\/p>\n<p><b>El conjunto de Rub\u00e9n Ins\u00faa mejor\u00f3 en el complemento, pero no le alcanz\u00f3 para sumar de a tres<\/b> y, si bien no iba a poder salir del \u00faltimo puesto de la tabla de posiciones, el empate cort\u00f3 la racha de dos derrotas consecutivas.\u00a0<\/p>\n<p>En la otra vereda, <b>Belgrano de C\u00f3rdoba <\/b>est\u00e1 12\u00ba<b> <\/b>y 17\u00ba <b>en la Tabla Anual<\/b>, donde acumula 45 puntos y\u00a0<b>tiene ocho menos que Independiente<\/b>, por ahora <b>el \u00faltimo<\/b> equipo <b>que ingresar\u00eda a la Copa Sudamericana 2025.<\/b><\/p>\n<p>      <!-- Live Blog Post --><\/div>\n<p><a href=\"https:\/\/www.pagina12.com.ar\/784567-liga-profesional-barracas-y-belgrano-quedaron-a-mano\">source<\/a><\/p>\n","protected":false},"excerpt":{"rendered":"<p>Barracas Central y Belgrano de C\u00f3rdoba empataron 1-1\u00a0este jueves en el estadio de Lan\u00fas, por&#8230;<\/p>\n","protected":false},"author":3,"featured_media":16346,"comment_status":"closed","ping_status":"closed","sticky":false,"template":"","format":"standard","meta":{"footnotes":""},"categories":[21],"tags":[],"class_list":["post-16345","post","type-post","status-publish","format-standard","has-post-thumbnail","hentry","category-deportes"],"featured_image_urls":{"full":["https:\/\/fmamiga909.com.ar\/wp-content\/uploads\/2024\/11\/wp-header-logo-284.png",960,540,false],"thumbnail":["https:\/\/fmamiga909.com.ar\/wp-content\/uploads\/2024\/11\/wp-header-logo-284-150x150.png",150,150,true],"medium":["https:\/\/fmamiga909.com.ar\/wp-content\/uploads\/2024\/11\/wp-header-logo-284-300x169.png",300,169,true],"medium_large":["https:\/\/fmamiga909.com.ar\/wp-content\/uploads\/2024\/11\/wp-header-logo-284.png",960,540,false],"large":["https:\/\/fmamiga909.com.ar\/wp-content\/uploads\/2024\/11\/wp-header-logo-284.png",640,360,false],"1536x1536":["https:\/\/fmamiga909.com.ar\/wp-content\/uploads\/2024\/11\/wp-header-logo-284.png",960,540,false],"2048x2048":["https:\/\/fmamiga909.com.ar\/wp-content\/uploads\/2024\/11\/wp-header-logo-284.png",960,540,false],"newsium-slider-full":["https:\/\/fmamiga909.com.ar\/wp-content\/uploads\/2024\/11\/wp-header-logo-284.png",960,540,false],"newsium-featured":["https:\/\/fmamiga909.com.ar\/wp-content\/uploads\/2024\/11\/wp-header-logo-284.png",960,540,false],"newsium-medium":["https:\/\/fmamiga909.com.ar\/wp-content\/uploads\/2024\/11\/wp-header-logo-284-720x475.png",720,475,true]},"author_info":{"display_name":"Fredy Giuliano","author_link":"https:\/\/fmamiga909.com.ar\/?author=3"},"category_info":"<a href=\"https:\/\/fmamiga909.com.ar\/?cat=21\" rel=\"category\">Deportes<\/a>","tag_info":"Deportes","comment_count":"0","_links":{"self":[{"href":"https:\/\/fmamiga909.com.ar\/index.php?rest_route=\/wp\/v2\/posts\/16345","targetHints":{"allow":["GET"]}}],"collection":[{"href":"https:\/\/fmamiga909.com.ar\/index.php?rest_route=\/wp\/v2\/posts"}],"about":[{"href":"https:\/\/fmamiga909.com.ar\/index.php?rest_route=\/wp\/v2\/types\/post"}],"author":[{"embeddable":true,"href":"https:\/\/fmamiga909.com.ar\/index.php?rest_route=\/wp\/v2\/users\/3"}],"replies":[{"embeddable":true,"href":"https:\/\/fmamiga909.com.ar\/index.php?rest_route=%2Fwp%2Fv2%2Fcomments&post=16345"}],"version-history":[{"count":0,"href":"https:\/\/fmamiga909.com.ar\/index.php?rest_route=\/wp\/v2\/posts\/16345\/revisions"}],"wp:featuredmedia":[{"embeddable":true,"href":"https:\/\/fmamiga909.com.ar\/index.php?rest_route=\/wp\/v2\/media\/16346"}],"wp:attachment":[{"href":"https:\/\/fmamiga909.com.ar\/index.php?rest_route=%2Fwp%2Fv2%2Fmedia&parent=16345"}],"wp:term":[{"taxonomy":"category","embeddable":true,"href":"https:\/\/fmamiga909.com.ar\/index.php?rest_route=%2Fwp%2Fv2%2Fcategories&post=16345"},{"taxonomy":"post_tag","embeddable":true,"href":"https:\/\/fmamiga909.com.ar\/index.php?rest_route=%2Fwp%2Fv2%2Ftags&post=16345"}],"curies":[{"name":"wp","href":"https:\/\/api.w.org\/{rel}","templated":true}]}}