{"id":16502,"date":"2024-11-25T23:22:54","date_gmt":"2024-11-25T23:22:54","guid":{"rendered":"https:\/\/fmamiga909.com.ar\/?p=16502"},"modified":"2024-11-25T23:22:54","modified_gmt":"2024-11-25T23:22:54","slug":"general-motors-regresara-a-la-formula-1","status":"publish","type":"post","link":"https:\/\/fmamiga909.com.ar\/?p=16502","title":{"rendered":"General Motors regresar\u00e1 a la F\u00f3rmula 1"},"content":{"rendered":"<div><!-- Body --><\/p>\n<p>La F\u00f3rmula 1 planea expandirse y ya tiene confirmado un nombre muy pesado: Luego de a\u00f1os de mantener cerrado el n\u00famero de equipo, la m\u00e1xima categor\u00eda acept\u00f3 aumentar el n\u00famero de escuder\u00edas, por lo que confirm\u00f3 un principio de acuerdo con la empresa General Motors (GM) y su marca Cadillac, que tendr\u00eda programado unirse a la F1 en 2026 como el und\u00e9cimo equipo de la parrilla.<\/p>\n<p>   GM participar\u00e1 inicialmente como escuder\u00eda cliente, mientras desarrolla sus propias unidades de potencia, que est\u00e1n previstas para comenzar a funcionar en 2028. Este proyecto, basado en la infraestructura de Michael Andretti en Silverstone, marca la entrada de una marca estadounidense en la F\u00f3rmula 1 tras d\u00e9cadas de ausencia.<\/p>\n<p>   Greg Maffei, CEO saliente de Liberty Media, destac\u00f3 el impacto de esta incorporaci\u00f3n, especialmente en el mercado estadounidense: \u00abDar la bienvenida a Cadillac aportar\u00e1 un valor adicional e inter\u00e9s al deporte\u00bb. Por su parte, Mark Reuss, presidente de GM, calific\u00f3 el ingreso a la F1 como una oportunidad para demostrar la experiencia e innovaci\u00f3n tecnol\u00f3gica de la compa\u00f1\u00eda a nivel global. El camino hacia este acuerdo no fue f\u00e1cil ya que la propuesta inicial de Andretti, respaldada por GM fue rechazada por la F1 en su momento al no considerar que aportara suficiente valor.<\/p>\n<p>   Sin embargo, cambios en la estructura del equipo, con Dan Towriss asumiendo el control, y un mayor compromiso de GM como constructor, lograron finalmente al aval de la FIA y Liberty Media. Debido a los plazos ajustados, GM depender\u00e1 de proveedores externos de motores para las temporadas 2026 y 2027. Ferrari y Honda surgen como las opciones m\u00e1s probables, mientras que se espera que Cadillac introduzca sus propias unidades de potencia en 2028. Adem\u00e1s, la fabrica en Silverstone ya trabaja en el dise\u00f1o del monoplaza con un equipo t\u00e9cnico que incluye a destacados veteranos de la F1.<\/p>\n<p><!-- Live Blog Post --><\/div>\n<p><a href=\"https:\/\/www.pagina12.com.ar\/785587-general-motors-regresara-a-la-formula-1\">source<\/a><\/p>\n","protected":false},"excerpt":{"rendered":"<p>La F\u00f3rmula 1 planea expandirse y ya tiene confirmado un nombre muy pesado: Luego de&#8230;<\/p>\n","protected":false},"author":3,"featured_media":16503,"comment_status":"closed","ping_status":"closed","sticky":false,"template":"","format":"standard","meta":{"footnotes":""},"categories":[21],"tags":[],"class_list":["post-16502","post","type-post","status-publish","format-standard","has-post-thumbnail","hentry","category-deportes"],"featured_image_urls":{"full":["https:\/\/fmamiga909.com.ar\/wp-content\/uploads\/2024\/11\/wp-header-logo-349.png",960,540,false],"thumbnail":["https:\/\/fmamiga909.com.ar\/wp-content\/uploads\/2024\/11\/wp-header-logo-349-150x150.png",150,150,true],"medium":["https:\/\/fmamiga909.com.ar\/wp-content\/uploads\/2024\/11\/wp-header-logo-349-300x169.png",300,169,true],"medium_large":["https:\/\/fmamiga909.com.ar\/wp-content\/uploads\/2024\/11\/wp-header-logo-349.png",960,540,false],"large":["https:\/\/fmamiga909.com.ar\/wp-content\/uploads\/2024\/11\/wp-header-logo-349.png",640,360,false],"1536x1536":["https:\/\/fmamiga909.com.ar\/wp-content\/uploads\/2024\/11\/wp-header-logo-349.png",960,540,false],"2048x2048":["https:\/\/fmamiga909.com.ar\/wp-content\/uploads\/2024\/11\/wp-header-logo-349.png",960,540,false],"newsium-slider-full":["https:\/\/fmamiga909.com.ar\/wp-content\/uploads\/2024\/11\/wp-header-logo-349.png",960,540,false],"newsium-featured":["https:\/\/fmamiga909.com.ar\/wp-content\/uploads\/2024\/11\/wp-header-logo-349.png",960,540,false],"newsium-medium":["https:\/\/fmamiga909.com.ar\/wp-content\/uploads\/2024\/11\/wp-header-logo-349-720x475.png",720,475,true]},"author_info":{"display_name":"Fredy Giuliano","author_link":"https:\/\/fmamiga909.com.ar\/?author=3"},"category_info":"<a href=\"https:\/\/fmamiga909.com.ar\/?cat=21\" rel=\"category\">Deportes<\/a>","tag_info":"Deportes","comment_count":"0","_links":{"self":[{"href":"https:\/\/fmamiga909.com.ar\/index.php?rest_route=\/wp\/v2\/posts\/16502","targetHints":{"allow":["GET"]}}],"collection":[{"href":"https:\/\/fmamiga909.com.ar\/index.php?rest_route=\/wp\/v2\/posts"}],"about":[{"href":"https:\/\/fmamiga909.com.ar\/index.php?rest_route=\/wp\/v2\/types\/post"}],"author":[{"embeddable":true,"href":"https:\/\/fmamiga909.com.ar\/index.php?rest_route=\/wp\/v2\/users\/3"}],"replies":[{"embeddable":true,"href":"https:\/\/fmamiga909.com.ar\/index.php?rest_route=%2Fwp%2Fv2%2Fcomments&post=16502"}],"version-history":[{"count":0,"href":"https:\/\/fmamiga909.com.ar\/index.php?rest_route=\/wp\/v2\/posts\/16502\/revisions"}],"wp:featuredmedia":[{"embeddable":true,"href":"https:\/\/fmamiga909.com.ar\/index.php?rest_route=\/wp\/v2\/media\/16503"}],"wp:attachment":[{"href":"https:\/\/fmamiga909.com.ar\/index.php?rest_route=%2Fwp%2Fv2%2Fmedia&parent=16502"}],"wp:term":[{"taxonomy":"category","embeddable":true,"href":"https:\/\/fmamiga909.com.ar\/index.php?rest_route=%2Fwp%2Fv2%2Fcategories&post=16502"},{"taxonomy":"post_tag","embeddable":true,"href":"https:\/\/fmamiga909.com.ar\/index.php?rest_route=%2Fwp%2Fv2%2Ftags&post=16502"}],"curies":[{"name":"wp","href":"https:\/\/api.w.org\/{rel}","templated":true}]}}