{"id":16516,"date":"2024-11-26T12:56:55","date_gmt":"2024-11-26T12:56:55","guid":{"rendered":"https:\/\/fmamiga909.com.ar\/?p=16516"},"modified":"2024-11-26T12:56:55","modified_gmt":"2024-11-26T12:56:55","slug":"maravilla-martinez-la-carcel-y-las-segundas-oportunidades","status":"publish","type":"post","link":"https:\/\/fmamiga909.com.ar\/?p=16516","title":{"rendered":"\u201cMaravilla\u201d Mart\u00ednez, la c\u00e1rcel y las segundas oportunidades"},"content":{"rendered":"<div><!-- Body --><\/p>\n<p>Anot\u00f3 uno de los goles ante Cruzeiro, se coron\u00f3 goleador y fue la figura del Racing campe\u00f3n de la Copa Sudamericana. Sin embargo, la historia de <b><a href=\"https:\/\/www.pagina12.com.ar\/785138-esto-lo-logramos-entre-todos\">Adri\u00e1n \u201cMaravilla\u201d Mart\u00ednez <\/a><\/b>no estuvo siempre estuvo rodeada de flashes y \u00e9xito: <b>hace unos a\u00f1os, fue preso por error y debi\u00f3 soportar las peores condiciones y humillaciones.\u00a0<\/b><\/p>\n<p>El delantero, de 32 a\u00f1os, nacido en Campana, es una de las razones por las que La Academia se coron\u00f3 campe\u00f3n, el pasado fin de semana, cortando una dura racha de 36 a\u00f1os sin cosechar t\u00edtulos internacionales. Sus diez tantos \u2013uno en la final ante Cruzeiro\u2013 lo convirtieron en el goleador del torneo, con una conquista m\u00e1s que el brasile\u00f1o Yuri Alberto, de Corinthians. \u00ab<strong>Agradecido con Dios y con la vida<\/strong>\u201d, exclam\u00f3 Mart\u00ednez en la conferencia de prensa, postpartido.\u00a0<\/p>\n<p>Esa misma fe, fue la que lo ayud\u00f3 a sobrellevar situaciones l\u00edmite, como cuando fue detenido por error en 2014. <b>Balearon a su hermano Braian y \u00e9l fue arrestado: lo acusaron de haber quemado y robado la casa del agresor.<\/b><\/p>\n<div class=\"iframely-embed medium-embedded-content\" data-html=\"Jmx0O2RpdiZndDsmbHQ7ZGl2IHN0eWxlPSJsZWZ0OiAwOyB3aWR0aDogMTAwJTsgaGVpZ2h0OiAwOyBwb3NpdGlvbjogcmVsYXRpdmU7IHBhZGRpbmctYm90dG9tOiA1Ni4wNDE3JTsiJmd0OyZsdDtpZnJhbWUgc3JjPSIvL2Nkbi5pZnJhbWUubHkvYXBpL2lmcmFtZT9jbGlja190b19wbGF5PTEmYW1wO3VybD1odHRwcyUzQSUyRiUyRmdlby5kYWlseW1vdGlvbi5jb20lMkZwbGF5ZXIlMkZ4dDVlZS5odG1sJTNGdmlkZW8lM0R4OTlyeTE2JmFtcDtrZXk9Mjg0ZDZiNDkyOTM0NjY2Mjc0NTYzZTNlMWE2N2NhZGQiIHN0eWxlPSJ0b3A6IDA7IGxlZnQ6IDA7IHdpZHRoOiAxMDAlOyBoZWlnaHQ6IDEwMCU7IHBvc2l0aW9uOiBhYnNvbHV0ZTsgYm9yZGVyOiAwOyIgYWxsb3dmdWxsc2NyZWVuIHNjcm9sbGluZz0ibm8iIGFsbG93PSJlbmNyeXB0ZWQtbWVkaWEgKjsiJmd0OyZsdDsvaWZyYW1lJmd0OyZsdDsvZGl2Jmd0OyZsdDsvZGl2Jmd0OyZsdDtkaXYgY2xhc3M9Im1lZGl1bS1pbnNlcnQtZW1iZWRzLW1ldGEiJmd0OyZsdDtzY3JpcHQgdHlwZT0idGV4dC9qc29uIiZndDt7InVybCI6Imh0dHBzOi8vZ2VvLmRhaWx5bW90aW9uLmNvbS9wbGF5ZXIveHQ1ZWUuaHRtbD92aWRlbz14OTlyeTE2IiwidHlwZSI6InZpZGVvIiwidmVyc2lvbiI6IjEuMCIsInRpdGxlIjoiUG9yIHF1w6kgZXN0dXZvIHByZXNvIGVsIGp1Z2Fkb3IgZGUgUmFjaW5nIFwiTWFyYXZpbGxhXCIgTWFydMOtbmV6IiwiYXV0aG9yIjoiUMOhZ2luYTEyIiwiYXV0aG9yX3VybCI6Imh0dHBzOi8vd3d3LmRhaWx5bW90aW9uLmNvbS9QYWdpbmExMiIsInByb3ZpZGVyX25hbWUiOiJEYWlseW1vdGlvbiIsImRlc2NyaXB0aW9uIjoiVmVyIFBvciBxdcOpIGVzdHV2byBwcmVzbyBlbCBqdWdhZG9yIGRlIFJhY2luZyBcIk1hcmF2aWxsYVwiIE1hcnTDrW5leiAtIFDDoWdpbmExMiBlbiBEYWlseW1vdGlvbiIsInRodW1ibmFpbF91cmwiOiJodHRwczovL3MyLmRtY2RuLm5ldC92L1hRYjhBMWRISE9YNzFnM1hxL3g3MjAiLCJ0aHVtYm5haWxfd2lkdGgiOjEyODAsInRodW1ibmFpbF9oZWlnaHQiOjcyMCwiY2FjaGVfYWdlIjo4NjQwMH0mbHQ7L3NjcmlwdCZndDsmbHQ7L2RpdiZndDs=\">\n                <a data-iframely-url=\"\" href=\"https:\/\/geo.dailymotion.com\/player\/xt5ee.html?video=x99ry16\">https:\/\/geo.dailymotion.com\/player\/xt5ee.html?video=x99ry16<\/a>\n              <\/div>\n<p>\u00abCaigo preso por un incendio en una casa, pero yo no fui. Y como estaba todo medio armado la causa, <b>me pusieron incentivaci\u00f3n de incendio, robo agravado, secuestro y uso de arma de guerra.<\/b> Present\u00e9 40 testigos de que no estaba en el lugar, pero me tuve que comer un proceso que dur\u00f3 siete meses\u00bb, relata Maravilla en el cap\u00edtulo 8 de <b><a href=\"https:\/\/www.youtube.com\/watch?v=7ORGg_USxdM\" target=\"_blank\">\u201cHistorias desde Adentro\u00bb<\/a>, un proyecto audiovisual del Comit\u00e9 Nacional para la Prevenci\u00f3n de la Tortura (CNPTA).<\/b><\/p>\n<p>De los siete meses que estuvo privado de su libertad, los primeros 90 d\u00edas permaneci\u00f3 alojado en una celda de aislamiento,\u00a0en condiciones deplorables, con p\u00e9rdidas de agua, colchones en mal estado, conexiones el\u00e9ctricas precarias y malas condiciones de higiene: un estado real de las comisarias que el discurso puramente punitivista -ahora envalentonado con el Gobierno nacional- prefiere omitir. \u00ab<b>Estuve 90 d\u00edas en buzones, que es tipo castigo. <\/b>Creo que en veintipico de celdas hab\u00eda siete colchones. Todos los otros dorm\u00edamos en chapas. En pleno julio, un dolor en los pulmones. Ahi te ba\u00f1\u00e1s, comes, haces todo junto\u00bb, record\u00f3 el delantero, quien hoy vive un presente impensado por aquellos d\u00edas.\u00a0<\/p>\n<p>Luego Maravilla ampli\u00f3 su mirada y abog\u00f3 por la necesidad de que las personas privadas de la libertad puedan aprender oficios e inclusivo trabajar para tener herramientas una vez que consigan la reinserci\u00f3n social. \u00abQue tengan posibilidad de terminar la escuela pero que puedan estudiar electricidad, alba\u00f1er\u00eda, que hasta puede ser \u00fatil a tu familia. M\u00e1s en esta \u00e9poca de Argentina que no hay trabajo, si sal\u00eds con lo m\u00e1s b\u00e1sico pod\u00e9s rebuscartela\u00bb, coment\u00f3 en el video.\u00a0<\/p>\n<p>As\u00ed como el f\u00fatbol, la vida le dio revancha a \u00abMaravilla\u00bb. Despu\u00e9s de aquella experiencia traum\u00e1tica llegaron las buenas. Siempre de 9; siempre como goleador. Defensores Unidos de Z\u00e1rate, Atlanta, Sol de Am\u00e9rica, Libertad y Cerro Porte\u00f1o (todos de Paraguay), Coritiba (Brasil) e Instituto de C\u00f3rdoba. Hasta enero de 2024, cuando Racing pag\u00f3 dos millones de d\u00f3lares por su pase y le dio la responsabilidad de hacer los goles.<\/p>\n<p><b>Fue un a\u00f1o de altibajos, pero culmin\u00f3 de la mejor manera: coron\u00e1ndose campe\u00f3n de la Sudamericana y con chances de pelear el t\u00edtulo en la Liga Profesional.<\/b> Y como \u00abMaravilla\u00bb es un tipo de fe, pero sobre todo agradecido, ya con la medalla de campe\u00f3n continental, tuvo palabras elogiosas para el DT, Gustavo Costas: \u201cMe pongo contento por Costas. Es una excelente persona. Siempre se esfuerza. Quiere lo mejor para Racing. Te habla de Racing y se le caen las l\u00e1grimas\u201d.\u00a0<\/p>\n<p>Seguramente, Mart\u00ednez no olvidar\u00e1 este 23 de noviembre de 2024. El testimonio que brind\u00f3 al\u00a0<b>Comit\u00e9 Nacional para la Prevenci\u00f3n de la Tortura es una prueba de todo lo que luch\u00f3 y la importancia de las segundas oportunidades.<\/b><\/p>\n<h2>El cap\u00edtulo completo<\/h2>\n<p><iframe style=\"border: 0px; position: absolute; top: 0px; left: 0px; height: 100%;\" allowfullscreen=\"\" frameborder=\"0\" src=\"https:\/\/www.youtube.com\/embed\/7ORGg_USxdM\"><\/iframe><\/p>\n<p>            <!-- Live Blog Post --><\/div>\n<p><a href=\"https:\/\/www.pagina12.com.ar\/785624-maravilla-martinez-la-carcel-y-las-segundas-oportunidades\">source<\/a><\/p>\n","protected":false},"excerpt":{"rendered":"<p>Anot\u00f3 uno de los goles ante Cruzeiro, se coron\u00f3 goleador y fue la figura del&#8230;<\/p>\n","protected":false},"author":3,"featured_media":16517,"comment_status":"closed","ping_status":"closed","sticky":false,"template":"","format":"standard","meta":{"footnotes":""},"categories":[21],"tags":[],"class_list":["post-16516","post","type-post","status-publish","format-standard","has-post-thumbnail","hentry","category-deportes"],"featured_image_urls":{"full":["https:\/\/fmamiga909.com.ar\/wp-content\/uploads\/2024\/11\/wp-header-logo-356.png",960,540,false],"thumbnail":["https:\/\/fmamiga909.com.ar\/wp-content\/uploads\/2024\/11\/wp-header-logo-356-150x150.png",150,150,true],"medium":["https:\/\/fmamiga909.com.ar\/wp-content\/uploads\/2024\/11\/wp-header-logo-356-300x169.png",300,169,true],"medium_large":["https:\/\/fmamiga909.com.ar\/wp-content\/uploads\/2024\/11\/wp-header-logo-356.png",960,540,false],"large":["https:\/\/fmamiga909.com.ar\/wp-content\/uploads\/2024\/11\/wp-header-logo-356.png",640,360,false],"1536x1536":["https:\/\/fmamiga909.com.ar\/wp-content\/uploads\/2024\/11\/wp-header-logo-356.png",960,540,false],"2048x2048":["https:\/\/fmamiga909.com.ar\/wp-content\/uploads\/2024\/11\/wp-header-logo-356.png",960,540,false],"newsium-slider-full":["https:\/\/fmamiga909.com.ar\/wp-content\/uploads\/2024\/11\/wp-header-logo-356.png",960,540,false],"newsium-featured":["https:\/\/fmamiga909.com.ar\/wp-content\/uploads\/2024\/11\/wp-header-logo-356.png",960,540,false],"newsium-medium":["https:\/\/fmamiga909.com.ar\/wp-content\/uploads\/2024\/11\/wp-header-logo-356-720x475.png",720,475,true]},"author_info":{"display_name":"Fredy Giuliano","author_link":"https:\/\/fmamiga909.com.ar\/?author=3"},"category_info":"<a href=\"https:\/\/fmamiga909.com.ar\/?cat=21\" rel=\"category\">Deportes<\/a>","tag_info":"Deportes","comment_count":"0","_links":{"self":[{"href":"https:\/\/fmamiga909.com.ar\/index.php?rest_route=\/wp\/v2\/posts\/16516","targetHints":{"allow":["GET"]}}],"collection":[{"href":"https:\/\/fmamiga909.com.ar\/index.php?rest_route=\/wp\/v2\/posts"}],"about":[{"href":"https:\/\/fmamiga909.com.ar\/index.php?rest_route=\/wp\/v2\/types\/post"}],"author":[{"embeddable":true,"href":"https:\/\/fmamiga909.com.ar\/index.php?rest_route=\/wp\/v2\/users\/3"}],"replies":[{"embeddable":true,"href":"https:\/\/fmamiga909.com.ar\/index.php?rest_route=%2Fwp%2Fv2%2Fcomments&post=16516"}],"version-history":[{"count":0,"href":"https:\/\/fmamiga909.com.ar\/index.php?rest_route=\/wp\/v2\/posts\/16516\/revisions"}],"wp:featuredmedia":[{"embeddable":true,"href":"https:\/\/fmamiga909.com.ar\/index.php?rest_route=\/wp\/v2\/media\/16517"}],"wp:attachment":[{"href":"https:\/\/fmamiga909.com.ar\/index.php?rest_route=%2Fwp%2Fv2%2Fmedia&parent=16516"}],"wp:term":[{"taxonomy":"category","embeddable":true,"href":"https:\/\/fmamiga909.com.ar\/index.php?rest_route=%2Fwp%2Fv2%2Fcategories&post=16516"},{"taxonomy":"post_tag","embeddable":true,"href":"https:\/\/fmamiga909.com.ar\/index.php?rest_route=%2Fwp%2Fv2%2Ftags&post=16516"}],"curies":[{"name":"wp","href":"https:\/\/api.w.org\/{rel}","templated":true}]}}