{"id":16538,"date":"2024-11-26T22:15:52","date_gmt":"2024-11-26T22:15:52","guid":{"rendered":"https:\/\/fmamiga909.com.ar\/?p=16538"},"modified":"2024-11-26T22:15:52","modified_gmt":"2024-11-26T22:15:52","slug":"gustavo-costas-tiene-un-aura-que-lo-hace-ser-ganador","status":"publish","type":"post","link":"https:\/\/fmamiga909.com.ar\/?p=16538","title":{"rendered":"&quot;Gustavo Costas tiene un aura que lo hace ser ganador&quot;"},"content":{"rendered":"<div><!-- Body --><\/p>\n<p> Corre de un lado al otro sin ingresar a la cancha. Salta, llora, grita, se fastidia, increpa a los \u00e1rbitros si no se cobra algo que parece claro a la vista de todos. <b>Gustavo Costas persigue a los rivales sin poder marcarlos, pero nunca les pierde pisada.<\/b> Los goles son un festejo que disparan recuerdos de su \u00e9poca de jugador o m\u00e1s bien se parecen a ese hincha que deja su garganta en la tribuna. <b>En el banco de Racing los partidos se viven as\u00ed: con el term\u00f3metro del fanatismo por los colores<\/b>, pero sin cederle toda la cordura a la adrenalina.  <\/p>\n<p>Acaba de pasar algo hist\u00f3rico y el festejo es interminable: Racing gan\u00f3 un t\u00edtulo internacional despu\u00e9s de 36 a\u00f1os de sequ\u00eda.<b> De la mano de Costas y un plantel que viene dando muestras de buen f\u00fatbol, m\u00e1s del que se acostumbra a ver en estos tiempos, levant\u00f3 la Copa Sudamericana.<\/b> Despu\u00e9s de atravesar ciertos altibajos en el transcurso del a\u00f1o, algo que subray\u00f3 algunas cr\u00edticas por dem\u00e1s, el equipo logr\u00f3 sobreponerse y el entrenador encontr\u00f3 el respaldo necesario para transmitir su energ\u00eda y generar sentido de pertenencia con sus sue\u00f1os.  <\/p>\n<p>\u201cPrimero soy de Racing y despu\u00e9s argentino\u201d, se define Costas, el entrenador que primero es hincha y despu\u00e9s t\u00e9cnico. Su vida est\u00e1 atravesada por el club de Avellaneda. Fue mascota del plantel que dirigi\u00f3 Juan Jos\u00e9 Pizzuti, hizo inferiores y su debut como jugador profesional fue con los colores albicelestes. Su identidad se tall\u00f3 en el Cilindro y eso es algo que no tiene problemas de que se note ni dejarlo claro cada vez que puede. <b>\u201cCostas es el mejor DT de Sudam\u00e9rica, campe\u00f3n en cinco pa\u00edses, y adem\u00e1s sin\u00f3nimo de Racing, todo a favor\u201d, destaca Fernando \u201cTet\u00e9\u201d Quiroz a P\u00e1gina\/12.<\/b><\/p>\n<p>Su estilo aguerrido como jugador lo traslad\u00f3 a su forma de ser entrenador y sin ocultar sus emociones, es que ha edificado un alcance paternal con sus jugadores. Admirador de Pep Guardiola, el Cholo Simeone\u00a0-de quien ha recibido felicitaciones por este logro-, <b>su mayor influencia viene de Alfio Basile. \u00abMi pap\u00e1 futbol\u00edstico\u201d, dice siempre.<\/b> De hecho, parte de la arenga en la final ante Cruzeiro surge del recuerdo de algo que vivi\u00f3 con el Coco en la definici\u00f3n frente a Atlanta en 1985, por el regreso a Primera. <b>\u00abAh\u00ed pens\u00e9 en decirles lo mismo que me dijo el Coco: \u201850 mil almas racinguistas en Asunci\u00f3n. 50 mil almas en el Cilindro. Millones de hinchas en todo el pa\u00eds. Son nueve mil brasile\u00f1os, vayan y p\u00e1senlos por arriba\u2019. Y cumplieron\u00bb.<\/b><\/p>\n<div class=\"medium-insert-embeds\">\n<figure>\n<div class=\"medium-insert-embed\">\n<div align=\"center\">\n<figure role=\"group\" class=\"caption caption-div embedded-entity\"><figcaption>Costas, en sus \u00e9pocas de capit\u00e1n acad\u00e9mico.<\/figcaption><\/figure>\n<\/div><\/div>\n<\/figure>\n<\/div>\n<p>Costas estuvo en todas las etapas. <b>La mayor de las tristezas la tuvo cuando vio al club de sus amores descender a la segunda categor\u00eda, aunque pudo reivindicarse como capit\u00e1n y pieza fundamental en el ascenso de 1985<\/b> y en la obtenci\u00f3n de las Supercopas Sudamericana e Interamericana en 1988. Su nombre ocupa un lugar en el altar de los \u00eddolos y lo que suena como paso siguiente es una posible estatua, aunque recientemente haya declarado en TyC Sports que ese homenaje se lo merece un jugador en particular. <b>\u201cAntes de hacerme una estatua a m\u00ed, h\u00e1gansela a Roger Mart\u00ednez\u00bb. \u00abYo vi c\u00f3mo se sacrific\u00f3 para poder estar en la final. Jug\u00f3 casi enyesado. \u00c9l sali\u00f3 de Tita y es un ejemplo para los chicos del Predio\u00bb<\/b>.<\/p>\n<p>Antes de regresar al cargo de entrenador del equipo que preside V\u00edctor Blanco, hizo algunas experiencias triunfales en <b>Alianza Lima (Per\u00fa), Cerro Porte\u00f1o (Paraguay), Barcelona (Ecuador) e Independiente Santa Fe (Colombia). En cada uno de esos equipos fue campe\u00f3n. <\/b>Aunque este trofeo con Racing es uno de los mayores logros de su carrera y parece cerrar una historia perfecta de amor y fraternidad.<\/p>\n<p><b>\u201cSon pocas las veces que uno puede ver a un hincha entrenador y que dirija al club de tus amores con la energ\u00eda que transmite Gustavo\u2026 Realmente nos tiene a todos pegados al televisor mirando c\u00f3mo empuja, c\u00f3mo gesticula, c\u00f3mo sufre, disfruta o llora en cada circunstancia de partido. <\/b>Es un trabajo insalubre porque lo sufre desmedidamente. Creo que todos los entrenadores sufrimos mucho, pero a lo mejor \u00e9l expres\u00e1ndolo tiene una descarga m\u00e1s sensible y por eso se ve de esa manera\u201d, <b>dice Claudio \u00dabeda, otro emblema de Racing, tambi\u00e9n entrenador, a P\u00e1gina\/12.<\/b><\/p>\n<div class=\"iframely-embed medium-embedded-content\" data-html=\"Jmx0O2RpdiZndDsmbHQ7ZGl2IHN0eWxlPSJsZWZ0OiAwOyB3aWR0aDogMTAwJTsgaGVpZ2h0OiAwOyBwb3NpdGlvbjogcmVsYXRpdmU7IHBhZGRpbmctYm90dG9tOiA3NSU7IiZndDsmbHQ7aWZyYW1lIHNyYz0iLy9jZG4uaWZyYW1lLmx5L2FwaS9pZnJhbWU\/Y2xpY2tfdG9fcGxheT0xJmFtcDt1cmw9aHR0cHMlM0ElMkYlMkZnZW8uZGFpbHltb3Rpb24uY29tJTJGcGxheWVyJTJGeHQ1ZWUuaHRtbCUzRnZpZGVvJTNEeDk5dHZwcSZhbXA7a2V5PTI4NGQ2YjQ5MjkzNDY2NjI3NDU2M2UzZTFhNjdjYWRkIiBzdHlsZT0idG9wOiAwOyBsZWZ0OiAwOyB3aWR0aDogMTAwJTsgaGVpZ2h0OiAxMDAlOyBwb3NpdGlvbjogYWJzb2x1dGU7IGJvcmRlcjogMDsiIGFsbG93ZnVsbHNjcmVlbiBzY3JvbGxpbmc9Im5vIiBhbGxvdz0iZW5jcnlwdGVkLW1lZGlhICo7IiZndDsmbHQ7L2lmcmFtZSZndDsmbHQ7L2RpdiZndDsmbHQ7L2RpdiZndDsmbHQ7ZGl2IGNsYXNzPSJtZWRpdW0taW5zZXJ0LWVtYmVkcy1tZXRhIiZndDsmbHQ7c2NyaXB0IHR5cGU9InRleHQvanNvbiImZ3Q7eyJ1cmwiOiJodHRwczovL2dlby5kYWlseW1vdGlvbi5jb20vcGxheWVyL3h0NWVlLmh0bWw\/dmlkZW89eDk5dHZwcSIsInR5cGUiOiJ2aWRlbyIsInZlcnNpb24iOiIxLjAiLCJ0aXRsZSI6IkdvbGF6byBkZSBDb3N0YXMgYSBDZW50cmFsIEFwZXJ0dXJhIDk0IiwiYXV0aG9yIjoiUMOhZ2luYTEyIiwiYXV0aG9yX3VybCI6Imh0dHBzOi8vd3d3LmRhaWx5bW90aW9uLmNvbS9QYWdpbmExMiIsInByb3ZpZGVyX25hbWUiOiJEYWlseW1vdGlvbiIsImRlc2NyaXB0aW9uIjoiVmVyIEdvbGF6byBkZSBDb3N0YXMgYSBDZW50cmFsIEFwZXJ0dXJhIDk0IC0gUMOhZ2luYTEyIGVuIERhaWx5bW90aW9uIiwidGh1bWJuYWlsX3VybCI6Imh0dHBzOi8vczIuZG1jZG4ubmV0L3YvWFF4QkUxZEhhRmVDMS1jaEMveDcyMCIsInRodW1ibmFpbF93aWR0aCI6OTYwLCJ0aHVtYm5haWxfaGVpZ2h0Ijo3MjAsImNhY2hlX2FnZSI6ODY0MDB9Jmx0Oy9zY3JpcHQmZ3Q7Jmx0Oy9kaXYmZ3Q7\">\n                <a data-iframely-url=\"\" href=\"https:\/\/geo.dailymotion.com\/player\/xt5ee.html?video=x99tvpq\">https:\/\/geo.dailymotion.com\/player\/xt5ee.html?video=x99tvpq<\/a>\n              <\/div>\n<p>Este es su<b> tercer paso por La Academia, cuando parec\u00eda que ya no habr\u00eda m\u00e1s oportunidades para \u00e9l porque el radar de Blanco apuntaba hacia otros nombres,<\/b> lleg\u00f3 el llamado y a finales del a\u00f1o pasado se alist\u00f3 para volver sobre una cuenta pendiente: conseguir un t\u00edtulo con el club que le abri\u00f3 las puertas al f\u00fatbol y con el cual se representa desde su nacimiento. \u201cEs una alegr\u00eda estar en casa de nuevo, te llena de emociones. El que me conoce, sabe lo feliz que estoy. Pens\u00e9 que no iba a tener estas oportunidades en este momento de mi carrera y Dios me regal\u00f3 este desaf\u00edo\u201d, fue lo que dijo ni bien asumi\u00f3.<\/p>\n<p>\u201cEsta copa es un acto de justicia porque Racing realmente mereci\u00f3 ganarla durante todo el proceso de Sudamericana. Tiene un plantel de jerarqu\u00eda e hizo m\u00e9ritos suficientes como para llegar a la final y ganarla\u201d, <b>aporta \u00dabeda <\/b>y un tanto conmovido por la pregunta en la que le toca definir a Costas, luego de un brev\u00edsimo silencio, dice: <b>\u201cFue quien me abri\u00f3 las puertas en Racing en el a\u00f1o \u201995, quien me acompa\u00f1aba y tra\u00eda todos los d\u00edas a los entrenamientos. Hicimos una hermosa relaci\u00f3n que perdur\u00f3 en el tiempo. Es una persona transparente, un ser que contagia e irradia energ\u00eda. Tiene un aura que lo hace ser ganador\u201d.<\/b><\/p>\n<p><i>\u201cTu vida va en el pu\u00f1o\/ caliente como el sol\/ y el cuore est\u00e1 golpeando\/ gol gol gol\u201d,<\/i> escribi\u00f3 <b>Roberto Santoro <\/b>en su poema <i>S\u00ed s\u00ed se\u00f1ores<\/i>, el poeta, militante -desparecido por la dictadura de Jorge Rafael Videla-, <b>hincha de Racing, autor del libro <i>Literatura de la pelota<\/i>.<\/b> En ese grito que se dibuja en los versos de este escritor que alent\u00f3 a La Academia en las buenas y en las malas, se refleja la imagen de Costas, el t\u00e9cnico al que se la va la vida en un solo objetivo: ver sonre\u00edr y festejar a un hincha de Racing.<\/p>\n<p><!-- Live Blog Post --><\/div>\n<p><a href=\"https:\/\/www.pagina12.com.ar\/785817-gustavo-costas-tiene-un-aura-que-lo-hace-ser-ganador\">source<\/a><\/p>\n","protected":false},"excerpt":{"rendered":"<p>Corre de un lado al otro sin ingresar a la cancha. Salta, llora, grita, se&#8230;<\/p>\n","protected":false},"author":3,"featured_media":16539,"comment_status":"closed","ping_status":"closed","sticky":false,"template":"","format":"standard","meta":{"footnotes":""},"categories":[21],"tags":[],"class_list":["post-16538","post","type-post","status-publish","format-standard","has-post-thumbnail","hentry","category-deportes"],"featured_image_urls":{"full":["https:\/\/fmamiga909.com.ar\/wp-content\/uploads\/2024\/11\/wp-header-logo-367.png",960,540,false],"thumbnail":["https:\/\/fmamiga909.com.ar\/wp-content\/uploads\/2024\/11\/wp-header-logo-367-150x150.png",150,150,true],"medium":["https:\/\/fmamiga909.com.ar\/wp-content\/uploads\/2024\/11\/wp-header-logo-367-300x169.png",300,169,true],"medium_large":["https:\/\/fmamiga909.com.ar\/wp-content\/uploads\/2024\/11\/wp-header-logo-367.png",960,540,false],"large":["https:\/\/fmamiga909.com.ar\/wp-content\/uploads\/2024\/11\/wp-header-logo-367.png",640,360,false],"1536x1536":["https:\/\/fmamiga909.com.ar\/wp-content\/uploads\/2024\/11\/wp-header-logo-367.png",960,540,false],"2048x2048":["https:\/\/fmamiga909.com.ar\/wp-content\/uploads\/2024\/11\/wp-header-logo-367.png",960,540,false],"newsium-slider-full":["https:\/\/fmamiga909.com.ar\/wp-content\/uploads\/2024\/11\/wp-header-logo-367.png",960,540,false],"newsium-featured":["https:\/\/fmamiga909.com.ar\/wp-content\/uploads\/2024\/11\/wp-header-logo-367.png",960,540,false],"newsium-medium":["https:\/\/fmamiga909.com.ar\/wp-content\/uploads\/2024\/11\/wp-header-logo-367-720x475.png",720,475,true]},"author_info":{"display_name":"Fredy Giuliano","author_link":"https:\/\/fmamiga909.com.ar\/?author=3"},"category_info":"<a href=\"https:\/\/fmamiga909.com.ar\/?cat=21\" rel=\"category\">Deportes<\/a>","tag_info":"Deportes","comment_count":"0","_links":{"self":[{"href":"https:\/\/fmamiga909.com.ar\/index.php?rest_route=\/wp\/v2\/posts\/16538","targetHints":{"allow":["GET"]}}],"collection":[{"href":"https:\/\/fmamiga909.com.ar\/index.php?rest_route=\/wp\/v2\/posts"}],"about":[{"href":"https:\/\/fmamiga909.com.ar\/index.php?rest_route=\/wp\/v2\/types\/post"}],"author":[{"embeddable":true,"href":"https:\/\/fmamiga909.com.ar\/index.php?rest_route=\/wp\/v2\/users\/3"}],"replies":[{"embeddable":true,"href":"https:\/\/fmamiga909.com.ar\/index.php?rest_route=%2Fwp%2Fv2%2Fcomments&post=16538"}],"version-history":[{"count":0,"href":"https:\/\/fmamiga909.com.ar\/index.php?rest_route=\/wp\/v2\/posts\/16538\/revisions"}],"wp:featuredmedia":[{"embeddable":true,"href":"https:\/\/fmamiga909.com.ar\/index.php?rest_route=\/wp\/v2\/media\/16539"}],"wp:attachment":[{"href":"https:\/\/fmamiga909.com.ar\/index.php?rest_route=%2Fwp%2Fv2%2Fmedia&parent=16538"}],"wp:term":[{"taxonomy":"category","embeddable":true,"href":"https:\/\/fmamiga909.com.ar\/index.php?rest_route=%2Fwp%2Fv2%2Fcategories&post=16538"},{"taxonomy":"post_tag","embeddable":true,"href":"https:\/\/fmamiga909.com.ar\/index.php?rest_route=%2Fwp%2Fv2%2Ftags&post=16538"}],"curies":[{"name":"wp","href":"https:\/\/api.w.org\/{rel}","templated":true}]}}