{"id":16556,"date":"2024-11-27T17:58:57","date_gmt":"2024-11-27T17:58:57","guid":{"rendered":"https:\/\/fmamiga909.com.ar\/?p=16556"},"modified":"2024-11-27T17:58:57","modified_gmt":"2024-11-27T17:58:57","slug":"diego-placente-es-el-sucesor-de-macherano-en-la-seleccion-sub-20","status":"publish","type":"post","link":"https:\/\/fmamiga909.com.ar\/?p=16556","title":{"rendered":"Diego Placente es el sucesor de Macherano en la Selecci\u00f3n Sub 20"},"content":{"rendered":"<div><!-- Body --><\/p>\n<p>Se daba por descontado, pero este mi\u00e9rcoles se dio la confirmaci\u00f3n oficial: luego de la renuncia de Javier Mascherano, que se marcha a Miami para dirigir al Inter de Lionel Messi, la AFA anunci\u00f3 a Diego Placente como el nuevo entrenador de la Selecci\u00f3n Sub20, que hasta el momento ven\u00eda cumpliendo la misma funci\u00f3n en la Sub17 y la Sub15<\/p>\n<p>\u00abDiego Placente es el elegido para hacerse cargo del seleccionado juvenil que participar\u00e1 del pr\u00f3ximo sudamericano de la categor\u00eda en enero. \u00a1\u00c9xitos, Diego!\u00bb, detall\u00f3 la cuenta oficial de la Selecci\u00f3n nacional en las redes sociales.<\/p>\n<p>   El exfutbolista de Argentinos y River trabaja para las divisiones formativas de Argentina desde 2017 y, adem\u00e1s de tener a cargo el equipo Sub 20, tambi\u00e9n continuar\u00e1 desempe\u00f1\u00e1ndose en las otras dos categor\u00edas que ya ven\u00eda dirigiendo. Su primer desaf\u00edo al frente del equipo ser\u00e1 de forma inmediata, ya que tendr\u00e1 que afrontar el Sudamericano Sub20 que se realizar\u00e1 del 23 de enero al 16 de febrero de 2025 en Venezuela.<\/p>\n<p>   En este certamen, el equipo argentino tendr\u00e1 en la fase de grupos a Per\u00fa, Uruguay, Venezuela y Paraguay. Los tres primeros de cada zona avanzar\u00e1n a la Fase Final que repartir\u00e1 los cuatro lugares boletos disponibles para el Mundial de la categor\u00eda, que se llevar\u00e1 a cabo del 27 de septiembre al 19 de octubre de 2025 en Chile.<\/p>\n<p>   Posteriormente, Placente estar\u00e1 con el equipo Sub 17 en el Sudamericano pautado para abril del pr\u00f3ximo a\u00f1o en Colombia, para definir a los clasificados al Mundial de Qatar.<\/p>\n<p>La elecci\u00f3n de Placente se dio horas despu\u00e9s de la salida de Mascherano, que en la tarde del martes fue anunciado como t\u00e9cnico de Inter Miami y se convirti\u00f3 en el sucesor de su compatriota Gerardo \u00abTata\u00bb Martino. De esa manera, el excapit\u00e1n de la Selecci\u00f3n Argentina dirigir\u00e1 a Lionel Messi, Sergio Busquets, Jordi Alba y Luis Su\u00e1rez, que este mi\u00e9rcoles confirm\u00f3 que continuar\u00e1 otra temporada en el conjunto de la Florida.<\/p>\n<p><!-- Live Blog Post --><\/div>\n<p><a href=\"https:\/\/www.pagina12.com.ar\/786021-diego-placente-es-el-sucesor-de-macherano-en-la-seleccion-su\">source<\/a><\/p>\n","protected":false},"excerpt":{"rendered":"<p>Se daba por descontado, pero este mi\u00e9rcoles se dio la confirmaci\u00f3n oficial: luego de la&#8230;<\/p>\n","protected":false},"author":3,"featured_media":16557,"comment_status":"closed","ping_status":"closed","sticky":false,"template":"","format":"standard","meta":{"footnotes":""},"categories":[21],"tags":[],"class_list":["post-16556","post","type-post","status-publish","format-standard","has-post-thumbnail","hentry","category-deportes"],"featured_image_urls":{"full":["https:\/\/fmamiga909.com.ar\/wp-content\/uploads\/2024\/11\/wp-header-logo-376.png",960,540,false],"thumbnail":["https:\/\/fmamiga909.com.ar\/wp-content\/uploads\/2024\/11\/wp-header-logo-376-150x150.png",150,150,true],"medium":["https:\/\/fmamiga909.com.ar\/wp-content\/uploads\/2024\/11\/wp-header-logo-376-300x169.png",300,169,true],"medium_large":["https:\/\/fmamiga909.com.ar\/wp-content\/uploads\/2024\/11\/wp-header-logo-376.png",960,540,false],"large":["https:\/\/fmamiga909.com.ar\/wp-content\/uploads\/2024\/11\/wp-header-logo-376.png",640,360,false],"1536x1536":["https:\/\/fmamiga909.com.ar\/wp-content\/uploads\/2024\/11\/wp-header-logo-376.png",960,540,false],"2048x2048":["https:\/\/fmamiga909.com.ar\/wp-content\/uploads\/2024\/11\/wp-header-logo-376.png",960,540,false],"newsium-slider-full":["https:\/\/fmamiga909.com.ar\/wp-content\/uploads\/2024\/11\/wp-header-logo-376.png",960,540,false],"newsium-featured":["https:\/\/fmamiga909.com.ar\/wp-content\/uploads\/2024\/11\/wp-header-logo-376.png",960,540,false],"newsium-medium":["https:\/\/fmamiga909.com.ar\/wp-content\/uploads\/2024\/11\/wp-header-logo-376-720x475.png",720,475,true]},"author_info":{"display_name":"Fredy Giuliano","author_link":"https:\/\/fmamiga909.com.ar\/?author=3"},"category_info":"<a href=\"https:\/\/fmamiga909.com.ar\/?cat=21\" rel=\"category\">Deportes<\/a>","tag_info":"Deportes","comment_count":"0","_links":{"self":[{"href":"https:\/\/fmamiga909.com.ar\/index.php?rest_route=\/wp\/v2\/posts\/16556","targetHints":{"allow":["GET"]}}],"collection":[{"href":"https:\/\/fmamiga909.com.ar\/index.php?rest_route=\/wp\/v2\/posts"}],"about":[{"href":"https:\/\/fmamiga909.com.ar\/index.php?rest_route=\/wp\/v2\/types\/post"}],"author":[{"embeddable":true,"href":"https:\/\/fmamiga909.com.ar\/index.php?rest_route=\/wp\/v2\/users\/3"}],"replies":[{"embeddable":true,"href":"https:\/\/fmamiga909.com.ar\/index.php?rest_route=%2Fwp%2Fv2%2Fcomments&post=16556"}],"version-history":[{"count":0,"href":"https:\/\/fmamiga909.com.ar\/index.php?rest_route=\/wp\/v2\/posts\/16556\/revisions"}],"wp:featuredmedia":[{"embeddable":true,"href":"https:\/\/fmamiga909.com.ar\/index.php?rest_route=\/wp\/v2\/media\/16557"}],"wp:attachment":[{"href":"https:\/\/fmamiga909.com.ar\/index.php?rest_route=%2Fwp%2Fv2%2Fmedia&parent=16556"}],"wp:term":[{"taxonomy":"category","embeddable":true,"href":"https:\/\/fmamiga909.com.ar\/index.php?rest_route=%2Fwp%2Fv2%2Fcategories&post=16556"},{"taxonomy":"post_tag","embeddable":true,"href":"https:\/\/fmamiga909.com.ar\/index.php?rest_route=%2Fwp%2Fv2%2Ftags&post=16556"}],"curies":[{"name":"wp","href":"https:\/\/api.w.org\/{rel}","templated":true}]}}