{"id":16564,"date":"2024-11-27T22:37:49","date_gmt":"2024-11-27T22:37:49","guid":{"rendered":"https:\/\/fmamiga909.com.ar\/?p=16564"},"modified":"2024-11-27T22:37:49","modified_gmt":"2024-11-27T22:37:49","slug":"que-hay-detras-de-la-foto-de-guardiola-aranado","status":"publish","type":"post","link":"https:\/\/fmamiga909.com.ar\/?p=16564","title":{"rendered":"\u00bfQu\u00e9 hay detr\u00e1s de la foto de Guardiola ara\u00f1ado?"},"content":{"rendered":"<div><!-- Body --><\/p>\n<p>Las im\u00e1genes de<b> Pep Guardiola<\/b> con el rostro y la cabeza lastimada dieron vuelta al mundo, y sorprendieron a propios y ajenos. Luego de aclarar que \u00e9l mismo se las hab\u00eda provocado &#8211; en un momento de nervios -, el entrenador del Manchester City sali\u00f3 a pedir disculpas y alert\u00f3 sobre la importancia de cuidar la salud mental y pedir ayuda en caso de necesitarlo.\u00a0<\/p>\n<p>Todo comenz\u00f3 durante el partido entre el <a href=\"https:\/\/www.pagina12.com.ar\/785849-champions-league-dobletes-de-julian-alvarez-angel-correa-y-r\">Manchester City y el Feyenoord<\/a>, por la Champions League. La sorprendente recuperaci\u00f3n del equipo nerland\u00e9s, logrando un ag\u00f3nico empate 3-3 en el Etihad Stadium tras ir perdiendo 3-0, dej\u00f3 secuelas en el equipo ingl\u00e9s y provoc\u00f3 un ataque de ira en el entrenador Pep Guardiola. El catal\u00e1n apareci\u00f3 en la conferencia de prensa con ara\u00f1azos en la cara, la cabeza y un peque\u00f1o corte en el tabique. Consultado al respecto, Pep dijo: <b>\u201cS\u00ed, me cort\u00e9 usando mis dedos, mis u\u00f1as. \u00bfPor qu\u00e9? Quer\u00eda hacerme da\u00f1o\u201d.<\/b><\/p>\n<p>Algunas horas despu\u00e9s del \u201cincidente\u201d, a trav\u00e9s de la cuenta oficial de Instagram, <b>el entrenador comparti\u00f3 un comunicado en el que se disculp\u00f3 por la situaci\u00f3n.<\/b> \u201cAnoche, al final de una rueda de prensa, me tomaron por sorpresa con una pregunta sobre un rasgu\u00f1o que me hab\u00eda aparecido en la cara y expliqu\u00e9 que una u\u00f1a afilada lo hab\u00eda causado accidentalmente\u201d, expone la primera parte del mensaje.<\/p>\n<p>Y agrega, con mayor profundidad y m\u00e1s all\u00e1 de un simple enojo futbol\u00edstico: \u201cMi respuesta no pretend\u00eda en ning\u00fan caso restarle importancia al grave problema de la autolesi\u00f3n. <b>S\u00e9 que muchas personas tienen problemas de salud mental todos los d\u00edas <\/b>y me gustar\u00eda aprovechar este momento para destacar una de las formas en que las personas pueden buscar ayuda: llamando a la l\u00ednea directa de Samaritans (sitio que brinda apoyo telef\u00f3nico emocional confidencial, las 24 horas del d\u00eda, para personas que experimentan sentimientos de angustia o desesperaci\u00f3n, incluidos aquellos que podr\u00edan llevar al suicidio) o enviando un correo electr\u00f3nico\u201d.<\/p>\n<p><b>El enojo y posterior pedido de disculpas de Guardiola tienen lugar en un momento cr\u00edtico e inusual del City.<\/b> El equipo, uno de los m\u00e1s poderosos y exitosos del mundo, lleva cinco derrotas y un empate en seis partidos. Su pr\u00f3ximo rival, en el marco de la liga local, ser\u00e1 Liverpool, el pr\u00f3ximo domingo, en el estadio de los Diablos Rojos. Liverpool es el l\u00edder de la Premier League, con 31 puntos. El City es el escolta, con 23 unidades.<\/p>\n<p>Pese a este momento de mala racha,<b> el entrenador acaba de renovar por dos a\u00f1os su contrato con Manchester City,<\/b> y afirm\u00f3 que permanecer\u00e1 en el club a\u00fan cuando el club pierda el litigio legal que lo enfrenta con la Premier League por cuestiones econ\u00f3micas.<\/p>\n<p>\u201c\u00bfQu\u00e9 pasar\u00e1 si descendemos? Que estar\u00e9 aqu\u00ed. No s\u00e9 a qu\u00e9 divisi\u00f3n nos mandar\u00e1n, pero al a\u00f1o siguiente subiremos, subiremos, subiremos y volveremos a la Premier League. Lo sab\u00eda antes y lo siento as\u00ed ahora\u201d, dijo el exDT de Barcelona y Bayern M\u00fanich. Si la situaci\u00f3n externa que est\u00e1 padeciendo la instituci\u00f3n repercute dentro del campo de juego, s\u00f3lo el plantel lo sabe. <b>Lo \u00fanico concreto es que el City debe reaccionar pronto<\/b>.<\/p>\n<p><!-- Live Blog Post --><\/div>\n<p><a href=\"https:\/\/www.pagina12.com.ar\/786110-que-hay-detras-de-la-foto-de-guardiola-aranado\">source<\/a><\/p>\n","protected":false},"excerpt":{"rendered":"<p>Las im\u00e1genes de Pep Guardiola con el rostro y la cabeza lastimada dieron vuelta al&#8230;<\/p>\n","protected":false},"author":3,"featured_media":16565,"comment_status":"closed","ping_status":"closed","sticky":false,"template":"","format":"standard","meta":{"footnotes":""},"categories":[21],"tags":[],"class_list":["post-16564","post","type-post","status-publish","format-standard","has-post-thumbnail","hentry","category-deportes"],"featured_image_urls":{"full":["https:\/\/fmamiga909.com.ar\/wp-content\/uploads\/2024\/11\/wp-header-logo-380.png",960,540,false],"thumbnail":["https:\/\/fmamiga909.com.ar\/wp-content\/uploads\/2024\/11\/wp-header-logo-380-150x150.png",150,150,true],"medium":["https:\/\/fmamiga909.com.ar\/wp-content\/uploads\/2024\/11\/wp-header-logo-380-300x169.png",300,169,true],"medium_large":["https:\/\/fmamiga909.com.ar\/wp-content\/uploads\/2024\/11\/wp-header-logo-380.png",960,540,false],"large":["https:\/\/fmamiga909.com.ar\/wp-content\/uploads\/2024\/11\/wp-header-logo-380.png",640,360,false],"1536x1536":["https:\/\/fmamiga909.com.ar\/wp-content\/uploads\/2024\/11\/wp-header-logo-380.png",960,540,false],"2048x2048":["https:\/\/fmamiga909.com.ar\/wp-content\/uploads\/2024\/11\/wp-header-logo-380.png",960,540,false],"newsium-slider-full":["https:\/\/fmamiga909.com.ar\/wp-content\/uploads\/2024\/11\/wp-header-logo-380.png",960,540,false],"newsium-featured":["https:\/\/fmamiga909.com.ar\/wp-content\/uploads\/2024\/11\/wp-header-logo-380.png",960,540,false],"newsium-medium":["https:\/\/fmamiga909.com.ar\/wp-content\/uploads\/2024\/11\/wp-header-logo-380-720x475.png",720,475,true]},"author_info":{"display_name":"Fredy Giuliano","author_link":"https:\/\/fmamiga909.com.ar\/?author=3"},"category_info":"<a href=\"https:\/\/fmamiga909.com.ar\/?cat=21\" rel=\"category\">Deportes<\/a>","tag_info":"Deportes","comment_count":"0","_links":{"self":[{"href":"https:\/\/fmamiga909.com.ar\/index.php?rest_route=\/wp\/v2\/posts\/16564","targetHints":{"allow":["GET"]}}],"collection":[{"href":"https:\/\/fmamiga909.com.ar\/index.php?rest_route=\/wp\/v2\/posts"}],"about":[{"href":"https:\/\/fmamiga909.com.ar\/index.php?rest_route=\/wp\/v2\/types\/post"}],"author":[{"embeddable":true,"href":"https:\/\/fmamiga909.com.ar\/index.php?rest_route=\/wp\/v2\/users\/3"}],"replies":[{"embeddable":true,"href":"https:\/\/fmamiga909.com.ar\/index.php?rest_route=%2Fwp%2Fv2%2Fcomments&post=16564"}],"version-history":[{"count":0,"href":"https:\/\/fmamiga909.com.ar\/index.php?rest_route=\/wp\/v2\/posts\/16564\/revisions"}],"wp:featuredmedia":[{"embeddable":true,"href":"https:\/\/fmamiga909.com.ar\/index.php?rest_route=\/wp\/v2\/media\/16565"}],"wp:attachment":[{"href":"https:\/\/fmamiga909.com.ar\/index.php?rest_route=%2Fwp%2Fv2%2Fmedia&parent=16564"}],"wp:term":[{"taxonomy":"category","embeddable":true,"href":"https:\/\/fmamiga909.com.ar\/index.php?rest_route=%2Fwp%2Fv2%2Fcategories&post=16564"},{"taxonomy":"post_tag","embeddable":true,"href":"https:\/\/fmamiga909.com.ar\/index.php?rest_route=%2Fwp%2Fv2%2Ftags&post=16564"}],"curies":[{"name":"wp","href":"https:\/\/api.w.org\/{rel}","templated":true}]}}