{"id":16628,"date":"2024-11-29T18:48:18","date_gmt":"2024-11-29T18:48:18","guid":{"rendered":"https:\/\/fmamiga909.com.ar\/?p=16628"},"modified":"2024-11-29T18:48:18","modified_gmt":"2024-11-29T18:48:18","slug":"colapinto-eliminado-de-la-clasificacion-sprint-del-gp-de-qatar-de-formula-1-como-salio","status":"publish","type":"post","link":"https:\/\/fmamiga909.com.ar\/?p=16628","title":{"rendered":"Colapinto eliminado de la Clasificaci\u00f3n Sprint del GP de Qatar de F\u00f3rmula 1: \u00bfc\u00f3mo sali\u00f3?\u00a0"},"content":{"rendered":"<div id=\"post-1454\">\n<div class=\"col 2-col\">\n<h2>Colapinto eliminado de la Clasificaci\u00f3n Sprint<\/h2>\n<p>Junto a Checo P\u00e9rez (16), Zhou (19), Ocon (18) y Tsunoda (17), Colapinto qued\u00f3 eliminado de la Clasificaci\u00f3n Sprint. El argentino sali\u00f3 20\u00ba, o sea \u00faltimo, y largar\u00e1 desde el fondo en el Sprint de este s\u00e1bado. Albon avanz\u00f3 a la Q2 en el 15\u00ba puesto.\u00a0<\/p>\n<\/div>\n<\/div>\n<div id=\"post-1430\">\n<div class=\"col 2-col\">\n<h2>\u00bfC\u00f3mo le fue a Colapinto en los Sprint de F\u00f3rmula 2 y 3?<\/h2>\n<p><b>Colapinto lleg\u00f3 a la F\u00f3rmula 3 en 2022. Ese a\u00f1o gan\u00f3 el Sprint de Imola y tambi\u00e9n el de Monza.<\/b> Fue segundo en Budapest y tercero en Spielberg. E<b>n 2023 gan\u00f3 otros dos Sprints: Silverstone y Monza<\/b>. Fue segundo en Sahkir. En 2024, ya en F\u00f3rmula 2, fue tercero en el Sprint de Melbourne y <b>gan\u00f3 el de Imola<\/b>. El piloto argentino de 21 a\u00f1os de edad no solo ha demostrado un gran rendimiento en las carreras principales, sino que los tramos cortos a gran velocidad parecen ser un lugar que le sienta muy c\u00f3modo.<\/p>\n<p>En cuanto la F\u00f3rmula 1 compiti\u00f3 en los Sprints de Estados Unidos y San Pablo: en ambos termin\u00f3 12\u00ba, en el primero perdi\u00f3 dos posiciones con respecto de la Clasificaci\u00f3n y en la segunda los gan\u00f3.<\/p>\n<\/div>\n<\/div>\n<div id=\"post-1400\">\n<div class=\"col 2-col\">\n<h2>Arranc\u00f3 la Clasificaci\u00f3n Sprint<\/h2>\n<p>Los pilotos tienen 12 minutos para quedar entre los 15 mejores. Los 5 peores registros quedar\u00e1n eliminados y largar\u00e1n \u00faltimos en el Sprint.<\/p>\n<\/div>\n<\/div>\n<div id=\"post-1330\">\n<div class=\"col 2-col\">\n<h2>\u00bfA qu\u00e9 hora vuelve a correr Colapinto?<\/h2>\n<p>El piloto argentino volver\u00e1 a salir a la pista desde las 14:30 para la Clasificaci\u00f3n Sprint, donde se determinar\u00e1 el orden de salida del Sprint que se realizar\u00e1 el s\u00e1bado a partir de las 11:00.<\/p>\n<\/div>\n<\/div>\n<div id=\"post-1300\">\n<div class=\"col 2-col\">\n<h2>El homenaje de Colapinto a la selecci\u00f3n argentina: as\u00ed es el casco para el GP de Qatar<\/h2>\n<p><b>Franco Colapinto<\/b> vuelve a la acci\u00f3n este fin de semana en el <b>Circuito Internacional de Lusail<\/b>. Precisamente, a 11 kil\u00f3metros de la pista, se ubica el estadio donde el 18 de diciembre de 2022 la <b>selecci\u00f3n argentina<\/b> gan\u00f3 el <b>Mundial de Qatar<\/b>. Como no pod\u00eda ser de otra manera, el piloto de Pilar le rendir\u00e1 homenaje a los campeones y <a href=\"https:\/\/www.pagina12.com.ar\/786424-el-homenaje-de-colapinto-a-la-seleccion-argentina-asi-es-el-\">correr\u00e1 con un casco especial<\/a>, como lo hizo con Carlos \u00abLole\u00bb Reutemann aquella vez en los Gran Premio de M\u00e9xico y Brasil.<\/p>\n<div class=\"iframely-embed medium-embedded-content\" data-html=\"Jmx0O2RpdiZndDsmbHQ7ZGl2IHN0eWxlPSJsZWZ0OiAwOyB3aWR0aDogMTAwJTsgaGVpZ2h0OiAwOyBwb3NpdGlvbjogcmVsYXRpdmU7IHBhZGRpbmctYm90dG9tOiA1Ni4wNDE3JTsiJmd0OyZsdDtpZnJhbWUgc3JjPSIvL2Nkbi5pZnJhbWUubHkvYXBpL2lmcmFtZT9jbGlja190b19wbGF5PTEmYW1wO3VybD1odHRwcyUzQSUyRiUyRmdlby5kYWlseW1vdGlvbi5jb20lMkZwbGF5ZXIlMkZ4dDVlZS5odG1sJTNGdmlkZW8lM0R4OTl5bGM0JmFtcDtrZXk9Mjg0ZDZiNDkyOTM0NjY2Mjc0NTYzZTNlMWE2N2NhZGQiIHN0eWxlPSJ0b3A6IDA7IGxlZnQ6IDA7IHdpZHRoOiAxMDAlOyBoZWlnaHQ6IDEwMCU7IHBvc2l0aW9uOiBhYnNvbHV0ZTsgYm9yZGVyOiAwOyIgYWxsb3dmdWxsc2NyZWVuIHNjcm9sbGluZz0ibm8iIGFsbG93PSJlbmNyeXB0ZWQtbWVkaWEgKjsiJmd0OyZsdDsvaWZyYW1lJmd0OyZsdDsvZGl2Jmd0OyZsdDsvZGl2Jmd0OyZsdDtkaXYgY2xhc3M9Im1lZGl1bS1pbnNlcnQtZW1iZWRzLW1ldGEiJmd0OyZsdDtzY3JpcHQgdHlwZT0idGV4dC9qc29uIiZndDt7InVybCI6Imh0dHBzOi8vZ2VvLmRhaWx5bW90aW9uLmNvbS9wbGF5ZXIveHQ1ZWUuaHRtbD92aWRlbz14OTl5bGM0IiwidHlwZSI6InZpZGVvIiwidmVyc2lvbiI6IjEuMCIsInRpdGxlIjoiRnJhbmNvIENvbGFwaW50byBwcmVzZW50w7MgZWwgY2FzY28gcXVlIHVzYXLDoSBwYXJhIGNvcnJlciBlbiBRYXRhciIsImF1dGhvciI6IlDDoWdpbmExMiIsImF1dGhvcl91cmwiOiJodHRwczovL3d3dy5kYWlseW1vdGlvbi5jb20vUGFnaW5hMTIiLCJwcm92aWRlcl9uYW1lIjoiRGFpbHltb3Rpb24iLCJkZXNjcmlwdGlvbiI6IlZlciBGcmFuY28gQ29sYXBpbnRvIHByZXNlbnTDsyBlbCBjYXNjbyBxdWUgdXNhcsOhIHBhcmEgY29ycmVyIGVuIFFhdGFyIC0gUMOhZ2luYTEyIGVuIERhaWx5bW90aW9uIiwidGh1bWJuYWlsX3VybCI6Imh0dHBzOi8vczEuZG1jZG4ubmV0L3YvWFJtczQxZElTWGpvN2ZvMnEveDcyMCIsInRodW1ibmFpbF93aWR0aCI6MTI4MCwidGh1bWJuYWlsX2hlaWdodCI6NzIwLCJjYWNoZV9hZ2UiOjYwfSZsdDsvc2NyaXB0Jmd0OyZsdDsvZGl2Jmd0Ow==\">\n                <a data-iframely-url=\"\" href=\"https:\/\/geo.dailymotion.com\/player\/xt5ee.html?video=x99ylc4\">https:\/\/geo.dailymotion.com\/player\/xt5ee.html?video=x99ylc4<\/a>\n              <\/div>\n<p><b>\u00abNo pod\u00eda correr en Qatar sin traerles algo especial. Espero que les guste y los represente. Vamos x un buen finde\u00bb<\/b>, public\u00f3 v\u00eda Instagram Colapinto con un video animado de im\u00e1genes que dura poco m\u00e1s de un minuto donde aparecen el casco en cuesti\u00f3n, junto a la Copa del Mundo y, de fondo, el himno nacional argentino.<\/p>\n<\/div>\n<\/div>\n<div id=\"post-1205\">\n<div class=\"col 2-col\">\n<h2>\u00bfC\u00f3mo le fue a Colapinto en la Pr\u00e1ctica libre 1?<\/h2>\n<p><b>Franco Colapinto termin\u00f3 en el 19\u00ba puesto en la \u00fanica Pr\u00e1ctica libre del GP de Qatar de F\u00f3rmula 1<\/b>. Su mejor tiempo fue de\u00a0 1:24.200. El argentino hizo 29 vueltas: solo Charles Leclerc y Carlos Sainz estuvieron m\u00e1s tiempo en la pista, mientras que su compa\u00f1ero Alexander Albon. Liam Lawson y Valterri Bottas hicieron 29 tambi\u00e9n.<\/p>\n<div class=\"medium-insert-embeds\">\n<figure>\n<div class=\"medium-insert-embed\">\n<div align=\"center\">\n<figure role=\"group\" class=\"caption caption-div embedded-entity\"><figcaption>Posiciones de la Pr\u00e1ctica libre 1 del GP de Qatar.<\/figcaption><\/figure>\n<\/div><\/div><figcaption class=\"\"\/><\/figure>\n<\/div>\n<\/div>\n<\/div>\n<div id=\"post-1030\">\n<div class=\"col 2-col\">\n<h2>Arranc\u00f3 la Prueba libre 1<\/h2>\n<p>Los pilotos salen a la pista para lo que ser\u00e1 el Entrenamiento libre 1 del Gran Premio de Qatar.\u00a0<\/p>\n<\/div>\n<\/div>\n<div id=\"post-1015\">\n<div class=\"col 2-col\">\n<h2>Colapinto busca \u00abpelear por la suma de puntos\u00bb<\/h2>\n<p>\u00abEs el \u00faltimo Sprint del calendario, lo que me da un peque\u00f1o tiempo de conocer mejor una nueva pista, pero por otra parte tenemos una oportunidad extra para pelear por la suma de puntos\u00bb, sostuvo <b>Franco Colapinto <\/b>en la previa del GP de Qatar. El argentino suma 5 puntos hasta el momento: 4 por su octavo puesto en Bak\u00fa y otro por su d\u00e9cimo lugar en el GP de Estados Unidos.\u00a0<\/p>\n<\/div>\n<\/div>\n<div id=\"post-1000\">\n<div class=\"col 2-col\">\n<h2>\u00bfQu\u00e9 es el Sprint?<\/h2>\n<p>El <b>Sprint <\/b>es una carrera de 100 kilometros que se disputa antes de la Clasificaci\u00f3n. No tiene parada en boxes (salvo por rotura), deja de lado las estrategias y <b>apunta pura y exclusivamente a la velocidad<\/b>. Los 8 primeros suman puntos para el campeonato, aunque menos de los que entrega la carrera del domingo.<\/p>\n<p>Para determinar el orden de salida del <i>Sprint <\/i>se realiza el <i>shootout<\/i>, la Qualy del Sprint. El sprint shootout es una sesi\u00f3n m\u00e1s corta que la clasificaci\u00f3n tradicional, con la SQ1 de 12 minutos, la SQ2 de 10 minutos y la SQ3 de 8 minutos.<\/p>\n<p>Los equipos tienen que guardar tres juegos de neum\u00e1ticos para usarlos en dicho shootout. Los medios van para la Q1 y la Q2, mientras que para la Q3 se usan los blandos.\u00a0<\/p>\n<h3>\u00bfCu\u00e1ntos puntos da el Sprint en F\u00f3rmula 1?<\/h3>\n<ul>\n<li>Primer clasificado: 8 puntos<\/li>\n<li>Segundo clasificado: 7 puntos<\/li>\n<li>Tercer clasificado: 6 puntos<\/li>\n<li>Cuarto clasificado: 5 puntos<\/li>\n<li>Quinto clasificado: 4 puntos<\/li>\n<li>Sexto clasificado: 3 puntos<\/li>\n<li>S\u00e9ptimo clasificado: 2 puntos<\/li>\n<li>Octavo clasificado: 1 punto\u00a0<\/li>\n<\/ul>\n<\/div>\n<\/div>\n<div id=\"post-0945\">\n<div class=\"col 2-col\">\n<h2>Colapinto asumi\u00f3 que no tendr\u00e1 butaca en 2025<\/h2>\n<p>Tras su participaci\u00f3n en el Gran Premio de Las Vegas y en la previa del fin de semana de la carrera de Qatar, Franco Colapino asumi\u00f3 que no tendr\u00e1 butaca en 2025 en la F\u00f3rmula 1, pero que est\u00e1 abierta la chance de regresar en 2026 o 2027, cuando incluso se sumar\u00e1 el equipo Cadillac.<\/p>\n<p>Luego de otro fin de semana cargado de emociones, con una clasificaci\u00f3n que iba camino a la ilusi\u00f3n, con un accidente que opac\u00f3 todo y que puso en peligro su presencia en la carrera y con una competencia s\u00f3lida en la que creci\u00f3 hasta el decimocuarto lugar luego de partir desde los boxes, Colapinto sum\u00f3 su s\u00e9ptimo GP y ahora s\u00f3lo restan dos para completar la temporada y cerrar esta inesperada etapa de su trayectoria.<\/p>\n<p>En ese contexto, el pilarense se mostr\u00f3 realista en cuanto a sus posibilidades y contento con el apoyo de los hinchas argentinos, a los que calific\u00f3 como muy incondicionales y que lo acompa\u00f1an en los buenos y malos resultados: \u00abVolveremos en el futuro, en 2026, 2027, anda a saber cu\u00e1ndo, a disfrutar con los hinchas argentinos que me bancaron en las buenas y en las malas. Son incondicionales, estoy muy feliz de tenerlos. La gente es una locura, a veces parece una cancha de f\u00fatbol. Es algo que yo no hab\u00eda visto nunca en el automovilismo, y creo que no lo hab\u00eda visto nadie\u00bb.<\/p>\n<h3\/><\/div>\n<\/div>\n<p><a href=\"https:\/\/www.pagina12.com.ar\/786527-franco-colapinto-hoy-en-la-practica-libre-y-la-clasificacion\">source<\/a><\/p>\n","protected":false},"excerpt":{"rendered":"<p>Colapinto eliminado de la Clasificaci\u00f3n Sprint Junto a Checo P\u00e9rez (16), Zhou (19), Ocon (18)&#8230;<\/p>\n","protected":false},"author":3,"featured_media":16629,"comment_status":"closed","ping_status":"closed","sticky":false,"template":"","format":"standard","meta":{"footnotes":""},"categories":[21],"tags":[],"class_list":["post-16628","post","type-post","status-publish","format-standard","has-post-thumbnail","hentry","category-deportes"],"featured_image_urls":{"full":["https:\/\/fmamiga909.com.ar\/wp-content\/uploads\/2024\/11\/wp-header-logo-409.png",960,540,false],"thumbnail":["https:\/\/fmamiga909.com.ar\/wp-content\/uploads\/2024\/11\/wp-header-logo-409-150x150.png",150,150,true],"medium":["https:\/\/fmamiga909.com.ar\/wp-content\/uploads\/2024\/11\/wp-header-logo-409-300x169.png",300,169,true],"medium_large":["https:\/\/fmamiga909.com.ar\/wp-content\/uploads\/2024\/11\/wp-header-logo-409.png",960,540,false],"large":["https:\/\/fmamiga909.com.ar\/wp-content\/uploads\/2024\/11\/wp-header-logo-409.png",640,360,false],"1536x1536":["https:\/\/fmamiga909.com.ar\/wp-content\/uploads\/2024\/11\/wp-header-logo-409.png",960,540,false],"2048x2048":["https:\/\/fmamiga909.com.ar\/wp-content\/uploads\/2024\/11\/wp-header-logo-409.png",960,540,false],"newsium-slider-full":["https:\/\/fmamiga909.com.ar\/wp-content\/uploads\/2024\/11\/wp-header-logo-409.png",960,540,false],"newsium-featured":["https:\/\/fmamiga909.com.ar\/wp-content\/uploads\/2024\/11\/wp-header-logo-409.png",960,540,false],"newsium-medium":["https:\/\/fmamiga909.com.ar\/wp-content\/uploads\/2024\/11\/wp-header-logo-409-720x475.png",720,475,true]},"author_info":{"display_name":"Fredy Giuliano","author_link":"https:\/\/fmamiga909.com.ar\/?author=3"},"category_info":"<a href=\"https:\/\/fmamiga909.com.ar\/?cat=21\" rel=\"category\">Deportes<\/a>","tag_info":"Deportes","comment_count":"0","_links":{"self":[{"href":"https:\/\/fmamiga909.com.ar\/index.php?rest_route=\/wp\/v2\/posts\/16628","targetHints":{"allow":["GET"]}}],"collection":[{"href":"https:\/\/fmamiga909.com.ar\/index.php?rest_route=\/wp\/v2\/posts"}],"about":[{"href":"https:\/\/fmamiga909.com.ar\/index.php?rest_route=\/wp\/v2\/types\/post"}],"author":[{"embeddable":true,"href":"https:\/\/fmamiga909.com.ar\/index.php?rest_route=\/wp\/v2\/users\/3"}],"replies":[{"embeddable":true,"href":"https:\/\/fmamiga909.com.ar\/index.php?rest_route=%2Fwp%2Fv2%2Fcomments&post=16628"}],"version-history":[{"count":0,"href":"https:\/\/fmamiga909.com.ar\/index.php?rest_route=\/wp\/v2\/posts\/16628\/revisions"}],"wp:featuredmedia":[{"embeddable":true,"href":"https:\/\/fmamiga909.com.ar\/index.php?rest_route=\/wp\/v2\/media\/16629"}],"wp:attachment":[{"href":"https:\/\/fmamiga909.com.ar\/index.php?rest_route=%2Fwp%2Fv2%2Fmedia&parent=16628"}],"wp:term":[{"taxonomy":"category","embeddable":true,"href":"https:\/\/fmamiga909.com.ar\/index.php?rest_route=%2Fwp%2Fv2%2Fcategories&post=16628"},{"taxonomy":"post_tag","embeddable":true,"href":"https:\/\/fmamiga909.com.ar\/index.php?rest_route=%2Fwp%2Fv2%2Ftags&post=16628"}],"curies":[{"name":"wp","href":"https:\/\/api.w.org\/{rel}","templated":true}]}}