{"id":16630,"date":"2024-11-29T19:38:21","date_gmt":"2024-11-29T19:38:21","guid":{"rendered":"https:\/\/fmamiga909.com.ar\/?p=16630"},"modified":"2024-11-29T19:38:21","modified_gmt":"2024-11-29T19:38:21","slug":"colapinto-eliminado-de-la-clasificacion-sprint-del-gp-de-qatar-de-formula-1-como-salio-hoy","status":"publish","type":"post","link":"https:\/\/fmamiga909.com.ar\/?p=16630","title":{"rendered":"Colapinto eliminado de la Clasificaci\u00f3n Sprint del GP de Qatar de F\u00f3rmula 1: \u00bfc\u00f3mo sali\u00f3 hoy?\u00a0"},"content":{"rendered":"<div id=\"post-1630\">\n<div class=\"col 2-col\">\n<h2>Colapinto: \u00abLas partes viejas que tengo en el auto no ayudan en nada\u00bb<\/h2>\n<p>\u201cNo me sent\u00ed mal. Sent\u00ed que fue una vuelta m\u00e1s o menos buena, ten\u00eda cosas para seguir trabajando y mejorando porque no conozco el circuito, pero estoy muy lejos y todav\u00eda no entiendo bien el por qu\u00e9. Hay que seguir trabajando. <b>Obviamente que la suspensi\u00f3n vieja, todas las partes viejas que tengo en el auto no ayudan en nada<\/b>\u201d, sostuvo Franco Colapinto tras salir \u00faltimo en la Clasificaci\u00f3n del Sprint.\u00a0<\/p>\n<p>Cabe destacar que el piloto argentino us\u00f3 la especificaci\u00f3n antigua en la suspensi\u00f3n delantera tras el fuerte choque que sufri\u00f3 su auto en el GP de Las Vegas del fin de semana pasado.\u00a0<\/p>\n<p>\u201cTengo mucha ida de trompa en curva lenta, en curva de media velocidad, cuando le pido acelerar adelante empieza a patinar y voy muy de trompa. Nos est\u00e1 costando meter velocidad en las curvas, meter buena m\u00ednima que ac\u00e1 es muy importante porque hay curvas muy largas. Nos est\u00e1 costando mucho tener una m\u00ednima alta. <b>Un poco complicado por ahora el fin de semana. Hay que trabajar para tratar de entender qu\u00e9 hacer para ma\u00f1ana, pero definitivamente por ahora complicado<\/b>\u201d, a\u00f1adi\u00f3 el joven de 21 a\u00f1os de edad.\u00a0<\/p>\n<\/div>\n<\/div>\n<div id=\"post-1530\">\n<div class=\"col 2-col\">\n<h2>\u00bfQui\u00e9n es el otro piloto argentino que se ilusiona con llegar a la F\u00f3rmula 1 en 2026?<\/h2>\n<p>La F\u00f3rmula 1 confirm\u00f3 un principio de acuerdo con General Motors (GM) y su marca Cadillac para unirse a la categor\u00eda en 2026 como el und\u00e9cimo equipo, lo que despert\u00f3 la ilusi\u00f3n de otro joven piloto argentino: Nicol\u00e1s Varrone.<\/p>\n<h3\/><\/div>\n<\/div>\n<div id=\"post-1454\">\n<div class=\"col 2-col\">\n<h2>Colapinto eliminado de la Clasificaci\u00f3n Sprint<\/h2>\n<p>Junto a Checo P\u00e9rez (16), Zhou (19), Ocon (18) y Tsunoda (17), Colapinto qued\u00f3 eliminado de la Clasificaci\u00f3n Sprint. El argentino sali\u00f3 20\u00ba, o sea \u00faltimo, y largar\u00e1 desde el fondo en el Sprint de este s\u00e1bado. Albon avanz\u00f3 a la Q2 en el 15\u00ba puesto.\u00a0<\/p>\n<\/div>\n<\/div>\n<div id=\"post-1430\">\n<div class=\"col 2-col\">\n<h2>\u00bfC\u00f3mo le fue a Colapinto en los Sprint de F\u00f3rmula 2 y 3?<\/h2>\n<p><b>Colapinto lleg\u00f3 a la F\u00f3rmula 3 en 2022. Ese a\u00f1o gan\u00f3 el Sprint de Imola y tambi\u00e9n el de Monza.<\/b> Fue segundo en Budapest y tercero en Spielberg. E<b>n 2023 gan\u00f3 otros dos Sprints: Silverstone y Monza<\/b>. Fue segundo en Sahkir. En 2024, ya en F\u00f3rmula 2, fue tercero en el Sprint de Melbourne y <b>gan\u00f3 el de Imola<\/b>. El piloto argentino de 21 a\u00f1os de edad no solo ha demostrado un gran rendimiento en las carreras principales, sino que los tramos cortos a gran velocidad parecen ser un lugar que le sienta muy c\u00f3modo.<\/p>\n<p>En cuanto la F\u00f3rmula 1 compiti\u00f3 en los Sprints de Estados Unidos y San Pablo: en ambos termin\u00f3 12\u00ba, en el primero perdi\u00f3 dos posiciones con respecto de la Clasificaci\u00f3n y en la segunda los gan\u00f3.<\/p>\n<\/div>\n<\/div>\n<div id=\"post-1400\">\n<div class=\"col 2-col\">\n<h2>Arranc\u00f3 la Clasificaci\u00f3n Sprint<\/h2>\n<p>Los pilotos tienen 12 minutos para quedar entre los 15 mejores. Los 5 peores registros quedar\u00e1n eliminados y largar\u00e1n \u00faltimos en el Sprint.<\/p>\n<\/div>\n<\/div>\n<div id=\"post-1330\">\n<div class=\"col 2-col\">\n<h2>\u00bfA qu\u00e9 hora vuelve a correr Colapinto?<\/h2>\n<p>El piloto argentino volver\u00e1 a salir a la pista desde las 14:30 para la Clasificaci\u00f3n Sprint, donde se determinar\u00e1 el orden de salida del Sprint que se realizar\u00e1 el s\u00e1bado a partir de las 11:00.<\/p>\n<\/div>\n<\/div>\n<div id=\"post-1300\">\n<div class=\"col 2-col\">\n<h2>El homenaje de Colapinto a la selecci\u00f3n argentina: as\u00ed es el casco para el GP de Qatar<\/h2>\n<p><b>Franco Colapinto<\/b> vuelve a la acci\u00f3n este fin de semana en el <b>Circuito Internacional de Lusail<\/b>. Precisamente, a 11 kil\u00f3metros de la pista, se ubica el estadio donde el 18 de diciembre de 2022 la <b>selecci\u00f3n argentina<\/b> gan\u00f3 el <b>Mundial de Qatar<\/b>. Como no pod\u00eda ser de otra manera, el piloto de Pilar le rendir\u00e1 homenaje a los campeones y <a href=\"https:\/\/www.pagina12.com.ar\/786424-el-homenaje-de-colapinto-a-la-seleccion-argentina-asi-es-el-\">correr\u00e1 con un casco especial<\/a>, como lo hizo con Carlos \u00abLole\u00bb Reutemann aquella vez en los Gran Premio de M\u00e9xico y Brasil.<\/p>\n<div class=\"iframely-embed medium-embedded-content\" data-html=\"Jmx0O2RpdiZndDsmbHQ7ZGl2IHN0eWxlPSJsZWZ0OiAwOyB3aWR0aDogMTAwJTsgaGVpZ2h0OiAwOyBwb3NpdGlvbjogcmVsYXRpdmU7IHBhZGRpbmctYm90dG9tOiA1Ni4wNDE3JTsiJmd0OyZsdDtpZnJhbWUgc3JjPSIvL2Nkbi5pZnJhbWUubHkvYXBpL2lmcmFtZT9jbGlja190b19wbGF5PTEmYW1wO3VybD1odHRwcyUzQSUyRiUyRmdlby5kYWlseW1vdGlvbi5jb20lMkZwbGF5ZXIlMkZ4dDVlZS5odG1sJTNGdmlkZW8lM0R4OTl5bGM0JmFtcDtrZXk9Mjg0ZDZiNDkyOTM0NjY2Mjc0NTYzZTNlMWE2N2NhZGQiIHN0eWxlPSJ0b3A6IDA7IGxlZnQ6IDA7IHdpZHRoOiAxMDAlOyBoZWlnaHQ6IDEwMCU7IHBvc2l0aW9uOiBhYnNvbHV0ZTsgYm9yZGVyOiAwOyIgYWxsb3dmdWxsc2NyZWVuIHNjcm9sbGluZz0ibm8iIGFsbG93PSJlbmNyeXB0ZWQtbWVkaWEgKjsiJmd0OyZsdDsvaWZyYW1lJmd0OyZsdDsvZGl2Jmd0OyZsdDsvZGl2Jmd0OyZsdDtkaXYgY2xhc3M9Im1lZGl1bS1pbnNlcnQtZW1iZWRzLW1ldGEiJmd0OyZsdDtzY3JpcHQgdHlwZT0idGV4dC9qc29uIiZndDt7InVybCI6Imh0dHBzOi8vZ2VvLmRhaWx5bW90aW9uLmNvbS9wbGF5ZXIveHQ1ZWUuaHRtbD92aWRlbz14OTl5bGM0IiwidHlwZSI6InZpZGVvIiwidmVyc2lvbiI6IjEuMCIsInRpdGxlIjoiRnJhbmNvIENvbGFwaW50byBwcmVzZW50w7MgZWwgY2FzY28gcXVlIHVzYXLDoSBwYXJhIGNvcnJlciBlbiBRYXRhciIsImF1dGhvciI6IlDDoWdpbmExMiIsImF1dGhvcl91cmwiOiJodHRwczovL3d3dy5kYWlseW1vdGlvbi5jb20vUGFnaW5hMTIiLCJwcm92aWRlcl9uYW1lIjoiRGFpbHltb3Rpb24iLCJkZXNjcmlwdGlvbiI6IlZlciBGcmFuY28gQ29sYXBpbnRvIHByZXNlbnTDsyBlbCBjYXNjbyBxdWUgdXNhcsOhIHBhcmEgY29ycmVyIGVuIFFhdGFyIC0gUMOhZ2luYTEyIGVuIERhaWx5bW90aW9uIiwidGh1bWJuYWlsX3VybCI6Imh0dHBzOi8vczEuZG1jZG4ubmV0L3YvWFJtczQxZElTWGpvN2ZvMnEveDcyMCIsInRodW1ibmFpbF93aWR0aCI6MTI4MCwidGh1bWJuYWlsX2hlaWdodCI6NzIwLCJjYWNoZV9hZ2UiOjYwfSZsdDsvc2NyaXB0Jmd0OyZsdDsvZGl2Jmd0Ow==\">\n                <a data-iframely-url=\"\" href=\"https:\/\/geo.dailymotion.com\/player\/xt5ee.html?video=x99ylc4\">https:\/\/geo.dailymotion.com\/player\/xt5ee.html?video=x99ylc4<\/a>\n              <\/div>\n<p><b>\u00abNo pod\u00eda correr en Qatar sin traerles algo especial. Espero que les guste y los represente. Vamos x un buen finde\u00bb<\/b>, public\u00f3 v\u00eda Instagram Colapinto con un video animado de im\u00e1genes que dura poco m\u00e1s de un minuto donde aparecen el casco en cuesti\u00f3n, junto a la Copa del Mundo y, de fondo, el himno nacional argentino.<\/p>\n<\/div>\n<\/div>\n<div id=\"post-1205\">\n<div class=\"col 2-col\">\n<h2>\u00bfC\u00f3mo le fue a Colapinto en la Pr\u00e1ctica libre 1?<\/h2>\n<p><b>Franco Colapinto termin\u00f3 en el 19\u00ba puesto en la \u00fanica Pr\u00e1ctica libre del GP de Qatar de F\u00f3rmula 1<\/b>. Su mejor tiempo fue de\u00a0 1:24.200. El argentino hizo 29 vueltas: solo Charles Leclerc y Carlos Sainz estuvieron m\u00e1s tiempo en la pista, mientras que su compa\u00f1ero Alexander Albon. Liam Lawson y Valterri Bottas hicieron 29 tambi\u00e9n.<\/p>\n<div class=\"medium-insert-embeds\">\n<figure>\n<div class=\"medium-insert-embed\">\n<div align=\"center\">\n<figure role=\"group\" class=\"caption caption-div embedded-entity\"><figcaption>Posiciones de la Pr\u00e1ctica libre 1 del GP de Qatar.<\/figcaption><\/figure>\n<\/div><\/div><figcaption class=\"\"\/><\/figure>\n<\/div>\n<\/div>\n<\/div>\n<div id=\"post-1030\">\n<div class=\"col 2-col\">\n<h2>Arranc\u00f3 la Prueba libre 1<\/h2>\n<p>Los pilotos salen a la pista para lo que ser\u00e1 el Entrenamiento libre 1 del Gran Premio de Qatar.\u00a0<\/p>\n<\/div>\n<\/div>\n<p><a href=\"https:\/\/www.pagina12.com.ar\/786527-franco-colapinto-hoy-en-la-practica-libre-y-la-clasificacion\">source<\/a><\/p>\n","protected":false},"excerpt":{"rendered":"<p>Colapinto: \u00abLas partes viejas que tengo en el auto no ayudan en nada\u00bb \u201cNo me&#8230;<\/p>\n","protected":false},"author":3,"featured_media":16631,"comment_status":"closed","ping_status":"closed","sticky":false,"template":"","format":"standard","meta":{"footnotes":""},"categories":[21],"tags":[],"class_list":["post-16630","post","type-post","status-publish","format-standard","has-post-thumbnail","hentry","category-deportes"],"featured_image_urls":{"full":["https:\/\/fmamiga909.com.ar\/wp-content\/uploads\/2024\/11\/wp-header-logo-410.png",960,540,false],"thumbnail":["https:\/\/fmamiga909.com.ar\/wp-content\/uploads\/2024\/11\/wp-header-logo-410-150x150.png",150,150,true],"medium":["https:\/\/fmamiga909.com.ar\/wp-content\/uploads\/2024\/11\/wp-header-logo-410-300x169.png",300,169,true],"medium_large":["https:\/\/fmamiga909.com.ar\/wp-content\/uploads\/2024\/11\/wp-header-logo-410.png",960,540,false],"large":["https:\/\/fmamiga909.com.ar\/wp-content\/uploads\/2024\/11\/wp-header-logo-410.png",640,360,false],"1536x1536":["https:\/\/fmamiga909.com.ar\/wp-content\/uploads\/2024\/11\/wp-header-logo-410.png",960,540,false],"2048x2048":["https:\/\/fmamiga909.com.ar\/wp-content\/uploads\/2024\/11\/wp-header-logo-410.png",960,540,false],"newsium-slider-full":["https:\/\/fmamiga909.com.ar\/wp-content\/uploads\/2024\/11\/wp-header-logo-410.png",960,540,false],"newsium-featured":["https:\/\/fmamiga909.com.ar\/wp-content\/uploads\/2024\/11\/wp-header-logo-410.png",960,540,false],"newsium-medium":["https:\/\/fmamiga909.com.ar\/wp-content\/uploads\/2024\/11\/wp-header-logo-410-720x475.png",720,475,true]},"author_info":{"display_name":"Fredy Giuliano","author_link":"https:\/\/fmamiga909.com.ar\/?author=3"},"category_info":"<a href=\"https:\/\/fmamiga909.com.ar\/?cat=21\" rel=\"category\">Deportes<\/a>","tag_info":"Deportes","comment_count":"0","_links":{"self":[{"href":"https:\/\/fmamiga909.com.ar\/index.php?rest_route=\/wp\/v2\/posts\/16630","targetHints":{"allow":["GET"]}}],"collection":[{"href":"https:\/\/fmamiga909.com.ar\/index.php?rest_route=\/wp\/v2\/posts"}],"about":[{"href":"https:\/\/fmamiga909.com.ar\/index.php?rest_route=\/wp\/v2\/types\/post"}],"author":[{"embeddable":true,"href":"https:\/\/fmamiga909.com.ar\/index.php?rest_route=\/wp\/v2\/users\/3"}],"replies":[{"embeddable":true,"href":"https:\/\/fmamiga909.com.ar\/index.php?rest_route=%2Fwp%2Fv2%2Fcomments&post=16630"}],"version-history":[{"count":0,"href":"https:\/\/fmamiga909.com.ar\/index.php?rest_route=\/wp\/v2\/posts\/16630\/revisions"}],"wp:featuredmedia":[{"embeddable":true,"href":"https:\/\/fmamiga909.com.ar\/index.php?rest_route=\/wp\/v2\/media\/16631"}],"wp:attachment":[{"href":"https:\/\/fmamiga909.com.ar\/index.php?rest_route=%2Fwp%2Fv2%2Fmedia&parent=16630"}],"wp:term":[{"taxonomy":"category","embeddable":true,"href":"https:\/\/fmamiga909.com.ar\/index.php?rest_route=%2Fwp%2Fv2%2Fcategories&post=16630"},{"taxonomy":"post_tag","embeddable":true,"href":"https:\/\/fmamiga909.com.ar\/index.php?rest_route=%2Fwp%2Fv2%2Ftags&post=16630"}],"curies":[{"name":"wp","href":"https:\/\/api.w.org\/{rel}","templated":true}]}}