{"id":16636,"date":"2024-11-29T22:20:20","date_gmt":"2024-11-29T22:20:20","guid":{"rendered":"https:\/\/fmamiga909.com.ar\/?p=16636"},"modified":"2024-11-29T22:20:20","modified_gmt":"2024-11-29T22:20:20","slug":"liga-profesional-racing-mantiene-viva-la-esperanza-de-un-doblete","status":"publish","type":"post","link":"https:\/\/fmamiga909.com.ar\/?p=16636","title":{"rendered":"Liga Profesional: Racing mantiene viva la esperanza de un &quot;doblete&quot;"},"content":{"rendered":"<div><!-- Body --><\/p>\n<p>Entonado tras obtener un t\u00edtulo internacional luego de 36 a\u00f1os, <b>Racing quiere seguir por el camino de la victoria y visitar\u00e1 este s\u00e1bado a Rosario Central <\/b>en un partido v\u00e1lido por la <b>fecha 25 <\/b>de la <b>Liga Profesional<\/b> <b>con la ilusi\u00f3n de obtener un triunfo que lo deje a dos puntos del l\u00edder V\u00e9lez.<\/b><\/p>\n<p><b>El equipo dirigido por Gustavo Costas viene de consagrarse campe\u00f3n de la Copa Sudamericana <\/b>al ganarle 3-1 al Cruzeiro, y en el certamen local est\u00e1 a cinco unidades de V\u00e9lez, con un partido menos.<\/p>\n<p>En este encuentro ante Rosario Central, <b>el entrenador tendr\u00e1 dos bajas sensibles: los colombianos Juan Fernando Quintero y Roger Mart\u00ednez. <\/b>El ex River fue autorizado para viajar a su pa\u00eds y acompa\u00f1ar a su pareja, que atraviesa un problema de salud; mientras que el delantero tambi\u00e9n viajar\u00e1 a Colombia por motivos personales.<\/p>\n<p>Por su parte, <b>Rosario Central viene de vencer ag\u00f3nicamente 1-0 a Central C\u00f3rdoba <\/b>el pasado lunes en el estadio Madre de Ciudades. <b>Este triunfo signific\u00f3 el primero del ciclo de Ariel Holan<\/b>, que se inici\u00f3 ante Estudiantes en La Plata.<\/p>\n<p>Para este encuentro, el primero del ex entrenador de Independiente en condici\u00f3n de local, <b>Holan deber\u00e1 hacer dos cambios obligados por lesi\u00f3n: Tom\u00e1s O&#8217;Connor por Ignacio Malcorra y Luca Mart\u00ednez Dupuy o Marco Ruben por Enzo Copetti.<\/b><\/p>\n<p>El encuentro se disputar\u00e1 <b>desde las 19.30<\/b> (TV: TNT Sports) <b>en <\/b>el estadio Gigante de <b>Arroyito <\/b>de Rosario.<\/p>\n<h2>El cl\u00e1sico del Sur<\/h2>\n<p>Tambi\u00e9n este s\u00e1bado, <b>en el Florencio Sola<\/b>, habr\u00e1 una <b>nueva edici\u00f3n del cl\u00e1sico del Sur<\/b> de la provincia de Buenos Aires, <b>donde Banfield recibir\u00e1 a Lan\u00fas desde las 19.30<\/b> (TV: ESPN Premium) en un duelo de realidades opuestas.\u00a0\u00a0<\/p>\n<p><b>El equipo dirigido interinamente por el tridente Miguel Hern\u00e1ndez-Julio Barraza-Daniel Bilos\u00a0buscar\u00e1 <\/b>obtener<b> un triunfo<\/b> clave a la espera de la confirmaci\u00f3n de Ariel Broggi como DT, <b>mientras que los conducidos por Ricardo Zielinski siguen so\u00f1ando con entrar a una Copa internacional <\/b>el a\u00f1o que viene.<\/p>\n<h2>Duelo en Alta C\u00f3rdoba<\/h2>\n<p><b>Instituto y Deportivo\u00a0Riestra se enfrentar\u00e1n en Alta C\u00f3rdoba<\/b> este s\u00e1bado <b>a las 21.45\u00a0<\/b>(TV: ESPN Premium)  por la <b>jornada 25<\/b> de la <b>Liga Profesional<\/b>, en un <b>duelo clave<\/b> para ambos <b>con el sue\u00f1o de acercarse a la pr\u00f3xima Copa Sudamericana.\u00a0<\/b><\/p>\n<p><b>Desde la salida de Diego Dabove, el conjunto local estuvo bajo el interinato de la dupla Daniel Jim\u00e9nez-Bruno Martelotto<\/b>, mientras que los dirigidos por Cristian \u00abOgro\u00bb Fabbiani buscar\u00e1n volver a la victoria tras varios encuentros.\u00a0<\/p>\n<h2>Un Tomba en Varela<\/h2>\n<p><b>Godoy Cruz, ya sin el el DT Daniel Oldr\u00e1<\/b> y luego del esc\u00e1ndalo de las apuestas, <b>tendr\u00e1 que visitar<\/b> en Florencio Varela<b> a Defensa y Justicia desde las 21.45<\/b> (TV: TNT Sports), en un <b>partido clave por ingresar a alguna Copa en 2025.\u00a0<\/b><\/p>\n<p>      <!-- Live Blog Post --><\/div>\n<p><a href=\"https:\/\/www.pagina12.com.ar\/786651-liga-profesional-racing-mantiene-viva-la-esperanza-de-un-dob\">source<\/a><\/p>\n","protected":false},"excerpt":{"rendered":"<p>Entonado tras obtener un t\u00edtulo internacional luego de 36 a\u00f1os, Racing quiere seguir por el&#8230;<\/p>\n","protected":false},"author":3,"featured_media":16637,"comment_status":"closed","ping_status":"closed","sticky":false,"template":"","format":"standard","meta":{"footnotes":""},"categories":[21],"tags":[],"class_list":["post-16636","post","type-post","status-publish","format-standard","has-post-thumbnail","hentry","category-deportes"],"featured_image_urls":{"full":["https:\/\/fmamiga909.com.ar\/wp-content\/uploads\/2024\/11\/wp-header-logo-413.png",960,540,false],"thumbnail":["https:\/\/fmamiga909.com.ar\/wp-content\/uploads\/2024\/11\/wp-header-logo-413-150x150.png",150,150,true],"medium":["https:\/\/fmamiga909.com.ar\/wp-content\/uploads\/2024\/11\/wp-header-logo-413-300x169.png",300,169,true],"medium_large":["https:\/\/fmamiga909.com.ar\/wp-content\/uploads\/2024\/11\/wp-header-logo-413.png",960,540,false],"large":["https:\/\/fmamiga909.com.ar\/wp-content\/uploads\/2024\/11\/wp-header-logo-413.png",640,360,false],"1536x1536":["https:\/\/fmamiga909.com.ar\/wp-content\/uploads\/2024\/11\/wp-header-logo-413.png",960,540,false],"2048x2048":["https:\/\/fmamiga909.com.ar\/wp-content\/uploads\/2024\/11\/wp-header-logo-413.png",960,540,false],"newsium-slider-full":["https:\/\/fmamiga909.com.ar\/wp-content\/uploads\/2024\/11\/wp-header-logo-413.png",960,540,false],"newsium-featured":["https:\/\/fmamiga909.com.ar\/wp-content\/uploads\/2024\/11\/wp-header-logo-413.png",960,540,false],"newsium-medium":["https:\/\/fmamiga909.com.ar\/wp-content\/uploads\/2024\/11\/wp-header-logo-413-720x475.png",720,475,true]},"author_info":{"display_name":"Fredy Giuliano","author_link":"https:\/\/fmamiga909.com.ar\/?author=3"},"category_info":"<a href=\"https:\/\/fmamiga909.com.ar\/?cat=21\" rel=\"category\">Deportes<\/a>","tag_info":"Deportes","comment_count":"0","_links":{"self":[{"href":"https:\/\/fmamiga909.com.ar\/index.php?rest_route=\/wp\/v2\/posts\/16636","targetHints":{"allow":["GET"]}}],"collection":[{"href":"https:\/\/fmamiga909.com.ar\/index.php?rest_route=\/wp\/v2\/posts"}],"about":[{"href":"https:\/\/fmamiga909.com.ar\/index.php?rest_route=\/wp\/v2\/types\/post"}],"author":[{"embeddable":true,"href":"https:\/\/fmamiga909.com.ar\/index.php?rest_route=\/wp\/v2\/users\/3"}],"replies":[{"embeddable":true,"href":"https:\/\/fmamiga909.com.ar\/index.php?rest_route=%2Fwp%2Fv2%2Fcomments&post=16636"}],"version-history":[{"count":0,"href":"https:\/\/fmamiga909.com.ar\/index.php?rest_route=\/wp\/v2\/posts\/16636\/revisions"}],"wp:featuredmedia":[{"embeddable":true,"href":"https:\/\/fmamiga909.com.ar\/index.php?rest_route=\/wp\/v2\/media\/16637"}],"wp:attachment":[{"href":"https:\/\/fmamiga909.com.ar\/index.php?rest_route=%2Fwp%2Fv2%2Fmedia&parent=16636"}],"wp:term":[{"taxonomy":"category","embeddable":true,"href":"https:\/\/fmamiga909.com.ar\/index.php?rest_route=%2Fwp%2Fv2%2Fcategories&post=16636"},{"taxonomy":"post_tag","embeddable":true,"href":"https:\/\/fmamiga909.com.ar\/index.php?rest_route=%2Fwp%2Fv2%2Ftags&post=16636"}],"curies":[{"name":"wp","href":"https:\/\/api.w.org\/{rel}","templated":true}]}}