{"id":16638,"date":"2024-11-29T22:23:14","date_gmt":"2024-11-29T22:23:14","guid":{"rendered":"https:\/\/fmamiga909.com.ar\/?p=16638"},"modified":"2024-11-29T22:23:14","modified_gmt":"2024-11-29T22:23:14","slug":"novak-djokovic-de-qatar-a-buenos-aires","status":"publish","type":"post","link":"https:\/\/fmamiga909.com.ar\/?p=16638","title":{"rendered":"Novak Djokovic, de Qatar a Buenos Aires"},"content":{"rendered":"<div><!-- Body --><\/p>\n<p><b>Novak Djokovic <\/b>participar\u00e1 de una exhibici\u00f3n este domingo contra <b>Juan Mart\u00edn Del Potro, <\/b>en un evento denominado <i>El \u00daltimo Desaf\u00edo<\/i>, y que tendr\u00e1 lugar en el estadio Mary Ter\u00e1n de Weiss del Parque Roca a partir de las 17.30, con transmisi\u00f3n de Telef\u00e9 y Disney+. El serbio volver\u00e1 al pa\u00eds 11 a\u00f1os despu\u00e9s de su \u00faltima visita, y ya tiene una serie de actividades programadas antes de saltar al polvo de ladrillo.<\/p>\n<p>El ganador de 24 Grand Slams llega a Buenos Aires proveniente de Qatar, donde estuvo en el Gran Premio de F\u00f3rmula 1 este viernes, y su agenda comenzar\u00e1 este s\u00e1bado. A falta del anuncio oficial, el ex n\u00famero 1 del mundo dar\u00eda su presente en el Estadio M\u00e1s Monumental, para <b>vivir desde adentro el fervor del f\u00fatbol sudamericano <\/b>con la final de la Copa Libertadores entre Atl\u00e9tico Mineiro y Botafogo, que iniciar\u00e1 a las 17 y brindar\u00e1 el \u00faltimo boleto en pugna al S\u00faper Mundial de Clubes 2025.<\/p>\n<p>M\u00e1s tarde, \u00abNole\u00bb asistir\u00e1 a una cena exclusiva junto a Del Potro en el Hotel Hilton de Pilar. All\u00ed, se subastar\u00e1n distintos objetos de ambos tenistas como una raqueta, una camiseta y un par de zapatillas de cada uno. Parte de lo recaudado ser\u00e1 destinado a la <b>Fundaci\u00f3n S\u00ed<\/b>, en apoyo a sus proyectos de inclusi\u00f3n y desarrollo social.<\/p>\n<p>La conferencia de prensa de este domingo tendr\u00e1 la presencia de ambos protagonistas y comenzar\u00e1 a las 11. Esta ser\u00e1 una <b>oportunidad inmejorable<\/b> para escuchar las sensaciones del balc\u00e1nico y del tandilense, antes de reeditar un cruce con mucha historia en el mundo ten\u00edstico.\u00a0<\/p>\n<p>Ambos se midieron en <b>20 ocasiones con solo cuatro victorias del argentino, <\/b>aunque tres de ellas tuvieron un componente especial: lo venci\u00f3 para cerrar la serie y pasar a la final de la Copa Davis 2011; le gan\u00f3 en el duelo por la medalla de bronce de los Juegos Ol\u00edmpicos de Londres, y repiti\u00f3 resultado en su presentaci\u00f3n en los Juegos de R\u00edo 2016 (perdi\u00f3 la final con Andy Murray).<\/p>\n<p>Djokovic, de 37 a\u00f1os, y Del Potro, <b>ex n\u00famero 3 del mundo,<\/b> saltar\u00e1n a la cancha desde las 17.30, aunque la jornada se iniciar\u00e1 desde temprano. Una hora despu\u00e9s del comienzo de la rueda de prensa, se abrir\u00e1n las puertas (12) del Parque Roca y la actividad (a\u00fan no fue especificada) comenzar\u00e1 a las 15.30.<\/p>\n<p><!-- Live Blog Post --><\/div>\n<p><a href=\"https:\/\/www.pagina12.com.ar\/786658-novak-djokovic-de-qatar-a-buenos-aires\">source<\/a><\/p>\n","protected":false},"excerpt":{"rendered":"<p>Novak Djokovic participar\u00e1 de una exhibici\u00f3n este domingo contra Juan Mart\u00edn Del Potro, en un&#8230;<\/p>\n","protected":false},"author":3,"featured_media":16639,"comment_status":"closed","ping_status":"closed","sticky":false,"template":"","format":"standard","meta":{"footnotes":""},"categories":[21],"tags":[],"class_list":["post-16638","post","type-post","status-publish","format-standard","has-post-thumbnail","hentry","category-deportes"],"featured_image_urls":{"full":["https:\/\/fmamiga909.com.ar\/wp-content\/uploads\/2024\/11\/wp-header-logo-414.png",0,0,false],"thumbnail":["https:\/\/fmamiga909.com.ar\/wp-content\/uploads\/2024\/11\/wp-header-logo-414.png",1,1,false],"medium":["https:\/\/fmamiga909.com.ar\/wp-content\/uploads\/2024\/11\/wp-header-logo-414.png",1,1,false],"medium_large":["https:\/\/fmamiga909.com.ar\/wp-content\/uploads\/2024\/11\/wp-header-logo-414.png",0,0,false],"large":["https:\/\/fmamiga909.com.ar\/wp-content\/uploads\/2024\/11\/wp-header-logo-414.png",1,1,false],"1536x1536":["https:\/\/fmamiga909.com.ar\/wp-content\/uploads\/2024\/11\/wp-header-logo-414.png",1,1,false],"2048x2048":["https:\/\/fmamiga909.com.ar\/wp-content\/uploads\/2024\/11\/wp-header-logo-414.png",1,1,false],"newsium-slider-full":["https:\/\/fmamiga909.com.ar\/wp-content\/uploads\/2024\/11\/wp-header-logo-414.png",1,1,false],"newsium-featured":["https:\/\/fmamiga909.com.ar\/wp-content\/uploads\/2024\/11\/wp-header-logo-414.png",1,1,false],"newsium-medium":["https:\/\/fmamiga909.com.ar\/wp-content\/uploads\/2024\/11\/wp-header-logo-414.png",1,1,false]},"author_info":{"display_name":"Fredy Giuliano","author_link":"https:\/\/fmamiga909.com.ar\/?author=3"},"category_info":"<a href=\"https:\/\/fmamiga909.com.ar\/?cat=21\" rel=\"category\">Deportes<\/a>","tag_info":"Deportes","comment_count":"0","_links":{"self":[{"href":"https:\/\/fmamiga909.com.ar\/index.php?rest_route=\/wp\/v2\/posts\/16638","targetHints":{"allow":["GET"]}}],"collection":[{"href":"https:\/\/fmamiga909.com.ar\/index.php?rest_route=\/wp\/v2\/posts"}],"about":[{"href":"https:\/\/fmamiga909.com.ar\/index.php?rest_route=\/wp\/v2\/types\/post"}],"author":[{"embeddable":true,"href":"https:\/\/fmamiga909.com.ar\/index.php?rest_route=\/wp\/v2\/users\/3"}],"replies":[{"embeddable":true,"href":"https:\/\/fmamiga909.com.ar\/index.php?rest_route=%2Fwp%2Fv2%2Fcomments&post=16638"}],"version-history":[{"count":0,"href":"https:\/\/fmamiga909.com.ar\/index.php?rest_route=\/wp\/v2\/posts\/16638\/revisions"}],"wp:featuredmedia":[{"embeddable":true,"href":"https:\/\/fmamiga909.com.ar\/index.php?rest_route=\/wp\/v2\/media\/16639"}],"wp:attachment":[{"href":"https:\/\/fmamiga909.com.ar\/index.php?rest_route=%2Fwp%2Fv2%2Fmedia&parent=16638"}],"wp:term":[{"taxonomy":"category","embeddable":true,"href":"https:\/\/fmamiga909.com.ar\/index.php?rest_route=%2Fwp%2Fv2%2Fcategories&post=16638"},{"taxonomy":"post_tag","embeddable":true,"href":"https:\/\/fmamiga909.com.ar\/index.php?rest_route=%2Fwp%2Fv2%2Ftags&post=16638"}],"curies":[{"name":"wp","href":"https:\/\/api.w.org\/{rel}","templated":true}]}}