{"id":16640,"date":"2024-11-29T22:34:20","date_gmt":"2024-11-29T22:34:20","guid":{"rendered":"https:\/\/fmamiga909.com.ar\/?p=16640"},"modified":"2024-11-29T22:34:20","modified_gmt":"2024-11-29T22:34:20","slug":"deyverson-y-vargas-se-cruzaron-en-la-practica-de-mineiro","status":"publish","type":"post","link":"https:\/\/fmamiga909.com.ar\/?p=16640","title":{"rendered":"Deyverson y Vargas se cruzaron en la pr\u00e1ctica de Mineiro"},"content":{"rendered":"<div><!-- Body --><\/p>\n<p>Dos de los delanteros de Atl\u00e9tico Mineiro, el brasile\u00f1o Deyverson y el chileno Eduardo Vargas, tuvieron un tenso cruce en el inicio de la pr\u00e1ctica que, gracias a la intervenci\u00f3n de sus compa\u00f1eros, no pas\u00f3 a mayores, a pocas horas de la final de la Copa Libertadores ante Botafogo en el estadio Monumental.<\/p>\n<p>Cuando los jugadores del equipo brasile\u00f1o estaban prepar\u00e1ndose para la pr\u00e1ctica en el predio de Boca, el chileno le dio una patada a modo de juego en la parte baja de la espalda al delantero carioca, algo que pas\u00f3 inadvertido por todos los presentes.<\/p>\n<p>No obstante, el goleador no estuvo contento con la acci\u00f3n del chileno y lo fue a buscar a un sector de conos en el c\u00e9sped, y tras forcejear para sacarle la pelota, tuvieron un leve intercambio de manos hasta que fueron separados por sus compa\u00f1eros.<\/p>\n<p>Vargas lo tom\u00f3 de la nuca mientras le hablaba, con un compa\u00f1ero de por medio, y Deyverson le respondi\u00f3, pero todo qued\u00f3 en la nada cuando el nacido en R\u00edo de Janeiro se fue corriendo del lugar.<\/p>\n<p>En la final que se llevar\u00e1 a cabo este 30 de noviembre, Atl\u00e9tico Mineiro, que es dirigido por el argentino Gabriel Milito, se medir\u00e1 frente al Botafogo, tambi\u00e9n de Brasil, en el estadio Monumental.<\/p>\n<p><!-- Live Blog Post --><\/div>\n<p><a href=\"https:\/\/www.pagina12.com.ar\/786645-deyverson-y-vargas-se-cruzaron-en-la-practica-de-mineiro\">source<\/a><\/p>\n","protected":false},"excerpt":{"rendered":"<p>Dos de los delanteros de Atl\u00e9tico Mineiro, el brasile\u00f1o Deyverson y el chileno Eduardo Vargas,&#8230;<\/p>\n","protected":false},"author":3,"featured_media":16641,"comment_status":"closed","ping_status":"closed","sticky":false,"template":"","format":"standard","meta":{"footnotes":""},"categories":[21],"tags":[],"class_list":["post-16640","post","type-post","status-publish","format-standard","has-post-thumbnail","hentry","category-deportes"],"featured_image_urls":{"full":["https:\/\/fmamiga909.com.ar\/wp-content\/uploads\/2024\/11\/wp-header-logo-415.png",960,540,false],"thumbnail":["https:\/\/fmamiga909.com.ar\/wp-content\/uploads\/2024\/11\/wp-header-logo-415-150x150.png",150,150,true],"medium":["https:\/\/fmamiga909.com.ar\/wp-content\/uploads\/2024\/11\/wp-header-logo-415-300x169.png",300,169,true],"medium_large":["https:\/\/fmamiga909.com.ar\/wp-content\/uploads\/2024\/11\/wp-header-logo-415.png",960,540,false],"large":["https:\/\/fmamiga909.com.ar\/wp-content\/uploads\/2024\/11\/wp-header-logo-415.png",640,360,false],"1536x1536":["https:\/\/fmamiga909.com.ar\/wp-content\/uploads\/2024\/11\/wp-header-logo-415.png",960,540,false],"2048x2048":["https:\/\/fmamiga909.com.ar\/wp-content\/uploads\/2024\/11\/wp-header-logo-415.png",960,540,false],"newsium-slider-full":["https:\/\/fmamiga909.com.ar\/wp-content\/uploads\/2024\/11\/wp-header-logo-415.png",960,540,false],"newsium-featured":["https:\/\/fmamiga909.com.ar\/wp-content\/uploads\/2024\/11\/wp-header-logo-415.png",960,540,false],"newsium-medium":["https:\/\/fmamiga909.com.ar\/wp-content\/uploads\/2024\/11\/wp-header-logo-415-720x475.png",720,475,true]},"author_info":{"display_name":"Fredy Giuliano","author_link":"https:\/\/fmamiga909.com.ar\/?author=3"},"category_info":"<a href=\"https:\/\/fmamiga909.com.ar\/?cat=21\" rel=\"category\">Deportes<\/a>","tag_info":"Deportes","comment_count":"0","_links":{"self":[{"href":"https:\/\/fmamiga909.com.ar\/index.php?rest_route=\/wp\/v2\/posts\/16640","targetHints":{"allow":["GET"]}}],"collection":[{"href":"https:\/\/fmamiga909.com.ar\/index.php?rest_route=\/wp\/v2\/posts"}],"about":[{"href":"https:\/\/fmamiga909.com.ar\/index.php?rest_route=\/wp\/v2\/types\/post"}],"author":[{"embeddable":true,"href":"https:\/\/fmamiga909.com.ar\/index.php?rest_route=\/wp\/v2\/users\/3"}],"replies":[{"embeddable":true,"href":"https:\/\/fmamiga909.com.ar\/index.php?rest_route=%2Fwp%2Fv2%2Fcomments&post=16640"}],"version-history":[{"count":0,"href":"https:\/\/fmamiga909.com.ar\/index.php?rest_route=\/wp\/v2\/posts\/16640\/revisions"}],"wp:featuredmedia":[{"embeddable":true,"href":"https:\/\/fmamiga909.com.ar\/index.php?rest_route=\/wp\/v2\/media\/16641"}],"wp:attachment":[{"href":"https:\/\/fmamiga909.com.ar\/index.php?rest_route=%2Fwp%2Fv2%2Fmedia&parent=16640"}],"wp:term":[{"taxonomy":"category","embeddable":true,"href":"https:\/\/fmamiga909.com.ar\/index.php?rest_route=%2Fwp%2Fv2%2Fcategories&post=16640"},{"taxonomy":"post_tag","embeddable":true,"href":"https:\/\/fmamiga909.com.ar\/index.php?rest_route=%2Fwp%2Fv2%2Ftags&post=16640"}],"curies":[{"name":"wp","href":"https:\/\/api.w.org\/{rel}","templated":true}]}}